{"id":315715,"date":"2026-04-27T12:56:07","date_gmt":"2026-04-27T09:56:07","guid":{"rendered":"https:\/\/www.tgrthaber.com\/mavikadin\/?p=315715"},"modified":"2026-04-27T12:56:08","modified_gmt":"2026-04-27T09:56:08","slug":"hulya-duyar-doganin-kanunu-dizisinde-adile-karakteriyle-izleyici-karsisina-cikacak","status":"publish","type":"post","link":"https:\/\/www.tgrthaber.com\/mavikadin\/hulya-duyar-doganin-kanunu-dizisinde-adile-karakteriyle-izleyici-karsisina-cikacak\/","title":{"rendered":"H\u00fclya Duyar Do\u011fa&#8217;n\u0131n Kanunu dizisinde! Adile karakteriyle izleyici kar\u015f\u0131s\u0131na \u00e7\u0131kacak"},"content":{"rendered":"<p>H\u00fclya Duyar, yaz dizisi olarak ekranlara gelecek olan Do\u011fa\u2019n\u0131n Kanunu dizisine dahil oldu. Haz\u0131rl\u0131klar\u0131na t\u00fcm h\u0131z\u0131yla devam edilen iddial\u0131 yaz projesi etkileyici hikayesi ve g\u00fc\u00e7l\u00fc oyuncu kadrosuyla dikkatleri \u00fczerine \u00e7ekmeyi ba\u015fard\u0131. \u015eimdiden yaz ak\u015famlar\u0131na yeni bir soluk getirecek olan Do\u011fa\u2019n\u0131n Kanunu dizisinde H\u00fclya Duyar\u2019\u0131n \u2018Adile\u2019 karakteriyle izleyici kar\u015f\u0131s\u0131na \u00e7\u0131kaca\u011f\u0131 duyuruldu. Televizyon ekranlar\u0131n\u0131n yeni iddial\u0131 projeleri aras\u0131nda yer alacak Do\u011fa\u2019n\u0131n Kanunu dizisi oyuncu kadrosuyla \u015fimdiden merak uyand\u0131rd\u0131. \u015eimdilerde K\u0131skanmak dizisinde \u2018D\u00f6nd\u00fc\u2019 karakteriyle ekranlarda yerini alan H\u00fclya Duyar\u2019\u0131n, Do\u011fa\u2019n\u0131n Kanunu dizisinde nas\u0131l bir performans sergileyece\u011fi de merak konusu oldu.<\/p>\n<h3>H\u00dcLYA DUYAR DO\u011eA&#8217;NIN KANUNU D\u0130Z\u0130S\u0130NDE!<\/h3>\n<p>H\u00fclya Duyar, romantik komedi t\u00fcr\u00fcnde izleyici kar\u015f\u0131s\u0131na \u00e7\u0131kacak olan <a href=\"https:\/\/www.tgrthaber.com\/medya\/doganin-kanunu-dizi-konusu-nedir-doganin-kanunu-dizi-oyunculari-kimler-3295795\">Do\u011fa\u2019n\u0131n Kanunu<\/a> dizisinin oyuncu kadrosuna dahil oldu. G\u00fc\u00e7l\u00fc oyuncu kadrosu ve etkileyici hikayesiyle dikkatleri \u00fczerine \u00e7eken Do\u011fa\u2019n\u0131n Kanunu dizisinin oyuncu kadrosu yava\u015f yava\u015f tamamlanmaya ba\u015flad\u0131. Hen\u00fcz haz\u0131rl\u0131k a\u015famas\u0131nda olan iddial\u0131 projenin yaz aylar\u0131nda ekranlarda yerini alaca\u011f\u0131 \u00f6\u011frenildi.<\/p>\n<p><img loading=\"lazy\" decoding=\"async\" class=\"size-full wp-image-315720\" src=\"https:\/\/www.tgrthaber.com\/mavikadin\/wp-content\/uploads\/2026\/04\/Hulya-Duyar-1.jpg\" alt=\"H\u00fclya Duyar Do\u011fa&#039;n\u0131n Kanunu dizisinde! Adile karakteriyle izleyici kar\u015f\u0131s\u0131na \u00e7\u0131kacak\" width=\"1208\" height=\"680\" title=\"\" srcset=\"https:\/\/www.tgrthaber.com\/mavikadin\/wp-content\/uploads\/2026\/04\/Hulya-Duyar-1.jpg 1208w, https:\/\/www.tgrthaber.com\/mavikadin\/wp-content\/uploads\/2026\/04\/Hulya-Duyar-1-300x169.jpg 300w, https:\/\/www.tgrthaber.com\/mavikadin\/wp-content\/uploads\/2026\/04\/Hulya-Duyar-1-1024x576.jpg 1024w, https:\/\/www.tgrthaber.com\/mavikadin\/wp-content\/uploads\/2026\/04\/Hulya-Duyar-1-768x432.jpg 768w\" sizes=\"(max-width: 1208px) 100vw, 1208px\" \/><\/p>\n<hr \/>\n<p>Senaryosunu Bar\u0131\u015f Erdo\u011fan ve \u0130lker Arslan\u2019\u0131n kaleme ald\u0131\u011f\u0131 yeni yaz dizisi Do\u011fa\u2019n\u0131n Kanunu\u2019na ba\u015far\u0131l\u0131 oyuncu H\u00fclya Uyar dahil oldu. Star TV ekranlar\u0131 i\u00e7in \u00e7ekilecek olan yeni iddial\u0131 projenin \u00e7ekimlerine may\u0131s ay\u0131n\u0131n 2. haftas\u0131nda \u0130stanbul\u2019da ba\u015flanaca\u011f\u0131 duyuruldu. \u0130stanbul \u00e7ekimlerinin ard\u0131ndan Urla\u2019da \u00e7ekimlerine devam edilecek olan Do\u011fa\u2019n\u0131n Kanunu dizisi, Ay Yap\u0131m imzas\u0131yla seyirci kar\u015f\u0131s\u0131na \u00e7\u0131kacak.<\/p>\n<p><img loading=\"lazy\" decoding=\"async\" class=\"size-full wp-image-315719\" src=\"https:\/\/www.tgrthaber.com\/mavikadin\/wp-content\/uploads\/2026\/04\/Hulya-Duyar-5.jpg\" alt=\"H\u00fclya Duyar Do\u011fa&#039;n\u0131n Kanunu dizisinde! Adile karakteriyle izleyici kar\u015f\u0131s\u0131na \u00e7\u0131kacak\" width=\"1208\" height=\"680\" title=\"\" srcset=\"https:\/\/www.tgrthaber.com\/mavikadin\/wp-content\/uploads\/2026\/04\/Hulya-Duyar-5.jpg 1208w, https:\/\/www.tgrthaber.com\/mavikadin\/wp-content\/uploads\/2026\/04\/Hulya-Duyar-5-300x169.jpg 300w, https:\/\/www.tgrthaber.com\/mavikadin\/wp-content\/uploads\/2026\/04\/Hulya-Duyar-5-1024x576.jpg 1024w, https:\/\/www.tgrthaber.com\/mavikadin\/wp-content\/uploads\/2026\/04\/Hulya-Duyar-5-768x432.jpg 768w\" sizes=\"(max-width: 1208px) 100vw, 1208px\" \/><\/p>\n<hr \/>\n<p>Alperen Duymaz, \u00d6zge Ya\u011f\u0131z ve Hakan Y\u0131lmaz gibi birbirinden ba\u015far\u0131l\u0131 isimlerin yer alaca\u011f\u0131 Do\u011fa\u2019n\u0131n Kanunu dizisine son olarak usta ve ba\u015far\u0131l\u0131 oyuncu H\u00fclya Duyar, kat\u0131ld\u0131. Oyuncu g\u00f6r\u00fc\u015fmeleri hen\u00fcz devam eden dizinin etkileyici hikayesi ve g\u00fc\u00e7l\u00fc oyuncu kadrosu izleyicide b\u00fcy\u00fck bir heyecan olu\u015fturdu.<\/p>\n<p><img loading=\"lazy\" decoding=\"async\" class=\"size-full wp-image-315718\" src=\"https:\/\/www.tgrthaber.com\/mavikadin\/wp-content\/uploads\/2026\/04\/Hulya-Duyar-4.jpg\" alt=\"H\u00fclya Duyar Do\u011fa&#039;n\u0131n Kanunu dizisinde! Adile karakteriyle izleyici kar\u015f\u0131s\u0131na \u00e7\u0131kacak\" width=\"1208\" height=\"680\" title=\"\" srcset=\"https:\/\/www.tgrthaber.com\/mavikadin\/wp-content\/uploads\/2026\/04\/Hulya-Duyar-4.jpg 1208w, https:\/\/www.tgrthaber.com\/mavikadin\/wp-content\/uploads\/2026\/04\/Hulya-Duyar-4-300x169.jpg 300w, https:\/\/www.tgrthaber.com\/mavikadin\/wp-content\/uploads\/2026\/04\/Hulya-Duyar-4-1024x576.jpg 1024w, https:\/\/www.tgrthaber.com\/mavikadin\/wp-content\/uploads\/2026\/04\/Hulya-Duyar-4-768x432.jpg 768w\" sizes=\"(max-width: 1208px) 100vw, 1208px\" \/><\/p>\n<hr \/>\n<h3>H\u00dcLYA DUYAR DO\u011eA&#8217;NIN KANUNU D\u0130Z\u0130S\u0130NDE AD\u0130LE KARAKTER\u0130YLE \u0130ZLEY\u0130C\u0130 KAR\u015eISINA \u00c7IKACAK!<\/h3>\n<p>\u015eimdilerde NOW TV ekranlar\u0131nda yay\u0131nlanan K\u0131skanmak dizisinde \u2018D\u00f6nd\u00fc\u2019 karakteriyle izleyici kar\u015f\u0131s\u0131na \u00e7\u0131kan H\u00fclya Duyar, <a href=\"https:\/\/www.tgrthaber.com\/medya\/doganin-kanunu-dizi-konusu-nedir-doganin-kanunu-dizi-oyunculari-kimler-3295795\">Do\u011fa\u2019n\u0131n Kanunu<\/a> dizisinin oyuncu kadrosuna dahil oldu. Oyunculuk kariyeri boyunca bir\u00e7ok farkl\u0131 projede yer alan Duyar, bu kez Star TV ekranlar\u0131nda yerini alacak. \u00d6zellikle Yal\u0131 \u00c7apk\u0131n\u0131 dizisinde \u2018\u015eefika\u2019 karakteriyle dikkatleri \u00fczerine \u00e7eken \u00fcnl\u00fc oyuncu, bamba\u015fka bir rolle seyirciyle bulu\u015facak.<\/p>\n<p><img loading=\"lazy\" decoding=\"async\" class=\"size-full wp-image-315717\" src=\"https:\/\/www.tgrthaber.com\/mavikadin\/wp-content\/uploads\/2026\/04\/Hulya-Duyar-3.jpg\" alt=\"H\u00fclya Duyar Do\u011fa&#039;n\u0131n Kanunu dizisinde! Adile karakteriyle izleyici kar\u015f\u0131s\u0131na \u00e7\u0131kacak\" width=\"1208\" height=\"680\" title=\"\" srcset=\"https:\/\/www.tgrthaber.com\/mavikadin\/wp-content\/uploads\/2026\/04\/Hulya-Duyar-3.jpg 1208w, https:\/\/www.tgrthaber.com\/mavikadin\/wp-content\/uploads\/2026\/04\/Hulya-Duyar-3-300x169.jpg 300w, https:\/\/www.tgrthaber.com\/mavikadin\/wp-content\/uploads\/2026\/04\/Hulya-Duyar-3-1024x576.jpg 1024w, https:\/\/www.tgrthaber.com\/mavikadin\/wp-content\/uploads\/2026\/04\/Hulya-Duyar-3-768x432.jpg 768w\" sizes=\"(max-width: 1208px) 100vw, 1208px\" \/><\/p>\n<hr \/>\n<p>Gazeteci Birsen Altunta\u015f\u2019\u0131n haberine g\u00f6re; son olarak 19 May\u0131s&#8217;ta ekrana veda edecek olan K\u0131skanma dizisiyle seyirci kar\u015f\u0131s\u0131na \u00e7\u0131kan \u00fcnl\u00fc oyuncu H\u00fclya Duyar, Do\u011fa\u2019n\u0131n Kanunu dizisinde Adile karakterini \u00fcstelenecek. Duyar, merakla beklenen dizide Do\u011fa\u2019n\u0131n bebekli\u011finden beri \u00fczerine titreyen dad\u0131s\u0131 olarak yer alacak.<\/p>\n","protected":false},"excerpt":{"rendered":"<p>Ba\u015far\u0131l\u0131 oyunculu\u011fuyla dikkatleri \u00fczerine \u00e7eken H\u00fclya Duyar, yeni yaz dizisi Do\u011fa\u2019n\u0131n Kanunu dizisine dahil oldu. \u00dcnl\u00fc oyuncunun merakla beklenen dizide \u2018Adile\u2019 karakteriyle izleyici kar\u015f\u0131s\u0131na \u00e7\u0131kaca\u011f\u0131 duyuruldu. \u0130\u015fte detaylar\u2026<\/p>\n","protected":false},"author":26,"featured_media":315716,"comment_status":"closed","ping_status":"closed","sticky":false,"template":"","format":"standard","meta":{"rank_math_lock_modified_date":false,"footnotes":""},"categories":[602],"tags":[32159,2628,74037,74119,48198],"class_list":["post-315715","post","type-post","status-publish","format-standard","has-post-thumbnail","hentry","category-diziler","tag-dizi","tag-dizi-haberleri","tag-doganin-kanunu","tag-doganin-kanunu-adile","tag-hulya-duyar"],"_links":{"self":[{"href":"https:\/\/www.tgrthaber.com\/mavikadin\/wp-json\/wp\/v2\/posts\/315715"}],"collection":[{"href":"https:\/\/www.tgrthaber.com\/mavikadin\/wp-json\/wp\/v2\/posts"}],"about":[{"href":"https:\/\/www.tgrthaber.com\/mavikadin\/wp-json\/wp\/v2\/types\/post"}],"author":[{"embeddable":true,"href":"https:\/\/www.tgrthaber.com\/mavikadin\/wp-json\/wp\/v2\/users\/26"}],"replies":[{"embeddable":true,"href":"https:\/\/www.tgrthaber.com\/mavikadin\/wp-json\/wp\/v2\/comments?post=315715"}],"version-history":[{"count":2,"href":"https:\/\/www.tgrthaber.com\/mavikadin\/wp-json\/wp\/v2\/posts\/315715\/revisions"}],"predecessor-version":[{"id":315722,"href":"https:\/\/www.tgrthaber.com\/mavikadin\/wp-json\/wp\/v2\/posts\/315715\/revisions\/315722"}],"wp:featuredmedia":[{"embeddable":true,"href":"https:\/\/www.tgrthaber.com\/mavikadin\/wp-json\/wp\/v2\/media\/315716"}],"wp:attachment":[{"href":"https:\/\/www.tgrthaber.com\/mavikadin\/wp-json\/wp\/v2\/media?parent=315715"}],"wp:term":[{"taxonomy":"category","embeddable":true,"href":"https:\/\/www.tgrthaber.com\/mavikadin\/wp-json\/wp\/v2\/categories?post=315715"},{"taxonomy":"post_tag","embeddable":true,"href":"https:\/\/www.tgrthaber.com\/mavikadin\/wp-json\/wp\/v2\/tags?post=315715"}],"curies":[{"name":"wp","href":"https:\/\/api.w.org\/{rel}","templated":true}]}}