{"id":315725,"date":"2026-04-27T13:43:54","date_gmt":"2026-04-27T10:43:54","guid":{"rendered":"https:\/\/www.tgrthaber.com\/mavikadin\/?p=315725"},"modified":"2026-04-27T13:43:54","modified_gmt":"2026-04-27T10:43:54","slug":"sabun-cevizi-nedir-ne-ise-yarar-sabun-cevizi-turkiyede-yetisir-mi","status":"publish","type":"post","link":"https:\/\/www.tgrthaber.com\/mavikadin\/sabun-cevizi-nedir-ne-ise-yarar-sabun-cevizi-turkiyede-yetisir-mi\/","title":{"rendered":"Sabun cevizi nedir ne i\u015fe yarar? Sabun cevizi T\u00fcrkiye&#8217;de yeti\u015fir mi?"},"content":{"rendered":"<p>Son zamanlarda kimyasal \u00fcr\u00fcn kullanmak istemeyenler ya da do\u011fal ya\u015fam\u0131 hayat\u0131na adapte etmeye \u00e7al\u0131\u015fan ki\u015filer, do\u011fal i\u00e7erikli \u00fcr\u00fcnlere y\u00f6neliyorlar. \u00d6zellikle de \u00e7evre dostu ve ekonomik bak\u0131mdan olduk\u00e7a dikkat edilen \u00fcr\u00fcnler, temiz i\u00e7erikleriyle de herkesin favorisi oluyor. Cilt bak\u0131m\u0131ndan temizlik \u00fcr\u00fcn\u00fcne kadar pek \u00e7ok alanda sevilerek kullan\u0131lan do\u011fal \u00fcr\u00fcnler, sa\u011fl\u0131k \u00fczerinde de k\u00f6t\u00fc bir etki olu\u015fturmuyor. Bizde sizin i\u00e7in son y\u0131llarda olduk\u00e7a me\u015fhur olan hemen hemen her evde bulunmas\u0131 gereken <a href=\"https:\/\/www.tgrthaber.com\/mavikadin\/beyaz-sabunu-rendeleyin-iste-anadolu-kadinlarinin-sirri\/\">sabun<\/a> cevizi hakk\u0131nda bilinmeyenleri ara\u015ft\u0131rd\u0131k. Peki, Sabun cevizi nedir ne i\u015fe yarar? Sabun cevizi T\u00fcrkiye&#8217;de yeti\u015fir mi? sorular\u0131n\u0131n cevaplar\u0131 ve daha fazlas\u0131 haberimizde\u2026<\/p>\n<h3>SABUN CEV\u0130Z\u0130 NED\u0130R?<\/h3>\n<p>Sabun cevizi ya da <a href=\"https:\/\/www.tgrthaber.com\/mavikadin\/arap-sabunu-camasir-sodasi-ve-sicak-suyla-kirece-veda-edin-2026-yilinin-temizlik-icadi\/\">sabun<\/a> f\u0131nd\u0131\u011f\u0131 olarak da bilinen bir meyvedir. \u00d6zellikle de Himalaya Da\u011flar\u0131\u2019n\u0131n bulundu\u011fu b\u00f6lgelerde kendi kendine yeti\u015fir. Kendi kendine yeti\u015febilme \u00f6zelli\u011fi bulunan sabun cevizinin bir\u00e7ok alanda da kullanabildi\u011fini de s\u00f6yleyebiliriz. B\u00f6lge de ya\u015fayan yerli halk taraf\u0131ndan toplanan ve g\u00fcne\u015f alt\u0131na kurutulan bir meyvedir.<\/p>\n<p><img loading=\"lazy\" decoding=\"async\" class=\"alignnone size-full wp-image-315739\" src=\"https:\/\/www.tgrthaber.com\/mavikadin\/wp-content\/uploads\/2026\/04\/sabun-cevizi-9.jpg\" alt=\"Sabun cevizi nedir ne i\u015fe yarar? Sabun cevizi T\u00fcrkiye&#039;de yeti\u015fir mi?\" width=\"1208\" height=\"680\" title=\"\" srcset=\"https:\/\/www.tgrthaber.com\/mavikadin\/wp-content\/uploads\/2026\/04\/sabun-cevizi-9.jpg 1208w, https:\/\/www.tgrthaber.com\/mavikadin\/wp-content\/uploads\/2026\/04\/sabun-cevizi-9-300x169.jpg 300w, https:\/\/www.tgrthaber.com\/mavikadin\/wp-content\/uploads\/2026\/04\/sabun-cevizi-9-1024x576.jpg 1024w, https:\/\/www.tgrthaber.com\/mavikadin\/wp-content\/uploads\/2026\/04\/sabun-cevizi-9-768x432.jpg 768w\" sizes=\"(max-width: 1208px) 100vw, 1208px\" \/><\/p>\n<hr \/>\n<p>Do\u011fal yap\u0131s\u0131yla meyvelerin en g\u00fc\u00e7l\u00fc olanlar\u0131ndan biri olan sabun cevizi, \u00e7e\u015fitli alanlarda da fayda sa\u011flar. Haz\u0131rlanmas\u0131 son derece kolay olan sabun cevizi meyvesi, pek \u00e7ok alanda kullan\u0131m\u0131yla da dikkat \u00e7ekiyor. Sa\u00e7 bak\u0131m\u0131 \u00fcr\u00fcn\u00fcnden cilt bak\u0131m\u0131na, temizlik \u00fcr\u00fcnden kozmeti\u011fe kadar kullan\u0131labiliyor.<\/p>\n<p><img loading=\"lazy\" decoding=\"async\" class=\"alignnone size-full wp-image-315738\" src=\"https:\/\/www.tgrthaber.com\/mavikadin\/wp-content\/uploads\/2026\/04\/sabun-cevizi-8.jpg\" alt=\"Sabun cevizi nedir ne i\u015fe yarar? Sabun cevizi T\u00fcrkiye&#039;de yeti\u015fir mi?\" width=\"1208\" height=\"680\" title=\"\" srcset=\"https:\/\/www.tgrthaber.com\/mavikadin\/wp-content\/uploads\/2026\/04\/sabun-cevizi-8.jpg 1208w, https:\/\/www.tgrthaber.com\/mavikadin\/wp-content\/uploads\/2026\/04\/sabun-cevizi-8-300x169.jpg 300w, https:\/\/www.tgrthaber.com\/mavikadin\/wp-content\/uploads\/2026\/04\/sabun-cevizi-8-1024x576.jpg 1024w, https:\/\/www.tgrthaber.com\/mavikadin\/wp-content\/uploads\/2026\/04\/sabun-cevizi-8-768x432.jpg 768w\" sizes=\"(max-width: 1208px) 100vw, 1208px\" \/><\/p>\n<hr \/>\n<p>Sabun cevizi ek malzemelerle birlikte sadece birka\u00e7 ad\u0131mda kolayl\u0131kla haz\u0131rlan\u0131p kullan\u0131labilir. Ancak meyve olan sabun cevizi kesinlikle yenmemesi laz\u0131md\u0131r. \u00c7\u00fcnk\u00fc meyve olarak bilinse de asl\u0131nda temizlik alan\u0131nda kullan\u0131lan bir bitkidir.<\/p>\n<h3><img loading=\"lazy\" decoding=\"async\" class=\"alignnone size-full wp-image-315736\" src=\"https:\/\/www.tgrthaber.com\/mavikadin\/wp-content\/uploads\/2026\/04\/sabun-cevizi-5.jpg\" alt=\"Sabun cevizi nedir ne i\u015fe yarar? Sabun cevizi T\u00fcrkiye&#039;de yeti\u015fir mi?\" width=\"1208\" height=\"680\" title=\"\" srcset=\"https:\/\/www.tgrthaber.com\/mavikadin\/wp-content\/uploads\/2026\/04\/sabun-cevizi-5.jpg 1208w, https:\/\/www.tgrthaber.com\/mavikadin\/wp-content\/uploads\/2026\/04\/sabun-cevizi-5-300x169.jpg 300w, https:\/\/www.tgrthaber.com\/mavikadin\/wp-content\/uploads\/2026\/04\/sabun-cevizi-5-1024x576.jpg 1024w, https:\/\/www.tgrthaber.com\/mavikadin\/wp-content\/uploads\/2026\/04\/sabun-cevizi-5-768x432.jpg 768w\" sizes=\"(max-width: 1208px) 100vw, 1208px\" \/><\/h3>\n<hr \/>\n<h3>SABUN CEV\u0130Z\u0130 NE \u0130\u015eE YARAR?<\/h3>\n<p>Sabun cevizi ne i\u015fe yarar? Sorusu son zamanlarda olduk\u00e7a merak edilerek ara\u015ft\u0131r\u0131l\u0131yor. Temizlikten bak\u0131m \u00fcr\u00fcnlerine kadar pek \u00e7ok alanda kullan\u0131lan sabun cevizi, \u00e7e\u015fitli alanlarda kullan\u0131m\u0131yla dikkat \u00e7ekiyor. Ancak sizler i\u00e7in sabun cevizinin kullan\u0131m alanlar\u0131 s\u0131ralayacak olursak;<\/p>\n<ul>\n<li>Temizlik amac\u0131yla,<\/li>\n<li>Bulant\u0131 sorununda,<\/li>\n<li>Ba\u015f a\u011fr\u0131s\u0131 durumlar\u0131nda,<\/li>\n<li>So\u011fuk alg\u0131nl\u0131\u011f\u0131 durumunda,<\/li>\n<li>Cilt bak\u0131mlar\u0131n\u0131n hepsinde kullan\u0131l\u0131r.<\/li>\n<\/ul>\n<h3><img loading=\"lazy\" decoding=\"async\" class=\"alignnone size-full wp-image-315735\" src=\"https:\/\/www.tgrthaber.com\/mavikadin\/wp-content\/uploads\/2026\/04\/sabun-cevizi-4.jpg\" alt=\"Sabun cevizi nedir ne i\u015fe yarar? Sabun cevizi T\u00fcrkiye&#039;de yeti\u015fir mi?\" width=\"1208\" height=\"680\" title=\"\" srcset=\"https:\/\/www.tgrthaber.com\/mavikadin\/wp-content\/uploads\/2026\/04\/sabun-cevizi-4.jpg 1208w, https:\/\/www.tgrthaber.com\/mavikadin\/wp-content\/uploads\/2026\/04\/sabun-cevizi-4-300x169.jpg 300w, https:\/\/www.tgrthaber.com\/mavikadin\/wp-content\/uploads\/2026\/04\/sabun-cevizi-4-1024x576.jpg 1024w, https:\/\/www.tgrthaber.com\/mavikadin\/wp-content\/uploads\/2026\/04\/sabun-cevizi-4-768x432.jpg 768w\" sizes=\"(max-width: 1208px) 100vw, 1208px\" \/><\/h3>\n<hr \/>\n<h3>SABUN CEV\u0130Z\u0130 NASIL KULLANILIR?<\/h3>\n<p>Sabun cevizi sa\u011fl\u0131ktan ba\u015flay\u0131p her alanda kullan\u0131labilen bir meyve olmas\u0131yla dikkat \u00e7eker. K\u00fc\u00e7\u00fck top top \u015feklinde sat\u0131lan sabun cevizini ister ald\u0131\u011f\u0131n\u0131z gibi kullanabilir, isterseniz de s\u0131v\u0131s\u0131n\u0131 yaparak s\u0131v\u0131 bir halde de kullanabilirsiniz. E\u011fer s\u0131v\u0131 halde kullanmak isterseniz de yapman\u0131z gerekenler \u00e7ok basit.<\/p>\n<p><img loading=\"lazy\" decoding=\"async\" class=\"alignnone size-full wp-image-315734\" src=\"https:\/\/www.tgrthaber.com\/mavikadin\/wp-content\/uploads\/2026\/04\/sabun-cevizi-3.jpg\" alt=\"Sabun cevizi nedir ne i\u015fe yarar? Sabun cevizi T\u00fcrkiye&#039;de yeti\u015fir mi?\" width=\"1208\" height=\"680\" title=\"\" srcset=\"https:\/\/www.tgrthaber.com\/mavikadin\/wp-content\/uploads\/2026\/04\/sabun-cevizi-3.jpg 1208w, https:\/\/www.tgrthaber.com\/mavikadin\/wp-content\/uploads\/2026\/04\/sabun-cevizi-3-300x169.jpg 300w, https:\/\/www.tgrthaber.com\/mavikadin\/wp-content\/uploads\/2026\/04\/sabun-cevizi-3-1024x576.jpg 1024w, https:\/\/www.tgrthaber.com\/mavikadin\/wp-content\/uploads\/2026\/04\/sabun-cevizi-3-768x432.jpg 768w\" sizes=\"(max-width: 1208px) 100vw, 1208px\" \/><\/p>\n<hr \/>\n<ul>\n<li>Bir tencereye bir litre kadar su koyun.<\/li>\n<li>\u0130\u00e7erisinde de 10 adet sabun cevizi ekleyin.<\/li>\n<li>Sabun cevizini de ekledikten sonran kaynatmaya b\u0131rak\u0131n.<\/li>\n<li>Kaynayan tencereyi kenara alarak so\u011futun.<\/li>\n<li>So\u011fuyan kar\u0131\u015f\u0131m\u0131n i\u00e7erisinde cevizleri de \u00e7\u0131kartarak suyu s\u00fcz\u00fcn ve bir \u015fi\u015feye bo\u015falt\u0131n.<\/li>\n<li>Elde etti\u011finiz suyu istedi\u011finiz alanda rahatl\u0131kla kullanabilirsiniz.<\/li>\n<\/ul>\n<h3><img loading=\"lazy\" decoding=\"async\" class=\"alignnone size-full wp-image-315733\" src=\"https:\/\/www.tgrthaber.com\/mavikadin\/wp-content\/uploads\/2026\/04\/sabun-cevizi-2.jpg\" alt=\"Sabun cevizi nedir ne i\u015fe yarar? Sabun cevizi T\u00fcrkiye&#039;de yeti\u015fir mi?\" width=\"1208\" height=\"680\" title=\"\" srcset=\"https:\/\/www.tgrthaber.com\/mavikadin\/wp-content\/uploads\/2026\/04\/sabun-cevizi-2.jpg 1208w, https:\/\/www.tgrthaber.com\/mavikadin\/wp-content\/uploads\/2026\/04\/sabun-cevizi-2-300x169.jpg 300w, https:\/\/www.tgrthaber.com\/mavikadin\/wp-content\/uploads\/2026\/04\/sabun-cevizi-2-1024x576.jpg 1024w, https:\/\/www.tgrthaber.com\/mavikadin\/wp-content\/uploads\/2026\/04\/sabun-cevizi-2-768x432.jpg 768w\" sizes=\"(max-width: 1208px) 100vw, 1208px\" \/><\/h3>\n<hr \/>\n<h3>SABUN CEV\u0130Z\u0130 T\u00dcRK\u0130YE&#8217;DE YET\u0130\u015e\u0130R M\u0130?<\/h3>\n<p>Sabun cevizi 2018 y\u0131l\u0131ndan beri T\u00fcrkiye\u2019de yeti\u015ftiriliyor. T\u00fcrk,ye&#8217;de Adana b\u00f6lgesinde hasad\u0131 yap\u0131l\u0131yor. E\u011fer sizde sabun a\u011fac\u0131 dikmek ister ya da bu yeti\u015fmenin nas\u0131l oldu\u011fu bilmek isterseniz sizlere anlatal\u0131m.<\/p>\n<p><img loading=\"lazy\" decoding=\"async\" class=\"alignnone size-full wp-image-315731\" src=\"https:\/\/www.tgrthaber.com\/mavikadin\/wp-content\/uploads\/2026\/04\/sabun-cevizi-7.jpg\" alt=\"Sabun cevizi nedir ne i\u015fe yarar? Sabun cevizi T\u00fcrkiye&#039;de yeti\u015fir mi?\" width=\"1208\" height=\"680\" title=\"\" srcset=\"https:\/\/www.tgrthaber.com\/mavikadin\/wp-content\/uploads\/2026\/04\/sabun-cevizi-7.jpg 1208w, https:\/\/www.tgrthaber.com\/mavikadin\/wp-content\/uploads\/2026\/04\/sabun-cevizi-7-300x169.jpg 300w, https:\/\/www.tgrthaber.com\/mavikadin\/wp-content\/uploads\/2026\/04\/sabun-cevizi-7-1024x576.jpg 1024w, https:\/\/www.tgrthaber.com\/mavikadin\/wp-content\/uploads\/2026\/04\/sabun-cevizi-7-768x432.jpg 768w\" sizes=\"(max-width: 1208px) 100vw, 1208px\" \/><\/p>\n<hr \/>\n<p>Sabun cevizi fidan\u0131n dikildikten sonra k\u00f6kleme s\u00fcrecini tamamlamas\u0131 gerekiyor. Tabi bu s\u00fcre i\u00e7erinde de olduk\u00e7a dikkatli ve titiz bir bak\u0131m gerekiyor. \u0130lk y\u0131llarda d\u00fczenli g\u00fcbreleme ile b\u00fcy\u00fcmesi te\u015fvik ediliyor. Burada unutmaman\u0131z gerekenlerden biri de yeti\u015fkin hale geldi\u011finde daha az bak\u0131m istemeleridir. Sadece mevsimsel olarak budama ve ara s\u0131ra g\u00fcbreleme i\u015flemi yap\u0131lmal\u0131d\u0131r.<\/p>\n","protected":false},"excerpt":{"rendered":"<p>G\u00fcn\u00fcm\u00fczde cilt bak\u0131mlar\u0131ndan ba\u015flay\u0131p bir\u00e7ok konuda do\u011fal y\u00f6ntemler art\u0131k kullan\u0131lmaya ba\u015fland\u0131. \u00d6zellikle de son y\u0131llarda art\u0131\u015f g\u00f6steren bu durum, do\u011fal ya\u015fam\u0131 sevenler ve kimyasal i\u00e7ermeyen temizlik \u00fcr\u00fcnlerine dokunmak istemeyen ya da kullanmak istemeyen ki\u015filer taraf\u0131ndan olduk\u00e7a g\u00fcndemde. Sizde temizlikten bak\u0131mlara kadar do\u011fal i\u00e7erik mi kullanmak istiyorsunuz? Peki, Sabun cevizi nedir ne i\u015fe yarar? Sabun cevizi T\u00fcrkiye&#8217;de yeti\u015fir mi? O halde bu haber tamda siz g\u00f6re. \u00c7\u00fcnk\u00fc temiz i\u00e7eri\u011fi sayesinde en temiz \u00fcr\u00fcnlerden biri olan sabun cevizini sizin i\u00e7in ara\u015ft\u0131rd\u0131k. \u0130\u015fte detaylar\u2026.<\/p>\n","protected":false},"author":34,"featured_media":315732,"comment_status":"closed","ping_status":"closed","sticky":false,"template":"","format":"standard","meta":{"rank_math_lock_modified_date":false,"footnotes":""},"categories":[78],"tags":[74121,74123,74124,74122],"class_list":["post-315725","post","type-post","status-publish","format-standard","has-post-thumbnail","hentry","category-yasam","tag-sabun-cevizi","tag-sabun-cevizi-kullanim-alanlari","tag-sabun-cevizi-ne-ise-yarar","tag-sabun-cevizi-nedir"],"_links":{"self":[{"href":"https:\/\/www.tgrthaber.com\/mavikadin\/wp-json\/wp\/v2\/posts\/315725"}],"collection":[{"href":"https:\/\/www.tgrthaber.com\/mavikadin\/wp-json\/wp\/v2\/posts"}],"about":[{"href":"https:\/\/www.tgrthaber.com\/mavikadin\/wp-json\/wp\/v2\/types\/post"}],"author":[{"embeddable":true,"href":"https:\/\/www.tgrthaber.com\/mavikadin\/wp-json\/wp\/v2\/users\/34"}],"replies":[{"embeddable":true,"href":"https:\/\/www.tgrthaber.com\/mavikadin\/wp-json\/wp\/v2\/comments?post=315725"}],"version-history":[{"count":1,"href":"https:\/\/www.tgrthaber.com\/mavikadin\/wp-json\/wp\/v2\/posts\/315725\/revisions"}],"predecessor-version":[{"id":315743,"href":"https:\/\/www.tgrthaber.com\/mavikadin\/wp-json\/wp\/v2\/posts\/315725\/revisions\/315743"}],"wp:featuredmedia":[{"embeddable":true,"href":"https:\/\/www.tgrthaber.com\/mavikadin\/wp-json\/wp\/v2\/media\/315732"}],"wp:attachment":[{"href":"https:\/\/www.tgrthaber.com\/mavikadin\/wp-json\/wp\/v2\/media?parent=315725"}],"wp:term":[{"taxonomy":"category","embeddable":true,"href":"https:\/\/www.tgrthaber.com\/mavikadin\/wp-json\/wp\/v2\/categories?post=315725"},{"taxonomy":"post_tag","embeddable":true,"href":"https:\/\/www.tgrthaber.com\/mavikadin\/wp-json\/wp\/v2\/tags?post=315725"}],"curies":[{"name":"wp","href":"https:\/\/api.w.org\/{rel}","templated":true}]}}