{"id":315769,"date":"2026-04-27T15:36:36","date_gmt":"2026-04-27T12:36:36","guid":{"rendered":"https:\/\/www.tgrthaber.com\/mavikadin\/?p=315769"},"modified":"2026-04-27T15:43:24","modified_gmt":"2026-04-27T12:43:24","slug":"serveti-milyonlari-bulan-hakki-bulut-yasadigi-eviyle-gundem-oldu-gercek-sanatci-sadeligi","status":"publish","type":"post","link":"https:\/\/www.tgrthaber.com\/mavikadin\/serveti-milyonlari-bulan-hakki-bulut-yasadigi-eviyle-gundem-oldu-gercek-sanatci-sadeligi\/","title":{"rendered":"Serveti milyonlar\u0131 bulan Hakk\u0131 Bulut ya\u015fad\u0131\u011f\u0131 eviyle g\u00fcndem oldu! \u201cGer\u00e7ek sanat\u00e7\u0131 sadeli\u011fi\u201d"},"content":{"rendered":"<p>Kalabal\u0131ktan uzak bir hayat\u0131 benimseyen <a href=\"https:\/\/www.tgrthaber.com\/mavikadin\/hakki-bulutun-mutevazi-31-evi-dikkat-cekti-unlu-arabesk-sanatcisi-sosyal-medya-da-gundem-oldu\/\">Hakk\u0131 Bulut<\/a> \u00e7ifti, be\u015f \u00e7ocuklar\u0131yla birlikte y\u0131llard\u0131r ayn\u0131 apartman dairesinde ya\u015fam\u0131n\u0131 s\u00fcrd\u00fcr\u00fcyor. G\u00f6steri\u015ften uzak ya\u015fam tarz\u0131yla dikkat \u00e7eken usta sanat\u00e7\u0131, aile odakl\u0131 d\u00fczenini korumaya devam ediyor.<\/p>\n<h3>HAKKI BULUT YA\u015eADI\u011eI EV\u0130YLE G\u00dcNDEM OLDU<\/h3>\n<p>Uzun y\u0131llard\u0131r Bah\u00e7elievler\u2019deki bu evde ya\u015fayan <a href=\"https:\/\/www.tgrthaber.com\/mavikadin\/unlu-arabesk-yildizi-hakki-buluttan-sasirtan-aciklama-kirgin-oldugum-tek-kisi-var\/\">Hakk\u0131 Bulut<\/a>\u2019un ya\u015fam alan\u0131, samimiyeti ve sadeli\u011fiyle \u00f6ne \u00e7\u0131k\u0131yor. Ayn\u0131 apartmanda iki dairesi bulunan sanat\u00e7\u0131n\u0131n, bu dairelerden birini k\u0131z\u0131yla birlikte \u00e7al\u0131\u015fma ofisi olarak kulland\u0131\u011f\u0131 biliniyor.<\/p>\n<p><img loading=\"lazy\" decoding=\"async\" class=\"aligncenter size-full wp-image-315771\" src=\"https:\/\/www.tgrthaber.com\/mavikadin\/wp-content\/uploads\/2026\/04\/Hakki-bulut-2.jpg\" alt=\"\" width=\"1280\" height=\"627\" title=\"\" srcset=\"https:\/\/www.tgrthaber.com\/mavikadin\/wp-content\/uploads\/2026\/04\/Hakki-bulut-2.jpg 1280w, https:\/\/www.tgrthaber.com\/mavikadin\/wp-content\/uploads\/2026\/04\/Hakki-bulut-2-300x147.jpg 300w, https:\/\/www.tgrthaber.com\/mavikadin\/wp-content\/uploads\/2026\/04\/Hakki-bulut-2-1024x502.jpg 1024w, https:\/\/www.tgrthaber.com\/mavikadin\/wp-content\/uploads\/2026\/04\/Hakki-bulut-2-768x376.jpg 768w\" sizes=\"(max-width: 1280px) 100vw, 1280px\" \/><\/p>\n<hr \/>\n<p>Geni\u015f bir salona sahip olan evin dekorasyonunda mavi ve kahverengi tonlar\u0131 h\u00e2kim. Eski tarz mobilyalar\u0131n tercih edildi\u011fi evin her k\u00f6\u015fesinde, sanat\u00e7\u0131n\u0131n m\u00fczikle i\u00e7 i\u00e7e ge\u00e7en ya\u015fam\u0131n\u0131n izlerine rastlamak m\u00fcmk\u00fcn.<\/p>\n<p>Hakk\u0131 Bulut\u2019un m\u00fctevaz\u0131 ya\u015fam\u0131 sosyal medyada b\u00fcy\u00fck ilgi g\u00f6r\u00fcrken, kullan\u0131c\u0131lar da bu do\u011fal ya\u015fam tarz\u0131na \u00f6vg\u00fc dolu yorumlar yapt\u0131. Payla\u015f\u0131mlarda en \u00e7ok \u201cDo\u011fall\u0131k her zaman kazan\u0131r\u201d, \u201cGer\u00e7ek sanat\u00e7\u0131 sadeli\u011fi\u201d ve \u201cHalktan kopmayan bir duru\u015f\u201d gibi ifadeler dikkat \u00e7ekti.<\/p>\n<p><img loading=\"lazy\" decoding=\"async\" class=\"aligncenter size-full wp-image-315772\" src=\"https:\/\/www.tgrthaber.com\/mavikadin\/wp-content\/uploads\/2026\/04\/Hakki-bulut-1.jpg\" alt=\"\" width=\"1280\" height=\"785\" title=\"\" srcset=\"https:\/\/www.tgrthaber.com\/mavikadin\/wp-content\/uploads\/2026\/04\/Hakki-bulut-1.jpg 1280w, https:\/\/www.tgrthaber.com\/mavikadin\/wp-content\/uploads\/2026\/04\/Hakki-bulut-1-300x184.jpg 300w, https:\/\/www.tgrthaber.com\/mavikadin\/wp-content\/uploads\/2026\/04\/Hakki-bulut-1-1024x628.jpg 1024w, https:\/\/www.tgrthaber.com\/mavikadin\/wp-content\/uploads\/2026\/04\/Hakki-bulut-1-768x471.jpg 768w\" sizes=\"(max-width: 1280px) 100vw, 1280px\" \/><\/p>\n<hr \/>\n<h3>HAKKI BULUT K\u0130MD\u0130R?<\/h3>\n<p>T\u00fcrk arabesk m\u00fczi\u011finin g\u00fc\u00e7l\u00fc temsilcilerinden Hakk\u0131 Bulut, duygusal \u015fark\u0131lar\u0131, kendine has yorumu ve geni\u015f repertuvar\u0131yla uzun y\u0131llard\u0131r m\u00fczik d\u00fcnyas\u0131ndaki yerini koruyor. \u00dcretkenli\u011fiyle dikkat \u00e7eken sanat\u00e7\u0131, arabesk m\u00fczi\u011fin en tan\u0131nan isimleri aras\u0131nda g\u00f6steriliyor.<\/p>\n<p><img loading=\"lazy\" decoding=\"async\" class=\"aligncenter size-full wp-image-315773\" src=\"https:\/\/www.tgrthaber.com\/mavikadin\/wp-content\/uploads\/2026\/04\/Hakki-bulut-2.webp\" alt=\"\" width=\"1280\" height=\"720\" title=\"\" srcset=\"https:\/\/www.tgrthaber.com\/mavikadin\/wp-content\/uploads\/2026\/04\/Hakki-bulut-2.webp 1280w, https:\/\/www.tgrthaber.com\/mavikadin\/wp-content\/uploads\/2026\/04\/Hakki-bulut-2-300x169.webp 300w, https:\/\/www.tgrthaber.com\/mavikadin\/wp-content\/uploads\/2026\/04\/Hakki-bulut-2-1024x576.webp 1024w, https:\/\/www.tgrthaber.com\/mavikadin\/wp-content\/uploads\/2026\/04\/Hakki-bulut-2-768x432.webp 768w\" sizes=\"(max-width: 1280px) 100vw, 1280px\" \/><\/p>\n<hr \/>\n<h3>Hayat\u0131 ve kariyeri<\/h3>\n<p>1940\u2019l\u0131 y\u0131llarda d\u00fcnyaya gelen Hakk\u0131 Bulut, m\u00fczi\u011fe olan ilgisini gen\u00e7 ya\u015flarda ke\u015ffetti. Arabesk m\u00fczi\u011fin y\u00fckseli\u015fe ge\u00e7ti\u011fi d\u00f6nemde yapt\u0131\u011f\u0131 \u00e7al\u0131\u015fmalarla ad\u0131n\u0131 geni\u015f kitlelere duyurmay\u0131 ba\u015faran sanat\u00e7\u0131, hem yorumcu hem de s\u00f6z yazar\u0131 kimli\u011fiyle g\u00fc\u00e7l\u00fc bir kariyer in\u015fa etti.<\/p>\n<p>Sanat hayat\u0131 boyunca y\u00fczlerce esere imza atan Bulut\u2019un en belirgin \u00f6zelliklerinden biri, \u015fark\u0131lar\u0131n\u0131n b\u00fcy\u00fck k\u0131sm\u0131n\u0131n s\u00f6z ve m\u00fczi\u011fini kendisinin kaleme almas\u0131. Bu y\u00f6n\u00fcyle arabesk m\u00fczikte \u201cbesteci sanat\u00e7\u0131\u201d kimli\u011fiyle \u00f6ne \u00e7\u0131kan isimlerden biri olarak kabul ediliyor.<\/p>\n<h3>M\u00fczik tarz\u0131<\/h3>\n<p>Hakk\u0131 Bulut\u2019un eserlerinde; a\u015fk, ayr\u0131l\u0131k, hayat\u0131n zorluklar\u0131 ve duygusal k\u0131r\u0131lmalar gibi temalar \u00f6n planda yer al\u0131yor. Samimi ve g\u00fc\u00e7l\u00fc yorumu, dinleyiciyle do\u011frudan ba\u011f kurmas\u0131n\u0131 sa\u011flayarak onu arabesk m\u00fczi\u011fin \u00f6nemli fig\u00fcrlerinden biri haline getiriyor.<\/p>\n<p><img loading=\"lazy\" decoding=\"async\" class=\"aligncenter size-full wp-image-315774\" src=\"https:\/\/www.tgrthaber.com\/mavikadin\/wp-content\/uploads\/2026\/04\/Hakki-bulut-4.webp\" alt=\"\" width=\"1280\" height=\"720\" title=\"\" srcset=\"https:\/\/www.tgrthaber.com\/mavikadin\/wp-content\/uploads\/2026\/04\/Hakki-bulut-4.webp 1280w, https:\/\/www.tgrthaber.com\/mavikadin\/wp-content\/uploads\/2026\/04\/Hakki-bulut-4-300x169.webp 300w, https:\/\/www.tgrthaber.com\/mavikadin\/wp-content\/uploads\/2026\/04\/Hakki-bulut-4-1024x576.webp 1024w, https:\/\/www.tgrthaber.com\/mavikadin\/wp-content\/uploads\/2026\/04\/Hakki-bulut-4-768x432.webp 768w\" sizes=\"(max-width: 1280px) 100vw, 1280px\" \/><\/p>\n<hr \/>\n<h3>\u00d6ne \u00e7\u0131kan y\u00f6nleri<\/h3>\n<p>Yakla\u015f\u0131k 1000\u2019e yak\u0131n beste yapt\u0131\u011f\u0131 bilinen sanat\u00e7\u0131, onlarca alb\u00fcme imza att\u0131 ve T\u00fcrkiye\u2019nin d\u00f6rt bir yan\u0131nda verdi\u011fi konserlerle geni\u015f bir hayran kitlesine ula\u015ft\u0131. Bug\u00fcn de arabesk m\u00fczi\u011fin \u201cklasikle\u015fmi\u015f\u201d ve sayg\u0131 g\u00f6ren isimleri aras\u0131nda an\u0131l\u0131yor.<\/p>\n<p><img loading=\"lazy\" decoding=\"async\" class=\"aligncenter size-full wp-image-315776\" src=\"https:\/\/www.tgrthaber.com\/mavikadin\/wp-content\/uploads\/2026\/04\/Hakki-bulut-3.webp\" alt=\"\" width=\"1812\" height=\"1020\" title=\"\" srcset=\"https:\/\/www.tgrthaber.com\/mavikadin\/wp-content\/uploads\/2026\/04\/Hakki-bulut-3.webp 1812w, https:\/\/www.tgrthaber.com\/mavikadin\/wp-content\/uploads\/2026\/04\/Hakki-bulut-3-300x169.webp 300w, https:\/\/www.tgrthaber.com\/mavikadin\/wp-content\/uploads\/2026\/04\/Hakki-bulut-3-1024x576.webp 1024w, https:\/\/www.tgrthaber.com\/mavikadin\/wp-content\/uploads\/2026\/04\/Hakki-bulut-3-768x432.webp 768w, https:\/\/www.tgrthaber.com\/mavikadin\/wp-content\/uploads\/2026\/04\/Hakki-bulut-3-1536x865.webp 1536w\" sizes=\"(max-width: 1812px) 100vw, 1812px\" \/><\/p>\n<hr \/>\n<h3>\u00d6zel hayat\u0131<\/h3>\n<p>Uzun y\u0131llard\u0131r e\u015fi Saadet Bulut ile evli olan Hakk\u0131 Bulut, geni\u015f ailesiyle birlikte sakin bir ya\u015fam s\u00fcr\u00fcyor. G\u00f6z \u00f6n\u00fcnde olmay\u0131 tercih etmeyen sanat\u00e7\u0131, sade hayat tarz\u0131yla da zaman zaman g\u00fcndeme geliyor.<\/p>\n","protected":false},"excerpt":{"rendered":"<p>Arabesk m\u00fczi\u011fin usta isimlerinden Hakk\u0131 Bulut, 64 y\u0131ll\u0131k hayat arkada\u015f\u0131 Saadet Bulut ile birlikte g\u00f6zlerden uzak, sade ve huzurlu bir ya\u015fam s\u00fcrd\u00fcrmeyi tercih ediyor. Sanat\u00e7\u0131n\u0131n Bah\u00e7elievler\u2019deki m\u00fctevaz\u0131 3+1 evi, son g\u00fcnlerde sosyal medyada yeniden g\u00fcndeme geldi. Bulut\u2019un evi i\u00e7in sosyal medyada \u201cGer\u00e7ek sanat\u00e7\u0131 sadeli\u011fi\u201d yorumu yap\u0131ld\u0131.<\/p>\n","protected":false},"author":5,"featured_media":315788,"comment_status":"closed","ping_status":"closed","sticky":false,"template":"","format":"standard","meta":{"rank_math_lock_modified_date":false,"footnotes":""},"categories":[76],"tags":[27198,53221,133],"class_list":["post-315769","post","type-post","status-publish","format-standard","has-post-thumbnail","hentry","category-magazin","tag-hakki-bulut","tag-hakki-bulut-evi","tag-magazin"],"_links":{"self":[{"href":"https:\/\/www.tgrthaber.com\/mavikadin\/wp-json\/wp\/v2\/posts\/315769"}],"collection":[{"href":"https:\/\/www.tgrthaber.com\/mavikadin\/wp-json\/wp\/v2\/posts"}],"about":[{"href":"https:\/\/www.tgrthaber.com\/mavikadin\/wp-json\/wp\/v2\/types\/post"}],"author":[{"embeddable":true,"href":"https:\/\/www.tgrthaber.com\/mavikadin\/wp-json\/wp\/v2\/users\/5"}],"replies":[{"embeddable":true,"href":"https:\/\/www.tgrthaber.com\/mavikadin\/wp-json\/wp\/v2\/comments?post=315769"}],"version-history":[{"count":2,"href":"https:\/\/www.tgrthaber.com\/mavikadin\/wp-json\/wp\/v2\/posts\/315769\/revisions"}],"predecessor-version":[{"id":315778,"href":"https:\/\/www.tgrthaber.com\/mavikadin\/wp-json\/wp\/v2\/posts\/315769\/revisions\/315778"}],"wp:featuredmedia":[{"embeddable":true,"href":"https:\/\/www.tgrthaber.com\/mavikadin\/wp-json\/wp\/v2\/media\/315788"}],"wp:attachment":[{"href":"https:\/\/www.tgrthaber.com\/mavikadin\/wp-json\/wp\/v2\/media?parent=315769"}],"wp:term":[{"taxonomy":"category","embeddable":true,"href":"https:\/\/www.tgrthaber.com\/mavikadin\/wp-json\/wp\/v2\/categories?post=315769"},{"taxonomy":"post_tag","embeddable":true,"href":"https:\/\/www.tgrthaber.com\/mavikadin\/wp-json\/wp\/v2\/tags?post=315769"}],"curies":[{"name":"wp","href":"https:\/\/api.w.org\/{rel}","templated":true}]}}