{"id":315770,"date":"2026-04-27T15:40:09","date_gmt":"2026-04-27T12:40:09","guid":{"rendered":"https:\/\/www.tgrthaber.com\/mavikadin\/?p=315770"},"modified":"2026-04-27T15:40:10","modified_gmt":"2026-04-27T12:40:10","slug":"kenan-doguludan-beren-saat-itirafi-cok-mutsuz","status":"publish","type":"post","link":"https:\/\/www.tgrthaber.com\/mavikadin\/kenan-doguludan-beren-saat-itirafi-cok-mutsuz\/","title":{"rendered":"Kenan Do\u011fulu\u2019dan Beren Saat itiraf\u0131! \u201c\u00c7ok mutsuz\u201d"},"content":{"rendered":"<p>Magazin g\u00fcndeminin merakla takip etti\u011fi \u00fcnl\u00fc isimler Kenan Do\u011fulu ve e\u015fi Beren Saat, son zamanlarda dikkatleri \u00fczerlerini \u00e7ekmeye devam ediyorlar. En son Los Angeles\u2019ta meydana gelen yang\u0131nda evlerini kaybetmeleriyle dikkat \u00e7ekerken, Kenan Do\u011fulu\u2019nun e\u015fi Beren Saat hakk\u0131nda yapt\u0131\u011f\u0131 itiraf <a href=\"https:\/\/www.tgrthaber.com\/mavikadin\/magazin\/\">magazin<\/a> d\u00fcnyas\u0131nda b\u00fcy\u00fck yank\u0131 uyand\u0131rd\u0131.<\/p>\n<h3>KENAN DO\u011eULU\u2019DAN BEREN SAAT \u0130T\u0130RAFI!<\/h3>\n<p>\u00dcnl\u00fc \u015fark\u0131c\u0131 Kenan Do\u011fulu, magazin g\u00fcndeminde yer almaya devam ediyor. \u015eark\u0131lar\u0131yla olduk\u00e7a dikkat \u00e7eken Kenan Do\u011fulu sadece kariyeriyle de\u011fil \u00f6zel hayat\u0131yla da olduk\u00e7a dikkat \u00e7eken isimler aras\u0131nda yer al\u0131yor. Magazin d\u00fcnyas\u0131n\u0131n \u00f6rnek \u00e7iftleri aras\u0131nda g\u00f6sterilirken Kenan Do\u011fulu\u2019dan e\u015fi hakk\u0131nda dikkat \u00e7eken itiraf geldi.<\/p>\n<p><img loading=\"lazy\" decoding=\"async\" class=\"alignnone size-full wp-image-315783\" src=\"https:\/\/www.tgrthaber.com\/mavikadin\/wp-content\/uploads\/2026\/04\/ARZU-2026-04-27T153822.959.jpg\" alt=\"Kenan Do\u011fulu\u2019dan Beren Saat itiraf\u0131! \u201c\u00c7ok mutsuz\u201d\" width=\"1208\" height=\"680\" title=\"\" srcset=\"https:\/\/www.tgrthaber.com\/mavikadin\/wp-content\/uploads\/2026\/04\/ARZU-2026-04-27T153822.959.jpg 1208w, https:\/\/www.tgrthaber.com\/mavikadin\/wp-content\/uploads\/2026\/04\/ARZU-2026-04-27T153822.959-300x169.jpg 300w, https:\/\/www.tgrthaber.com\/mavikadin\/wp-content\/uploads\/2026\/04\/ARZU-2026-04-27T153822.959-1024x576.jpg 1024w, https:\/\/www.tgrthaber.com\/mavikadin\/wp-content\/uploads\/2026\/04\/ARZU-2026-04-27T153822.959-768x432.jpg 768w\" sizes=\"(max-width: 1208px) 100vw, 1208px\" \/><\/p>\n<hr \/>\n<p>2014 y\u0131l\u0131nda d\u00fcnyaevine giren Kenan Do\u011fulu ve Beren Saat, ya\u015fad\u0131klar\u0131 a\u015fkla parmakla g\u00f6sterilen \u00e7iftler aras\u0131nda yer al\u0131yor. \u00c7iftin Los Angeles\u2019ta bulunan evleri yang\u0131nda zarar g\u00f6rmesiyle magazin g\u00fcndeminde yer al\u0131yordu.<\/p>\n<p><img loading=\"lazy\" decoding=\"async\" class=\"alignnone size-full wp-image-315782\" src=\"https:\/\/www.tgrthaber.com\/mavikadin\/wp-content\/uploads\/2026\/04\/ARZU-96-2.jpg\" alt=\"Kenan Do\u011fulu\u2019dan Beren Saat itiraf\u0131! \u201c\u00c7ok mutsuz\u201d\" width=\"1208\" height=\"680\" title=\"\" srcset=\"https:\/\/www.tgrthaber.com\/mavikadin\/wp-content\/uploads\/2026\/04\/ARZU-96-2.jpg 1208w, https:\/\/www.tgrthaber.com\/mavikadin\/wp-content\/uploads\/2026\/04\/ARZU-96-2-300x169.jpg 300w, https:\/\/www.tgrthaber.com\/mavikadin\/wp-content\/uploads\/2026\/04\/ARZU-96-2-1024x576.jpg 1024w, https:\/\/www.tgrthaber.com\/mavikadin\/wp-content\/uploads\/2026\/04\/ARZU-96-2-768x432.jpg 768w\" sizes=\"(max-width: 1208px) 100vw, 1208px\" \/><\/p>\n<hr \/>\n<p>Y\u0131llar \u00f6nce sat\u0131n ald\u0131klar\u0131 evleri zarar g\u00f6r\u00fcrken, evin i\u00e7erisinde bulunan profesyonel m\u00fczik st\u00fcdyosunun ve baz\u0131 m\u00fczik ar\u015fivlerinin gitmesine olduk\u00e7a \u00fcz\u00fclen Kenan Do\u011fulu, yapt\u0131\u011f\u0131 a\u00e7\u0131klamalarla da g\u00fcndeme geliyor. \u00d6zellikle de e\u015fi Beren Saat hakk\u0131nda s\u00f6yledikleri g\u00fcndeme bomba gibi d\u00fc\u015ft\u00fc.<\/p>\n<h3><img loading=\"lazy\" decoding=\"async\" class=\"alignnone size-full wp-image-315784\" src=\"https:\/\/www.tgrthaber.com\/mavikadin\/wp-content\/uploads\/2026\/04\/ARZU-2026-04-27T153810.484.jpg\" alt=\"Kenan Do\u011fulu\u2019dan Beren Saat itiraf\u0131! \u201c\u00c7ok mutsuz\u201d\" width=\"1208\" height=\"680\" title=\"\" srcset=\"https:\/\/www.tgrthaber.com\/mavikadin\/wp-content\/uploads\/2026\/04\/ARZU-2026-04-27T153810.484.jpg 1208w, https:\/\/www.tgrthaber.com\/mavikadin\/wp-content\/uploads\/2026\/04\/ARZU-2026-04-27T153810.484-300x169.jpg 300w, https:\/\/www.tgrthaber.com\/mavikadin\/wp-content\/uploads\/2026\/04\/ARZU-2026-04-27T153810.484-1024x576.jpg 1024w, https:\/\/www.tgrthaber.com\/mavikadin\/wp-content\/uploads\/2026\/04\/ARZU-2026-04-27T153810.484-768x432.jpg 768w\" sizes=\"(max-width: 1208px) 100vw, 1208px\" \/><\/h3>\n<hr \/>\n<h3>\u201c\u00c7OK MUTSUZ\u201d<\/h3>\n<p>\u00dcnl\u00fc \u015fark\u0131c\u0131 Kenan Do\u011fulu, \u015fark\u0131lar\u0131 ile k\u00fc\u00e7\u00fckten b\u00fcy\u00fc\u011fe herkesin severek dinledi\u011fi isimlerden biri oluyor. Magazin g\u00fcndeminde yak\u0131ndan takip etti\u011fi isim, e\u015fi Beren Saat hakk\u0131nda s\u00f6yledikleriyle dikkatleri \u00fczerine \u00e7ekti.<\/p>\n<p><img loading=\"lazy\" decoding=\"async\" class=\"alignnone size-full wp-image-315781\" src=\"https:\/\/www.tgrthaber.com\/mavikadin\/wp-content\/uploads\/2026\/04\/ARZU-97-3.jpg\" alt=\"Kenan Do\u011fulu\u2019dan Beren Saat itiraf\u0131! \u201c\u00c7ok mutsuz\u201d\" width=\"1208\" height=\"680\" title=\"\" srcset=\"https:\/\/www.tgrthaber.com\/mavikadin\/wp-content\/uploads\/2026\/04\/ARZU-97-3.jpg 1208w, https:\/\/www.tgrthaber.com\/mavikadin\/wp-content\/uploads\/2026\/04\/ARZU-97-3-300x169.jpg 300w, https:\/\/www.tgrthaber.com\/mavikadin\/wp-content\/uploads\/2026\/04\/ARZU-97-3-1024x576.jpg 1024w, https:\/\/www.tgrthaber.com\/mavikadin\/wp-content\/uploads\/2026\/04\/ARZU-97-3-768x432.jpg 768w\" sizes=\"(max-width: 1208px) 100vw, 1208px\" \/><\/p>\n<hr \/>\n<p>Ge\u00e7ti\u011fimiz y\u0131llarda Los Angeles\u2019ta bulunan evleri ABD\u2019de \u00e7\u0131kan yang\u0131nda k\u00fcl olmu\u015ftu. O yang\u0131nda olduk\u00e7a zarar g\u00f6ren evi ve hayat\u0131 hakk\u0131nda a\u00e7\u0131klamalar yapan Kenan Do\u011fulu, evini satmaya \u00e7al\u0131\u015ft\u0131\u011f\u0131ndan s\u00f6z etti.<\/p>\n<p><img loading=\"lazy\" decoding=\"async\" class=\"alignnone size-full wp-image-315785\" src=\"https:\/\/www.tgrthaber.com\/mavikadin\/wp-content\/uploads\/2026\/04\/ARZU-100-2.jpg\" alt=\"Kenan Do\u011fulu\u2019dan Beren Saat itiraf\u0131! \u201c\u00c7ok mutsuz\u201d\" width=\"1208\" height=\"680\" title=\"\" srcset=\"https:\/\/www.tgrthaber.com\/mavikadin\/wp-content\/uploads\/2026\/04\/ARZU-100-2.jpg 1208w, https:\/\/www.tgrthaber.com\/mavikadin\/wp-content\/uploads\/2026\/04\/ARZU-100-2-300x169.jpg 300w, https:\/\/www.tgrthaber.com\/mavikadin\/wp-content\/uploads\/2026\/04\/ARZU-100-2-1024x576.jpg 1024w, https:\/\/www.tgrthaber.com\/mavikadin\/wp-content\/uploads\/2026\/04\/ARZU-100-2-768x432.jpg 768w\" sizes=\"(max-width: 1208px) 100vw, 1208px\" \/><\/p>\n<hr \/>\n<p>Los Angeles\u2019ta meydana gelen bu \u00fcz\u00fcc\u00fc olayla birlikte m\u00fclkiyet alg\u0131s\u0131n\u0131n de\u011fi\u015fti\u011finden ve meydana gelen kayb\u0131n kendisini duygusal olarak etkiledi\u011fini ifade ediyor. Ayr\u0131ca e\u015fi Beren Saat\u2019in de bu durumdan fazlas\u0131yla etkilendi\u011fini vurguluyor.<\/p>\n<p><img loading=\"lazy\" decoding=\"async\" class=\"alignnone size-full wp-image-315779\" src=\"https:\/\/www.tgrthaber.com\/mavikadin\/wp-content\/uploads\/2026\/04\/ARZU-99-3.jpg\" alt=\"Kenan Do\u011fulu\u2019dan Beren Saat itiraf\u0131! \u201c\u00c7ok mutsuz\u201d\" width=\"1208\" height=\"680\" title=\"\" srcset=\"https:\/\/www.tgrthaber.com\/mavikadin\/wp-content\/uploads\/2026\/04\/ARZU-99-3.jpg 1208w, https:\/\/www.tgrthaber.com\/mavikadin\/wp-content\/uploads\/2026\/04\/ARZU-99-3-300x169.jpg 300w, https:\/\/www.tgrthaber.com\/mavikadin\/wp-content\/uploads\/2026\/04\/ARZU-99-3-1024x576.jpg 1024w, https:\/\/www.tgrthaber.com\/mavikadin\/wp-content\/uploads\/2026\/04\/ARZU-99-3-768x432.jpg 768w\" sizes=\"(max-width: 1208px) 100vw, 1208px\" \/><\/p>\n<hr \/>\n<p>Kenan Do\u011fulu, \u201c\u00c7ok derin hisli, narin bir insan. K\u00f6klerle, b\u00fct\u00fcn evrenle \u00e7ok ba\u011fl\u0131. \u015eu aralar o kadar mutsuz, keyifsiz ve ne\u015fesiz ki b\u00fct\u00fcn d\u00fcnyan\u0131n y\u00fck\u00fc onun \u00fczerinde gibi.\u201d S\u00f6zlerini ifade etmesiyle magazin g\u00fcndeminde de bomba gibi d\u00fc\u015ft\u00fc.<\/p>\n","protected":false},"excerpt":{"rendered":"<p>\u00dcnl\u00fc \u015fark\u0131c\u0131 Kenan Do\u011fulu, e\u015fi Beren Saat hakk\u0131nda yapm\u0131\u015f oldu\u011fu itirafla magazin g\u00fcndemine bomba gibi d\u00fc\u015ft\u00fc. Herkesin heyecanla takip etti\u011fi \u00e7ift, Los Angeles\u2019taki yang\u0131n felaketinden sonra maddi ve manevi olarak yorulduklar\u0131n\u0131 anlatan Kenan Do\u011fulu, dikkat \u00e7eken a\u00e7\u0131klamalar yapt\u0131. \u0130\u015fte detaylar\u2026<\/p>\n","protected":false},"author":34,"featured_media":315780,"comment_status":"closed","ping_status":"closed","sticky":false,"template":"","format":"standard","meta":{"rank_math_lock_modified_date":false,"footnotes":""},"categories":[76],"tags":[3154,7715,74126,6638,2218],"class_list":["post-315770","post","type-post","status-publish","format-standard","has-post-thumbnail","hentry","category-magazin","tag-beren-saat","tag-beren-saat-kenan-dogulu-los-angeles-evi","tag-kanan-dogulu-itiraf","tag-kenan-dogulu","tag-magazin-haberleri"],"_links":{"self":[{"href":"https:\/\/www.tgrthaber.com\/mavikadin\/wp-json\/wp\/v2\/posts\/315770"}],"collection":[{"href":"https:\/\/www.tgrthaber.com\/mavikadin\/wp-json\/wp\/v2\/posts"}],"about":[{"href":"https:\/\/www.tgrthaber.com\/mavikadin\/wp-json\/wp\/v2\/types\/post"}],"author":[{"embeddable":true,"href":"https:\/\/www.tgrthaber.com\/mavikadin\/wp-json\/wp\/v2\/users\/34"}],"replies":[{"embeddable":true,"href":"https:\/\/www.tgrthaber.com\/mavikadin\/wp-json\/wp\/v2\/comments?post=315770"}],"version-history":[{"count":2,"href":"https:\/\/www.tgrthaber.com\/mavikadin\/wp-json\/wp\/v2\/posts\/315770\/revisions"}],"predecessor-version":[{"id":315787,"href":"https:\/\/www.tgrthaber.com\/mavikadin\/wp-json\/wp\/v2\/posts\/315770\/revisions\/315787"}],"wp:featuredmedia":[{"embeddable":true,"href":"https:\/\/www.tgrthaber.com\/mavikadin\/wp-json\/wp\/v2\/media\/315780"}],"wp:attachment":[{"href":"https:\/\/www.tgrthaber.com\/mavikadin\/wp-json\/wp\/v2\/media?parent=315770"}],"wp:term":[{"taxonomy":"category","embeddable":true,"href":"https:\/\/www.tgrthaber.com\/mavikadin\/wp-json\/wp\/v2\/categories?post=315770"},{"taxonomy":"post_tag","embeddable":true,"href":"https:\/\/www.tgrthaber.com\/mavikadin\/wp-json\/wp\/v2\/tags?post=315770"}],"curies":[{"name":"wp","href":"https:\/\/api.w.org\/{rel}","templated":true}]}}