{"id":315808,"date":"2026-04-28T08:27:30","date_gmt":"2026-04-28T05:27:30","guid":{"rendered":"https:\/\/www.tgrthaber.com\/mavikadin\/?p=315808"},"modified":"2026-04-28T08:27:31","modified_gmt":"2026-04-28T05:27:31","slug":"ibrahim-tilaverden-cok-konusulacak-atakan-ozyurt-itirafi-midyeleri-aldirdi-hesabi-ben-odedim","status":"publish","type":"post","link":"https:\/\/www.tgrthaber.com\/mavikadin\/ibrahim-tilaverden-cok-konusulacak-atakan-ozyurt-itirafi-midyeleri-aldirdi-hesabi-ben-odedim\/","title":{"rendered":"\u0130brahim Tilaver\u2019den \u00e7ok konu\u015fulacak Atakan \u00d6zyurt itiraf\u0131! \u201cMidyeleri ald\u0131rd\u0131 hesab\u0131 ben \u00f6dedim\u201d"},"content":{"rendered":"<p>Sosyal medya payla\u015f\u0131mlar\u0131yla ad\u0131ndan s\u00f6z ettiren Ebo lakab\u0131yla tan\u0131nan \u0130brahim Tilaver, ge\u00e7mi\u015fte Atakan \u00d6zyurt ile ya\u015fad\u0131\u011f\u0131 bir an\u0131y\u0131 payla\u015ft\u0131. \u015eimdilerde Kafalar grubunun da\u011f\u0131lmas\u0131 ve hakk\u0131nda ortaya at\u0131lan iddialarla g\u00fcndeme gelen Atakan \u00d6zyurt\u2019un cimri ve paraya d\u00fc\u015fk\u00fcn oldu\u011fu iddia edilmi\u015fti. Atakan \u00d6zyurt hakk\u0131nda bir\u00e7ok isim farkl\u0131 iddialarda bulunmu\u015ftu. \u0130brahim Tilaver ise Atakan \u00d6zyurt hakk\u0131nda \u00e7ok konu\u015fulacak bir itirafta bulundu. Ge\u00e7mi\u015fte Atakan \u00d6zyurt i\u015fe ya\u015fad\u0131klar\u0131 bir olay\u0131 anlatan \u0130brahim Tilaver, a\u00e7\u0131klamalar\u0131yla herkesi \u015fa\u015fk\u0131na \u00e7evirdi. Bak\u0131n \u0130brahim Tilaver, Atakan \u00d6zyurt hakk\u0131nda neler s\u00f6yledi! \u0130\u015fte \u0130brahim Tilaver\u2019den \u00e7ok konu\u015fulacak Atakan \u00d6zyurt itiraf\u0131\u2026<\/p>\n<h3>\u0130BRAH\u0130M T\u0130LAVER\u2019DEN \u00c7OK KONU\u015eULACAK ATAKAN \u00d6ZYURT \u0130T\u0130RAFI!<\/h3>\n<p>Sosyal medyada \u2018Ebo\u2019 lakab\u0131yla tan\u0131nan fenomen, i\u015f insan\u0131 ve m\u00fczik prod\u00fckt\u00f6r\u00fc <a href=\"https:\/\/www.tgrthaber.com\/mavikadin\/ebo-kimdir-kac-yasinda-ibrahim-tilaver-neden-gozaltina-alindi\/\">\u0130brahim Tilaver<\/a>, Atakan \u00d6zyurt hakk\u0131nda \u00e7ok konu\u015fulacak bir itirafta bulundu. Zaman zaman \u00f6zel hayat\u0131 ve a\u00e7\u0131klamalar\u0131yla magazin g\u00fcndeminde ve sosyal medyan\u0131n merkezinde yer alan Tilaver, bu kez \u00e7arp\u0131c\u0131 a\u00e7\u0131klamalar\u0131yla dikkatleri \u00fczerine \u00e7ekti.<\/p>\n<p><img loading=\"lazy\" decoding=\"async\" class=\"size-full wp-image-315810\" src=\"https:\/\/www.tgrthaber.com\/mavikadin\/wp-content\/uploads\/2026\/04\/Ibrahim-Tilaver-3.jpg\" alt=\"\u0130brahim Tilaver\u2019den \u00e7ok konu\u015fulacak Atakan \u00d6zyurt itiraf\u0131! \u201cMidyeleri ald\u0131rd\u0131 hesab\u0131 ben \u00f6dedim\u201d\" width=\"1208\" height=\"680\" title=\"\" srcset=\"https:\/\/www.tgrthaber.com\/mavikadin\/wp-content\/uploads\/2026\/04\/Ibrahim-Tilaver-3.jpg 1208w, https:\/\/www.tgrthaber.com\/mavikadin\/wp-content\/uploads\/2026\/04\/Ibrahim-Tilaver-3-300x169.jpg 300w, https:\/\/www.tgrthaber.com\/mavikadin\/wp-content\/uploads\/2026\/04\/Ibrahim-Tilaver-3-1024x576.jpg 1024w, https:\/\/www.tgrthaber.com\/mavikadin\/wp-content\/uploads\/2026\/04\/Ibrahim-Tilaver-3-768x432.jpg 768w\" sizes=\"(max-width: 1208px) 100vw, 1208px\" \/><\/p>\n<hr \/>\n<p>Son g\u00fcnlerde Kafalar grubunun da\u011f\u0131lmas\u0131yla birlikte pek \u00e7ok farkl\u0131 iddia beraberinde geldi. Bilal Hanc\u0131\u2019n\u0131n eski e\u015fi Esin \u00c7epni\u2019nin Atakan \u00d6zyurt hakk\u0131nda \u00e7arp\u0131c\u0131 itiraflarda bulunmas\u0131 di\u011fer fenomenleri de harekete ge\u00e7irdi. \u00c7epni, Atakan \u00d6zyurt ve e\u015fi Selen \u00d6zyurt&#8217;un odaklar\u0131n\u0131n para oldu\u011funu iddia eden a\u00e7\u0131klamalarda bulundu.<\/p>\n<p><img loading=\"lazy\" decoding=\"async\" class=\"size-full wp-image-315813\" src=\"https:\/\/www.tgrthaber.com\/mavikadin\/wp-content\/uploads\/2026\/04\/Ibrahim-Tilaver-6.jpg\" alt=\"\u0130brahim Tilaver\u2019den \u00e7ok konu\u015fulacak Atakan \u00d6zyurt itiraf\u0131! \u201cMidyeleri ald\u0131rd\u0131 hesab\u0131 ben \u00f6dedim\u201d\" width=\"1208\" height=\"680\" title=\"\" srcset=\"https:\/\/www.tgrthaber.com\/mavikadin\/wp-content\/uploads\/2026\/04\/Ibrahim-Tilaver-6.jpg 1208w, https:\/\/www.tgrthaber.com\/mavikadin\/wp-content\/uploads\/2026\/04\/Ibrahim-Tilaver-6-300x169.jpg 300w, https:\/\/www.tgrthaber.com\/mavikadin\/wp-content\/uploads\/2026\/04\/Ibrahim-Tilaver-6-1024x576.jpg 1024w, https:\/\/www.tgrthaber.com\/mavikadin\/wp-content\/uploads\/2026\/04\/Ibrahim-Tilaver-6-768x432.jpg 768w\" sizes=\"(max-width: 1208px) 100vw, 1208px\" \/><\/p>\n<hr \/>\n<p>Daha sonra Atakan \u00d6zyurt ve e\u015fi Selen \u00d6zyurt hakk\u0131nda maddi konularla alakal\u0131 bir\u00e7ok farkl\u0131 iddia daha geldi. Son olarak sosyal medyan\u0131n sevilen isimleri aras\u0131nda yer alan \u2018Ebo\u2019 lakab\u0131yla tan\u0131nan \u0130brahim Tilaver, ge\u00e7mi\u015fte Atakan \u00d6zyurt ile ya\u015fad\u0131klar\u0131 bir olay\u0131 anlatt\u0131. Tilaver, \u00d6zyurt\u2019un ge\u00e7mi\u015fte kendisine terbiyesizlik yapt\u0131\u011f\u0131n\u0131 iddia etti.<\/p>\n<p><img loading=\"lazy\" decoding=\"async\" class=\"size-full wp-image-315809\" src=\"https:\/\/www.tgrthaber.com\/mavikadin\/wp-content\/uploads\/2026\/04\/Ibrahim-Tilaver-2.jpg\" alt=\"\u0130brahim Tilaver\u2019den \u00e7ok konu\u015fulacak Atakan \u00d6zyurt itiraf\u0131! \u201cMidyeleri ald\u0131rd\u0131 hesab\u0131 ben \u00f6dedim\u201d\" width=\"1208\" height=\"680\" title=\"\" srcset=\"https:\/\/www.tgrthaber.com\/mavikadin\/wp-content\/uploads\/2026\/04\/Ibrahim-Tilaver-2.jpg 1208w, https:\/\/www.tgrthaber.com\/mavikadin\/wp-content\/uploads\/2026\/04\/Ibrahim-Tilaver-2-300x169.jpg 300w, https:\/\/www.tgrthaber.com\/mavikadin\/wp-content\/uploads\/2026\/04\/Ibrahim-Tilaver-2-1024x576.jpg 1024w, https:\/\/www.tgrthaber.com\/mavikadin\/wp-content\/uploads\/2026\/04\/Ibrahim-Tilaver-2-768x432.jpg 768w\" sizes=\"(max-width: 1208px) 100vw, 1208px\" \/><\/p>\n<hr \/>\n<h3>\u201cM\u0130DYELER\u0130 ALDIRDI HESABI BEN \u00d6DED\u0130M\u201d<\/h3>\n<p><a href=\"https:\/\/www.tgrthaber.com\/mavikadin\/ebo-kimdir-kac-yasinda-ibrahim-tilaver-neden-gozaltina-alindi\/\">\u0130brahim Tilaver<\/a>, ge\u00e7mi\u015fte Atakan \u00d6zyurt ile ya\u015fad\u0131klar\u0131 bir olay\u0131 anlatt\u0131. Tilaver\u2019in \u00e7ok konu\u015fulacak bu itiraf\u0131 sosyal medyada h\u0131zla yay\u0131ld\u0131. \u00dcnl\u00fc fenomen, \u00d6zyurt ile alakal\u0131 \u015fu itirafta bulundu:<\/p>\n<p><img loading=\"lazy\" decoding=\"async\" class=\"size-full wp-image-315811\" src=\"https:\/\/www.tgrthaber.com\/mavikadin\/wp-content\/uploads\/2026\/04\/Ibrahim-Tilaver-4.jpg\" alt=\"\u0130brahim Tilaver\u2019den \u00e7ok konu\u015fulacak Atakan \u00d6zyurt itiraf\u0131! \u201cMidyeleri ald\u0131rd\u0131 hesab\u0131 ben \u00f6dedim\u201d\" width=\"1208\" height=\"680\" title=\"\" srcset=\"https:\/\/www.tgrthaber.com\/mavikadin\/wp-content\/uploads\/2026\/04\/Ibrahim-Tilaver-4.jpg 1208w, https:\/\/www.tgrthaber.com\/mavikadin\/wp-content\/uploads\/2026\/04\/Ibrahim-Tilaver-4-300x169.jpg 300w, https:\/\/www.tgrthaber.com\/mavikadin\/wp-content\/uploads\/2026\/04\/Ibrahim-Tilaver-4-1024x576.jpg 1024w, https:\/\/www.tgrthaber.com\/mavikadin\/wp-content\/uploads\/2026\/04\/Ibrahim-Tilaver-4-768x432.jpg 768w\" sizes=\"(max-width: 1208px) 100vw, 1208px\" \/><\/p>\n<hr \/>\n<p>\u201cAtakan bana dedi ki \u2018Kanka i\u015fin var m\u0131 senin?\u2019 Ayakkab\u0131 m\u0131 ne almaya gelmi\u015fti benden\u2026 Yok dedim kanka bir i\u015fim yok. Dedi ki \u2018Gel sana midye \u0131smarlayay\u0131m\u2019. Gece 23.00 sular\u0131 falan tamam m\u0131 abi? Bu beni ald\u0131 g\u00f6t\u00fcrd\u00fc Midyeci Ahmet&#8217;e. Midyeleri ald\u0131rd\u0131&#8230; Ben \u00f6dedim midyeyi de\u2026 Midyeyi ald\u0131k, Atakan&#8217;\u0131n evine gidip midye yiyece\u011fiz. O kadar g\u00fczel kokuyor ki&#8230; Atakan bana dedi ki: Kanka bana telefon geldi, kusura bakma inebilir misin?\u201d<\/p>\n<p><img loading=\"lazy\" decoding=\"async\" class=\"size-full wp-image-315812\" src=\"https:\/\/www.tgrthaber.com\/mavikadin\/wp-content\/uploads\/2026\/04\/Ibrahim-Tilaver-5.jpg\" alt=\"\u0130brahim Tilaver\u2019den \u00e7ok konu\u015fulacak Atakan \u00d6zyurt itiraf\u0131! \u201cMidyeleri ald\u0131rd\u0131 hesab\u0131 ben \u00f6dedim\u201d\" width=\"1208\" height=\"680\" title=\"\" srcset=\"https:\/\/www.tgrthaber.com\/mavikadin\/wp-content\/uploads\/2026\/04\/Ibrahim-Tilaver-5.jpg 1208w, https:\/\/www.tgrthaber.com\/mavikadin\/wp-content\/uploads\/2026\/04\/Ibrahim-Tilaver-5-300x169.jpg 300w, https:\/\/www.tgrthaber.com\/mavikadin\/wp-content\/uploads\/2026\/04\/Ibrahim-Tilaver-5-1024x576.jpg 1024w, https:\/\/www.tgrthaber.com\/mavikadin\/wp-content\/uploads\/2026\/04\/Ibrahim-Tilaver-5-768x432.jpg 768w\" sizes=\"(max-width: 1208px) 100vw, 1208px\" \/><\/p>\n<hr \/>\n<p>\u0130brahim Tilaver\u2019in bu itiraf\u0131 \u00fczerine Atakan \u00d6zyurt sosyal medya kullan\u0131c\u0131lar\u0131 taraf\u0131ndan tepki g\u00f6rmeye devam etti. Esin \u00c7epni\u2019nin Atakan \u00d6zyurt ve e\u015fi Selen \u00d6zyurt&#8217;un odaklar\u0131n\u0131n para oldu\u011funu iddia etmesi \u00fczerine Tilaver\u2019in a\u00e7\u0131klamalar\u0131 da bomba gibi g\u00fcndeme oturdu.<\/p>\n","protected":false},"excerpt":{"rendered":"<p>Ebo lakab\u0131yla tan\u0131nan fenomen ve i\u015f insan\u0131 \u0130brahim Tilaver, son zamanlarda ad\u0131 magazin g\u00fcndeminden bir an olsun d\u00fc\u015fmeyen Atakan \u00d6zyurt hakk\u0131nda \u00e7ok konu\u015fulacak bir itirafta bulundu. \u0130brahim Tilaver\u2019in Atakan \u00d6zyurt hakk\u0131nda yapt\u0131\u011f\u0131 itiraf, sosyal medyaya ve magazin d\u00fcnyas\u0131n\u0131n g\u00fcndemine bomba gibi oturdu. \u0130\u015fte detaylar\u2026<\/p>\n","protected":false},"author":26,"featured_media":315814,"comment_status":"closed","ping_status":"closed","sticky":false,"template":"","format":"standard","meta":{"rank_math_lock_modified_date":false,"footnotes":""},"categories":[76],"tags":[74033,11658,74129,133,2218],"class_list":["post-315808","post","type-post","status-publish","format-standard","has-post-thumbnail","hentry","category-magazin","tag-atakan-ozyurt","tag-ibrahim-tilaver","tag-ibrahim-tilaver-atakan-ozyurt","tag-magazin","tag-magazin-haberleri"],"_links":{"self":[{"href":"https:\/\/www.tgrthaber.com\/mavikadin\/wp-json\/wp\/v2\/posts\/315808"}],"collection":[{"href":"https:\/\/www.tgrthaber.com\/mavikadin\/wp-json\/wp\/v2\/posts"}],"about":[{"href":"https:\/\/www.tgrthaber.com\/mavikadin\/wp-json\/wp\/v2\/types\/post"}],"author":[{"embeddable":true,"href":"https:\/\/www.tgrthaber.com\/mavikadin\/wp-json\/wp\/v2\/users\/26"}],"replies":[{"embeddable":true,"href":"https:\/\/www.tgrthaber.com\/mavikadin\/wp-json\/wp\/v2\/comments?post=315808"}],"version-history":[{"count":2,"href":"https:\/\/www.tgrthaber.com\/mavikadin\/wp-json\/wp\/v2\/posts\/315808\/revisions"}],"predecessor-version":[{"id":315816,"href":"https:\/\/www.tgrthaber.com\/mavikadin\/wp-json\/wp\/v2\/posts\/315808\/revisions\/315816"}],"wp:featuredmedia":[{"embeddable":true,"href":"https:\/\/www.tgrthaber.com\/mavikadin\/wp-json\/wp\/v2\/media\/315814"}],"wp:attachment":[{"href":"https:\/\/www.tgrthaber.com\/mavikadin\/wp-json\/wp\/v2\/media?parent=315808"}],"wp:term":[{"taxonomy":"category","embeddable":true,"href":"https:\/\/www.tgrthaber.com\/mavikadin\/wp-json\/wp\/v2\/categories?post=315808"},{"taxonomy":"post_tag","embeddable":true,"href":"https:\/\/www.tgrthaber.com\/mavikadin\/wp-json\/wp\/v2\/tags?post=315808"}],"curies":[{"name":"wp","href":"https:\/\/api.w.org\/{rel}","templated":true}]}}