{"id":315817,"date":"2026-04-28T09:48:32","date_gmt":"2026-04-28T06:48:32","guid":{"rendered":"https:\/\/www.tgrthaber.com\/mavikadin\/?p=315817"},"modified":"2026-04-28T09:48:33","modified_gmt":"2026-04-28T06:48:33","slug":"umit-kantarcilardan-iliskiler-hakkinda-dikkat-ceken-aciklama-yakin-arkadas-taktigine-sert-tepki","status":"publish","type":"post","link":"https:\/\/www.tgrthaber.com\/mavikadin\/umit-kantarcilardan-iliskiler-hakkinda-dikkat-ceken-aciklama-yakin-arkadas-taktigine-sert-tepki\/","title":{"rendered":"\u00dcmit Kantarc\u0131lar\u2019dan ili\u015fkiler hakk\u0131nda dikkat \u00e7eken a\u00e7\u0131klama! Yak\u0131n arkada\u015f takti\u011fine sert tepki"},"content":{"rendered":"<p>Ekranlar\u0131n sevilen y\u00fczlerinden biri olan <a href=\"https:\/\/www.tgrthaber.com\/medya\/umit-kantarcilar-tasacak-bu-denizin-fatih-furtunasi-mi-olacak-unlu-isimden-kafa-karis-3296206\">\u00dcmit Kantarc\u0131lar<\/a>, uzun s\u00fcredir ekranlarda yer almayarak merak edilerek ara\u015ft\u0131r\u0131lan isimler aras\u0131nda yer al\u0131yor. Magazin d\u00fcnyas\u0131nda da dikkatle takip edilen Kantarc\u0131lar, ge\u00e7ti\u011fimiz g\u00fcnlerde yapm\u0131\u015f oldu\u011fu a\u00e7\u0131klamalarla olduk\u00e7a dikkat \u00e7ekici oldu. Yak\u0131n arkada\u015flar\u0131n verdi\u011fi taktiklere sert tepkiler g\u00f6sterdi. \u0130\u015fte detaylar\u2026<\/p>\n<h3>\u00dcM\u0130T KANTARCILAR\u2019DAN \u0130L\u0130\u015eK\u0130LER HAKKINDA D\u0130KKAT \u00c7EKEN A\u00c7IKLAMA!<\/h3>\n<p>\u00dcnl\u00fc oyuncu \u00dcmit Kantarc\u0131lar, son zamanlarda dikkat \u00e7eken isimlerden biri oldu. \u00d6zellikle de ekranlar\u0131n fenomen dizisine dahil olaca\u011f\u0131 iddias\u0131yla g\u00fcndeme geldi. Ta\u015facak Bu Deniz dizisinde Fatih Furtuna karakterini oynayacak isimler aras\u0131nda yer al\u0131yordu. Hatta sosyal medyada bile olduk\u00e7a \u00e7ok konu\u015fuldu.<\/p>\n<p><img loading=\"lazy\" decoding=\"async\" class=\"alignnone size-full wp-image-315824\" src=\"https:\/\/www.tgrthaber.com\/mavikadin\/wp-content\/uploads\/2026\/04\/ARZU-2026-04-28T094518.662.jpg\" alt=\"\u00dcmit Kantarc\u0131lar\u2019dan ili\u015fkiler hakk\u0131nda dikkat \u00e7eken a\u00e7\u0131klama! Yak\u0131n arkada\u015f takti\u011fine sert tepki\" width=\"1208\" height=\"680\" title=\"\" srcset=\"https:\/\/www.tgrthaber.com\/mavikadin\/wp-content\/uploads\/2026\/04\/ARZU-2026-04-28T094518.662.jpg 1208w, https:\/\/www.tgrthaber.com\/mavikadin\/wp-content\/uploads\/2026\/04\/ARZU-2026-04-28T094518.662-300x169.jpg 300w, https:\/\/www.tgrthaber.com\/mavikadin\/wp-content\/uploads\/2026\/04\/ARZU-2026-04-28T094518.662-1024x576.jpg 1024w, https:\/\/www.tgrthaber.com\/mavikadin\/wp-content\/uploads\/2026\/04\/ARZU-2026-04-28T094518.662-768x432.jpg 768w\" sizes=\"(max-width: 1208px) 100vw, 1208px\" \/><\/p>\n<hr \/>\n<p>Uzun zamand\u0131r da ekranlarda yer almayan \u00dcmit Kantarc\u0131lar, zaman zaman yapt\u0131\u011f\u0131 dikkat \u00e7eken a\u00e7\u0131klamalar ile de g\u00fcndemdeki yerini ald\u0131. \u00d6zellikle de ili\u015fkiler hakk\u0131nda a\u00e7\u0131klama yapt\u0131. Bir ili\u015fki de kendine g\u00f6re olmamas\u0131 gerekenleri a\u00e7\u0131klad\u0131.<\/p>\n<p><img loading=\"lazy\" decoding=\"async\" class=\"alignnone size-full wp-image-315823\" src=\"https:\/\/www.tgrthaber.com\/mavikadin\/wp-content\/uploads\/2026\/04\/ARZU-2026-04-28T094528.441.jpg\" alt=\"\u00dcmit Kantarc\u0131lar\u2019dan ili\u015fkiler hakk\u0131nda dikkat \u00e7eken a\u00e7\u0131klama! Yak\u0131n arkada\u015f takti\u011fine sert tepki\" width=\"1208\" height=\"680\" title=\"\" srcset=\"https:\/\/www.tgrthaber.com\/mavikadin\/wp-content\/uploads\/2026\/04\/ARZU-2026-04-28T094528.441.jpg 1208w, https:\/\/www.tgrthaber.com\/mavikadin\/wp-content\/uploads\/2026\/04\/ARZU-2026-04-28T094528.441-300x169.jpg 300w, https:\/\/www.tgrthaber.com\/mavikadin\/wp-content\/uploads\/2026\/04\/ARZU-2026-04-28T094528.441-1024x576.jpg 1024w, https:\/\/www.tgrthaber.com\/mavikadin\/wp-content\/uploads\/2026\/04\/ARZU-2026-04-28T094528.441-768x432.jpg 768w\" sizes=\"(max-width: 1208px) 100vw, 1208px\" \/><\/p>\n<hr \/>\n<p>\u0130li\u015fkilerde arkada\u015f durumlar\u0131nda sorun oldu\u011funu ifade eden \u00dcmit Kantarc\u0131lar, ili\u015fki de arkada\u015flar\u0131n \u00e7ok dahil olmas\u0131yla ki\u015finin kendi ili\u015fkilerinde yaln\u0131zla\u015fmaya ba\u015flad\u0131\u011f\u0131n\u0131 ifade ediyor. Yak\u0131n arkada\u015f\u0131n ili\u015fki hakk\u0131nda \u00e7ok fazla bilginin olmas\u0131na gerek olmad\u0131\u011f\u0131n\u0131 da a\u00e7\u0131klamalar\u0131nda vurguluyor.<\/p>\n<h3><img loading=\"lazy\" decoding=\"async\" class=\"alignnone size-full wp-image-315822\" src=\"https:\/\/www.tgrthaber.com\/mavikadin\/wp-content\/uploads\/2026\/04\/ARZU-2026-04-28T094543.747.jpg\" alt=\"\u00dcmit Kantarc\u0131lar\u2019dan ili\u015fkiler hakk\u0131nda dikkat \u00e7eken a\u00e7\u0131klama! Yak\u0131n arkada\u015f takti\u011fine sert tepki\" width=\"1208\" height=\"680\" title=\"\" srcset=\"https:\/\/www.tgrthaber.com\/mavikadin\/wp-content\/uploads\/2026\/04\/ARZU-2026-04-28T094543.747.jpg 1208w, https:\/\/www.tgrthaber.com\/mavikadin\/wp-content\/uploads\/2026\/04\/ARZU-2026-04-28T094543.747-300x169.jpg 300w, https:\/\/www.tgrthaber.com\/mavikadin\/wp-content\/uploads\/2026\/04\/ARZU-2026-04-28T094543.747-1024x576.jpg 1024w, https:\/\/www.tgrthaber.com\/mavikadin\/wp-content\/uploads\/2026\/04\/ARZU-2026-04-28T094543.747-768x432.jpg 768w\" sizes=\"(max-width: 1208px) 100vw, 1208px\" \/><\/h3>\n<hr \/>\n<h3>YAKIN ARKADA\u015e TAKT\u0130\u011e\u0130NE SERT TEPK\u0130<\/h3>\n<p>\u00dcmit Kantarc\u0131lar, bir zamanlar oynad\u0131\u011f\u0131 karakterler ile dikkat \u00e7ekerken \u015fimdilerde yapm\u0131\u015f oldu\u011fu a\u00e7\u0131klamalarla g\u00fcndemdeki yerini alm\u0131\u015ft\u0131r. \u0130li\u015fkilerde yak\u0131n arkada\u015f takti\u011fine sert tepki vererek \u00dcmit Kantarc\u0131lar, yak\u0131n arkada\u015f\u0131n d\u00fc\u015fman oldu\u011funu ifade etti.<\/p>\n<p><img loading=\"lazy\" decoding=\"async\" class=\"alignnone size-full wp-image-315821\" src=\"https:\/\/www.tgrthaber.com\/mavikadin\/wp-content\/uploads\/2026\/04\/ARZU-2026-04-28T094555.776.jpg\" alt=\"\u00dcmit Kantarc\u0131lar\u2019dan ili\u015fkiler hakk\u0131nda dikkat \u00e7eken a\u00e7\u0131klama! Yak\u0131n arkada\u015f takti\u011fine sert tepki\" width=\"1208\" height=\"680\" title=\"\" srcset=\"https:\/\/www.tgrthaber.com\/mavikadin\/wp-content\/uploads\/2026\/04\/ARZU-2026-04-28T094555.776.jpg 1208w, https:\/\/www.tgrthaber.com\/mavikadin\/wp-content\/uploads\/2026\/04\/ARZU-2026-04-28T094555.776-300x169.jpg 300w, https:\/\/www.tgrthaber.com\/mavikadin\/wp-content\/uploads\/2026\/04\/ARZU-2026-04-28T094555.776-1024x576.jpg 1024w, https:\/\/www.tgrthaber.com\/mavikadin\/wp-content\/uploads\/2026\/04\/ARZU-2026-04-28T094555.776-768x432.jpg 768w\" sizes=\"(max-width: 1208px) 100vw, 1208px\" \/><\/p>\n<hr \/>\n<p>Bir kad\u0131n\u0131n en yak\u0131n arkada\u015f\u0131n\u0131n verdi\u011fi taktiklerin do\u011fru olmad\u0131\u011f\u0131n\u0131 onlar\u0131n ili\u015fkiye zarar verdi\u011fini ifade ede n \u00dcmit Kantarc\u0131lar, sosyal medyada yer alan habere g\u00f6re yak\u0131n arkada\u015f takti\u011finde k\u00f6t\u00fc bir olay\u0131n ba\u015f\u0131na geldi\u011fini de ifade ediyor.<\/p>\n<p><img loading=\"lazy\" decoding=\"async\" class=\"alignnone size-full wp-image-315820\" src=\"https:\/\/www.tgrthaber.com\/mavikadin\/wp-content\/uploads\/2026\/04\/ARZU-2026-04-28T094617.428.jpg\" alt=\"\u00dcmit Kantarc\u0131lar\u2019dan ili\u015fkiler hakk\u0131nda dikkat \u00e7eken a\u00e7\u0131klama! Yak\u0131n arkada\u015f takti\u011fine sert tepki\" width=\"1208\" height=\"680\" title=\"\" srcset=\"https:\/\/www.tgrthaber.com\/mavikadin\/wp-content\/uploads\/2026\/04\/ARZU-2026-04-28T094617.428.jpg 1208w, https:\/\/www.tgrthaber.com\/mavikadin\/wp-content\/uploads\/2026\/04\/ARZU-2026-04-28T094617.428-300x169.jpg 300w, https:\/\/www.tgrthaber.com\/mavikadin\/wp-content\/uploads\/2026\/04\/ARZU-2026-04-28T094617.428-1024x576.jpg 1024w, https:\/\/www.tgrthaber.com\/mavikadin\/wp-content\/uploads\/2026\/04\/ARZU-2026-04-28T094617.428-768x432.jpg 768w\" sizes=\"(max-width: 1208px) 100vw, 1208px\" \/><\/p>\n<hr \/>\n<p>\u00dcmit Kantarc\u0131lar, \u201cYak\u0131n arkada\u015f d\u00fc\u015fmand\u0131r. Tecr\u00fcbeyle sabit, hemen anlat\u0131yorum. Biz kavga etti\u011fimizde ben arkada\u015f\u0131ma gidiyorum; o bana \u2018Seviyorsan ara, \u00f6z\u00fcr dile\u2019 diyor. Ama kad\u0131n\u0131n yan\u0131nda k\u0131z arkada\u015f\u0131 varsa i\u015f de\u011fi\u015fiyor.\u201d a\u00e7\u0131klamalar\u0131n\u0131 kulland\u0131.<\/p>\n<p><img loading=\"lazy\" decoding=\"async\" class=\"alignnone size-full wp-image-315818\" src=\"https:\/\/www.tgrthaber.com\/mavikadin\/wp-content\/uploads\/2026\/04\/ARZU-2026-04-28T094642.951.jpg\" alt=\"\u00dcmit Kantarc\u0131lar\u2019dan ili\u015fkiler hakk\u0131nda dikkat \u00e7eken a\u00e7\u0131klama! Yak\u0131n arkada\u015f takti\u011fine sert tepki\" width=\"1208\" height=\"680\" title=\"\" srcset=\"https:\/\/www.tgrthaber.com\/mavikadin\/wp-content\/uploads\/2026\/04\/ARZU-2026-04-28T094642.951.jpg 1208w, https:\/\/www.tgrthaber.com\/mavikadin\/wp-content\/uploads\/2026\/04\/ARZU-2026-04-28T094642.951-300x169.jpg 300w, https:\/\/www.tgrthaber.com\/mavikadin\/wp-content\/uploads\/2026\/04\/ARZU-2026-04-28T094642.951-1024x576.jpg 1024w, https:\/\/www.tgrthaber.com\/mavikadin\/wp-content\/uploads\/2026\/04\/ARZU-2026-04-28T094642.951-768x432.jpg 768w\" sizes=\"(max-width: 1208px) 100vw, 1208px\" \/><\/p>\n<hr \/>\n<p>Hatta telefonu a\u00e7sa asl\u0131nda konu\u015fulup sorunlar\u0131n \u00e7\u00f6z\u00fclece\u011finden de bahseden \u00dcmit Kantarc\u0131lar, bu taktiklerden dolay\u0131 ili\u015fkilerde insanlar\u0131n yaln\u0131zla\u015ft\u0131\u011f\u0131n\u0131 ifade ediyor. Kamuoyunda yer alan haber de ili\u015fkilerde bar\u0131\u015fman\u0131n bile ger\u00e7ekle\u015fti\u011fini ama eskisi gibi olmad\u0131\u011f\u0131n\u0131 da a\u00e7\u0131klamalar\u0131nda yer al\u0131yor.<\/p>\n","protected":false},"excerpt":{"rendered":"<p>\u00dcnl\u00fc isim \u00dcmit Kantarc\u0131lar, zaman zaman magazin g\u00fcndemine gelmeye devam ediyor. Uzun s\u00fcredir ekranlarda yer almayan Kantarc\u0131lar, fenomen dizilerden birinde rol alaca\u011f\u0131 iddialar\u0131yla g\u00fcndeme gelmi\u015fti. \u015eimdilerde ili\u015fkiler hakk\u0131nda dikkat \u00e7eken a\u00e7\u0131klamalar yapan \u00dcmit Kantarc\u0131lar, yak\u0131n arkada\u015f takti\u011fine sert tepki g\u00f6sterdi. <\/p>\n","protected":false},"author":34,"featured_media":315819,"comment_status":"closed","ping_status":"closed","sticky":false,"template":"","format":"standard","meta":{"rank_math_lock_modified_date":false,"footnotes":""},"categories":[76],"tags":[133,2218,74130,10257],"class_list":["post-315817","post","type-post","status-publish","format-standard","has-post-thumbnail","hentry","category-magazin","tag-magazin","tag-magazin-haberleri","tag-umit-kantarci-aciklama","tag-umit-kantarcilar"],"_links":{"self":[{"href":"https:\/\/www.tgrthaber.com\/mavikadin\/wp-json\/wp\/v2\/posts\/315817"}],"collection":[{"href":"https:\/\/www.tgrthaber.com\/mavikadin\/wp-json\/wp\/v2\/posts"}],"about":[{"href":"https:\/\/www.tgrthaber.com\/mavikadin\/wp-json\/wp\/v2\/types\/post"}],"author":[{"embeddable":true,"href":"https:\/\/www.tgrthaber.com\/mavikadin\/wp-json\/wp\/v2\/users\/34"}],"replies":[{"embeddable":true,"href":"https:\/\/www.tgrthaber.com\/mavikadin\/wp-json\/wp\/v2\/comments?post=315817"}],"version-history":[{"count":2,"href":"https:\/\/www.tgrthaber.com\/mavikadin\/wp-json\/wp\/v2\/posts\/315817\/revisions"}],"predecessor-version":[{"id":315826,"href":"https:\/\/www.tgrthaber.com\/mavikadin\/wp-json\/wp\/v2\/posts\/315817\/revisions\/315826"}],"wp:featuredmedia":[{"embeddable":true,"href":"https:\/\/www.tgrthaber.com\/mavikadin\/wp-json\/wp\/v2\/media\/315819"}],"wp:attachment":[{"href":"https:\/\/www.tgrthaber.com\/mavikadin\/wp-json\/wp\/v2\/media?parent=315817"}],"wp:term":[{"taxonomy":"category","embeddable":true,"href":"https:\/\/www.tgrthaber.com\/mavikadin\/wp-json\/wp\/v2\/categories?post=315817"},{"taxonomy":"post_tag","embeddable":true,"href":"https:\/\/www.tgrthaber.com\/mavikadin\/wp-json\/wp\/v2\/tags?post=315817"}],"curies":[{"name":"wp","href":"https:\/\/api.w.org\/{rel}","templated":true}]}}