{"id":315827,"date":"2026-04-28T11:39:03","date_gmt":"2026-04-28T08:39:03","guid":{"rendered":"https:\/\/www.tgrthaber.com\/mavikadin\/?p=315827"},"modified":"2026-04-28T11:39:03","modified_gmt":"2026-04-28T08:39:03","slug":"orgu-yapmayi-sevmeyenleri-bile-orguye-tesvik-ediyor-2026-yazin-her-yerde-gorecegimiz-tigli-orgu-islemleri","status":"publish","type":"post","link":"https:\/\/www.tgrthaber.com\/mavikadin\/orgu-yapmayi-sevmeyenleri-bile-orguye-tesvik-ediyor-2026-yazin-her-yerde-gorecegimiz-tigli-orgu-islemleri\/","title":{"rendered":"\u00d6rg\u00fc yapmay\u0131 sevmeyenleri bile \u00f6rg\u00fcye te\u015fvik ediyor 2026! Yaz\u0131n her yerde g\u00f6rece\u011fimiz t\u0131\u011fl\u0131 \u00f6rg\u00fc i\u015flemleri"},"content":{"rendered":"<p>2026 y\u0131l\u0131nda \u00f6rg\u00fc modellerinde ezberler tamamen bozuldu. \u00d6rg\u00fcden ka\u00e7anlar bile bu modelleri yapabilmek i\u00e7in bir anda kendini t\u0131\u011f se\u00e7erken bulabilir. Art\u0131k t\u0131\u011f i\u015fi \u00f6rg\u00fclerde a\u011f\u0131r ve sadece so\u011fuk havalarda giyilen \u00f6rg\u00fcler rafa kalkt\u0131. \u0130ncecik, hafif ve olduk\u00e7a \u015f\u0131k modern tasar\u0131m \u00f6rg\u00fcleri gard\u0131roplarda yerini ald\u0131. Bu yaz sokaklarda s\u0131kl\u0131kla g\u00f6rece\u011fimiz t\u0131\u011fl\u0131 \u00f6rg\u00fc i\u015flemleri hemen hemen herkesin favori par\u00e7as\u0131 olacak. Peki 2026&#8217;n\u0131n t\u0131\u011fla yap\u0131lan <a href=\"https:\/\/www.tgrthaber.com\/mavikadin\/herkesin-bayilarak-yaptigi-orgu-modeli-2026-yilinda-yeniden-populer-oldu\/\">\u00f6rg\u00fc<\/a> modelleri nelerdir? \u0130\u015fte \u00f6rg\u00fcye te\u015fvik edecek 2026&#8217;n\u0131n t\u0131\u011fl\u0131 \u00f6rg\u00fc i\u015flemleri&#8230;<\/p>\n<h3>\u00d6RG\u00dc YAPMAYI SEVMEYENLER\u0130 B\u0130LE \u00d6RG\u00dcYE TE\u015eV\u0130K ED\u0130YOR 2026!<\/h3>\n<p>2026\u2019n\u0131n <a href=\"https:\/\/www.tgrthaber.com\/mavikadin\/hic-orgu-bilmeyenler-bile-bunu-yapiyor-2026nin-en-cok-konusulan-igne-oyalari\/\">\u00f6rg\u00fc<\/a> modas\u0131nda en dikkat \u00e7eken \u00f6zellik ak\u0131ll\u0131 iplikler ve kolayla\u015ft\u0131r\u0131lm\u0131\u015f kitler oldu. Eskiden karma\u015f\u0131k \u015femalar ve saatler s\u00fcren u\u011fra\u015flarla i\u015flenen modeller, \u015fimdi herkesin yapabilece\u011fi bir hobiye d\u00f6n\u00fc\u015fm\u00fc\u015f durumda.<\/p>\n<p><img loading=\"lazy\" decoding=\"async\" class=\"alignnone wp-image-315836 \" src=\"https:\/\/www.tgrthaber.com\/mavikadin\/wp-content\/uploads\/2026\/04\/i-2026-04-28T111933.760.webp\" alt=\"\" width=\"1318\" height=\"742\" title=\"\" srcset=\"https:\/\/www.tgrthaber.com\/mavikadin\/wp-content\/uploads\/2026\/04\/i-2026-04-28T111933.760.webp 444w, https:\/\/www.tgrthaber.com\/mavikadin\/wp-content\/uploads\/2026\/04\/i-2026-04-28T111933.760-300x169.webp 300w\" sizes=\"(max-width: 1318px) 100vw, 1318px\" \/><\/p>\n<hr \/>\n<p>\u00d6zellikle Mikro-D\u00fc\u011f\u00fcm tekni\u011fi, \u00f6rg\u00fcden ka\u00e7anlar\u0131 bile cezbediyor. Bu teknikle yap\u0131lan bluzlar o kadar profesyonel duruyor ki, insanlar &#8216;Bunu ben mi yapt\u0131m?&#8217; diyerek motivasyonunu art\u0131r\u0131yor.<\/p>\n<p><img loading=\"lazy\" decoding=\"async\" class=\"alignnone wp-image-315837 size-full\" src=\"https:\/\/www.tgrthaber.com\/mavikadin\/wp-content\/uploads\/2026\/04\/6378f27f0e0fae0e76c005f18f2f-aksessuary-shali-vyazanaya-shal-raduga-e1777365031830.jpg\" alt=\"\" width=\"1500\" height=\"947\" title=\"\" srcset=\"https:\/\/www.tgrthaber.com\/mavikadin\/wp-content\/uploads\/2026\/04\/6378f27f0e0fae0e76c005f18f2f-aksessuary-shali-vyazanaya-shal-raduga-e1777365031830.jpg 1500w, https:\/\/www.tgrthaber.com\/mavikadin\/wp-content\/uploads\/2026\/04\/6378f27f0e0fae0e76c005f18f2f-aksessuary-shali-vyazanaya-shal-raduga-e1777365031830-300x189.jpg 300w, https:\/\/www.tgrthaber.com\/mavikadin\/wp-content\/uploads\/2026\/04\/6378f27f0e0fae0e76c005f18f2f-aksessuary-shali-vyazanaya-shal-raduga-e1777365031830-1024x646.jpg 1024w, https:\/\/www.tgrthaber.com\/mavikadin\/wp-content\/uploads\/2026\/04\/6378f27f0e0fae0e76c005f18f2f-aksessuary-shali-vyazanaya-shal-raduga-e1777365031830-768x485.jpg 768w\" sizes=\"(max-width: 1500px) 100vw, 1500px\" \/><\/p>\n<hr \/>\n<h3>YAZIN HER YERDE G\u00d6RECE\u011e\u0130M\u0130Z TI\u011eLI \u00d6RG\u00dc \u0130\u015eLEMLER\u0130<\/h3>\n<p><a href=\"https:\/\/www.tgrthaber.com\/mavikadin\/sandiklardaki-gizemli-tig-isi-igne-oyalari-cikti-2026-ev-dekorasyonuna-damga-vuracak\/\">T\u0131\u011f<\/a> i\u015fi, 2026 yaz\u0131nda sadece k\u0131yafetlerde de\u011fil, aksesuarlardan ev dekorasyonuna kadar her yerde kar\u015f\u0131m\u0131za \u00e7\u0131k\u0131yor. Bu sezonun t\u0131\u011f i\u015flerinde en dikkat \u00e7eken detay ise 3D aplikeler. Bu \u00f6rg\u00fc modelleri d\u00fcz bir \u00f6rg\u00fc zemin \u00fczerine t\u0131\u011fla i\u015flenebiliyor. \u00dc\u00e7 boyutlu \u00e7i\u00e7ekler, deniz kabu\u011fu fig\u00fcrleri ve geometrik kabartmalar, 3D aplikelerde s\u0131k\u00e7a kullan\u0131l\u0131yor. \u0130\u015fte yaz\u0131n her yerde g\u00f6rebilece\u011fimiz t\u0131\u011fl\u0131 \u00f6rg\u00fc i\u015flemlerinde \u00f6ne \u00e7\u0131kan par\u00e7alar&#8230;<\/p>\n<p><img loading=\"lazy\" decoding=\"async\" class=\"alignnone wp-image-315838 size-full\" src=\"https:\/\/www.tgrthaber.com\/mavikadin\/wp-content\/uploads\/2026\/04\/Adsiz-tasarim-2026-04-28T113142.098-scaled.jpg\" alt=\"\" width=\"2560\" height=\"1440\" title=\"\" srcset=\"https:\/\/www.tgrthaber.com\/mavikadin\/wp-content\/uploads\/2026\/04\/Adsiz-tasarim-2026-04-28T113142.098-scaled.jpg 2560w, https:\/\/www.tgrthaber.com\/mavikadin\/wp-content\/uploads\/2026\/04\/Adsiz-tasarim-2026-04-28T113142.098-300x169.jpg 300w, https:\/\/www.tgrthaber.com\/mavikadin\/wp-content\/uploads\/2026\/04\/Adsiz-tasarim-2026-04-28T113142.098-1024x576.jpg 1024w, https:\/\/www.tgrthaber.com\/mavikadin\/wp-content\/uploads\/2026\/04\/Adsiz-tasarim-2026-04-28T113142.098-768x432.jpg 768w, https:\/\/www.tgrthaber.com\/mavikadin\/wp-content\/uploads\/2026\/04\/Adsiz-tasarim-2026-04-28T113142.098-1536x864.jpg 1536w, https:\/\/www.tgrthaber.com\/mavikadin\/wp-content\/uploads\/2026\/04\/Adsiz-tasarim-2026-04-28T113142.098-2048x1152.jpg 2048w\" sizes=\"(max-width: 2560px) 100vw, 2560px\" \/><\/p>\n<hr \/>\n<p><strong>Deniz K\u00f6p\u00fc\u011f\u00fc File Elbiseler<\/strong><\/p>\n<p>Bu model, geni\u015f delikli yap\u0131s\u0131yla 2026 plaj modas\u0131nda olduk\u00e7a tercih ediliyor. \u0130nce merserize ipliklerle \u00f6r\u00fclen bu elbiseler, bikini \u00fczerine giyildi\u011fi zaman hem \u015f\u0131k hem de ferah bir kullan\u0131m sunuyor. Genellikle ekru, kum rengi ve okyanus mavisi tonlar\u0131nda tercih ediliyor.<\/p>\n<p><img loading=\"lazy\" decoding=\"async\" class=\"alignnone wp-image-315839 \" src=\"https:\/\/www.tgrthaber.com\/mavikadin\/wp-content\/uploads\/2026\/04\/Ekran-goruntusu-2026-04-28-112030.png\" alt=\"\" width=\"1160\" height=\"822\" title=\"\" srcset=\"https:\/\/www.tgrthaber.com\/mavikadin\/wp-content\/uploads\/2026\/04\/Ekran-goruntusu-2026-04-28-112030.png 968w, https:\/\/www.tgrthaber.com\/mavikadin\/wp-content\/uploads\/2026\/04\/Ekran-goruntusu-2026-04-28-112030-300x213.png 300w, https:\/\/www.tgrthaber.com\/mavikadin\/wp-content\/uploads\/2026\/04\/Ekran-goruntusu-2026-04-28-112030-768x544.png 768w\" sizes=\"(max-width: 1160px) 100vw, 1160px\" \/><\/p>\n<hr \/>\n<p><strong>Geometrik Patchwork B\u00fcstiyerler<\/strong><\/p>\n<p>Bu modeller farkl\u0131 renklerdeki k\u00fc\u00e7\u00fck karelerin veya \u00fc\u00e7genlerin birle\u015ftirilmesiyle olu\u015fuyor. Retro bir hava sunan geometrik patchwork b\u00fcstiyerler modern kesimlerle \u00e7ok \u00f6zg\u00fcn bir tarz sunuyor. 2026&#8217;da \u00f6zellikle artan iplerin de\u011ferlendirilmesiyle yap\u0131lan bu rengarenk tasar\u0131mlar, y\u00fcksek bel keten pantolonlarla da m\u00fckemmel bir uyum sa\u011fl\u0131yor.<\/p>\n<p><img loading=\"lazy\" decoding=\"async\" class=\"alignnone wp-image-315840 size-full\" src=\"https:\/\/www.tgrthaber.com\/mavikadin\/wp-content\/uploads\/2026\/04\/Ekran-goruntusu-2026-04-28-112122.png\" alt=\"\" width=\"1188\" height=\"748\" title=\"\" srcset=\"https:\/\/www.tgrthaber.com\/mavikadin\/wp-content\/uploads\/2026\/04\/Ekran-goruntusu-2026-04-28-112122.png 1188w, https:\/\/www.tgrthaber.com\/mavikadin\/wp-content\/uploads\/2026\/04\/Ekran-goruntusu-2026-04-28-112122-300x189.png 300w, https:\/\/www.tgrthaber.com\/mavikadin\/wp-content\/uploads\/2026\/04\/Ekran-goruntusu-2026-04-28-112122-1024x645.png 1024w, https:\/\/www.tgrthaber.com\/mavikadin\/wp-content\/uploads\/2026\/04\/Ekran-goruntusu-2026-04-28-112122-768x484.png 768w\" sizes=\"(max-width: 1188px) 100vw, 1188px\" \/><\/p>\n<hr \/>\n<p><strong>Rafya T\u0131\u011f \u0130\u015fi \u00c7antalar<\/strong><\/p>\n<p>Yaz\u0131n vazge\u00e7ilmezi has\u0131r g\u00f6r\u00fcn\u00fcm\u00fc, bu y\u0131l el yap\u0131m\u0131 rafya \u00f6rg\u00fclerle s\u0131k\u00e7a tercih edilen t\u0131\u011f i\u015fi \u00f6rg\u00fcler aras\u0131nda yer al\u0131yor. \u00d6zellikle devasa boyuttaki plaj \u00e7antalar\u0131 ve minik telefon \u00e7antas\u0131 g\u00f6r\u00fcn\u00fcm\u00fcnde olan bu modeller, <a href=\"https:\/\/www.tgrthaber.com\/mavikadin\/tig-isi-orguyle-evinizi-yenileyin-evde-cani-sikilan-kadinlar-buna-sardi\/\">t\u0131\u011f<\/a> i\u015fi teknikleriyle zenginle\u015ftiriliyor.<\/p>\n<p><img loading=\"lazy\" decoding=\"async\" class=\"alignnone wp-image-315841 \" src=\"https:\/\/www.tgrthaber.com\/mavikadin\/wp-content\/uploads\/2026\/04\/Ekran-goruntusu-2026-04-28-112235.png\" alt=\"\" width=\"1171\" height=\"884\" title=\"\" srcset=\"https:\/\/www.tgrthaber.com\/mavikadin\/wp-content\/uploads\/2026\/04\/Ekran-goruntusu-2026-04-28-112235.png 1054w, https:\/\/www.tgrthaber.com\/mavikadin\/wp-content\/uploads\/2026\/04\/Ekran-goruntusu-2026-04-28-112235-300x227.png 300w, https:\/\/www.tgrthaber.com\/mavikadin\/wp-content\/uploads\/2026\/04\/Ekran-goruntusu-2026-04-28-112235-1024x773.png 1024w, https:\/\/www.tgrthaber.com\/mavikadin\/wp-content\/uploads\/2026\/04\/Ekran-goruntusu-2026-04-28-112235-768x580.png 768w\" sizes=\"(max-width: 1171px) 100vw, 1171px\" \/><\/p>\n<hr \/>\n<p><strong>Ajurlu Yazl\u0131k H\u0131rkalar<\/strong><\/p>\n<p>Serin yaz ak\u015famlar\u0131 i\u00e7in tasarlanan, delikli yap\u0131s\u0131yla terletmeyen k\u0131sa h\u0131rkalar 2026 yaz\u0131nda da \u00e7ok moda. \u00d6zellikle kol u\u00e7lar\u0131nda ve yakalarda kullan\u0131lan yo\u011fun t\u0131\u011f i\u015fi dantel detaylar\u0131, bu par\u00e7alar\u0131 \u00e7ok \u015f\u0131k g\u00f6steriyor.<\/p>\n<p><img loading=\"lazy\" decoding=\"async\" class=\"alignnone wp-image-315843 size-full\" src=\"https:\/\/www.tgrthaber.com\/mavikadin\/wp-content\/uploads\/2026\/04\/Adsiz-tasarim-2026-04-28T113805.063-scaled.jpg\" alt=\"\" width=\"2560\" height=\"1440\" title=\"\" srcset=\"https:\/\/www.tgrthaber.com\/mavikadin\/wp-content\/uploads\/2026\/04\/Adsiz-tasarim-2026-04-28T113805.063-scaled.jpg 2560w, https:\/\/www.tgrthaber.com\/mavikadin\/wp-content\/uploads\/2026\/04\/Adsiz-tasarim-2026-04-28T113805.063-300x169.jpg 300w, https:\/\/www.tgrthaber.com\/mavikadin\/wp-content\/uploads\/2026\/04\/Adsiz-tasarim-2026-04-28T113805.063-1024x576.jpg 1024w, https:\/\/www.tgrthaber.com\/mavikadin\/wp-content\/uploads\/2026\/04\/Adsiz-tasarim-2026-04-28T113805.063-768x432.jpg 768w, https:\/\/www.tgrthaber.com\/mavikadin\/wp-content\/uploads\/2026\/04\/Adsiz-tasarim-2026-04-28T113805.063-1536x864.jpg 1536w, https:\/\/www.tgrthaber.com\/mavikadin\/wp-content\/uploads\/2026\/04\/Adsiz-tasarim-2026-04-28T113805.063-2048x1152.jpg 2048w\" sizes=\"(max-width: 2560px) 100vw, 2560px\" \/><\/p>\n<hr \/>\n<h3>EN SIK SORULAN SORULAR VE CEVAPLARI<\/h3>\n<h3>Yaz\u0131n \u00f6rg\u00fc giymek terletmez mi?<\/h3>\n<p>2026 y\u0131l\u0131nda \u00f6zellikle terletmeyen kuma\u015flar ve iplikler tercih ediliyor. Bambu, keten ve ince pamuklu ipliklerle \u00f6r\u00fclen \u00f6rg\u00fcler cildin nefes almas\u0131n\u0131 sa\u011fl\u0131yor ve sentetik kuma\u015flardan bile \u00e7ok daha serin tutuyor.<\/p>\n<h3>\u00d6rg\u00fc k\u0131yafetlerin bak\u0131m\u0131 zor mu?<\/h3>\n<p>\u00d6rg\u00fc k\u0131yafetler hassast\u0131r. Makinede hassas y\u0131kamada y\u0131kamak ve formunu korumak i\u00e7in sererek kurutmak gerekiyor.<\/p>\n","protected":false},"excerpt":{"rendered":"<p>2026 y\u0131l\u0131nda moda d\u00fcnyas\u0131n\u0131n kalbi el eme\u011fi g\u00f6z nuru \u00fcr\u00fcnlerde at\u0131yor. Podyumlardan sokaklara kadar her yerde g\u00f6rebilece\u011fimiz t\u0131\u011fl\u0131 \u00f6rg\u00fc i\u015flemleri, \u00f6rg\u00fc yapmay\u0131 sevmeyenleri bile \u00f6rg\u00fcye te\u015fvik edecek \u015f\u0131kl\u0131k ve pratiklik sunuyor. Peki 2026&#8217;n\u0131n en favori t\u0131\u011fla yap\u0131lan \u00f6rg\u00fc modelleri nelerdir? \u0130\u015fte cevab\u0131&#8230;<\/p>\n","protected":false},"author":35,"featured_media":315835,"comment_status":"closed","ping_status":"closed","sticky":false,"template":"","format":"standard","meta":{"rank_math_lock_modified_date":false,"footnotes":""},"categories":[1797],"tags":[74135,74134,61078,56763,73119],"class_list":["post-315827","post","type-post","status-publish","format-standard","has-post-thumbnail","hentry","category-orgu-hobi","tag-2026-tig-orgu","tag-el-isi-orgu-hobi","tag-moda","tag-orgu","tag-pratik-orgu-modelleri"],"_links":{"self":[{"href":"https:\/\/www.tgrthaber.com\/mavikadin\/wp-json\/wp\/v2\/posts\/315827"}],"collection":[{"href":"https:\/\/www.tgrthaber.com\/mavikadin\/wp-json\/wp\/v2\/posts"}],"about":[{"href":"https:\/\/www.tgrthaber.com\/mavikadin\/wp-json\/wp\/v2\/types\/post"}],"author":[{"embeddable":true,"href":"https:\/\/www.tgrthaber.com\/mavikadin\/wp-json\/wp\/v2\/users\/35"}],"replies":[{"embeddable":true,"href":"https:\/\/www.tgrthaber.com\/mavikadin\/wp-json\/wp\/v2\/comments?post=315827"}],"version-history":[{"count":1,"href":"https:\/\/www.tgrthaber.com\/mavikadin\/wp-json\/wp\/v2\/posts\/315827\/revisions"}],"predecessor-version":[{"id":315844,"href":"https:\/\/www.tgrthaber.com\/mavikadin\/wp-json\/wp\/v2\/posts\/315827\/revisions\/315844"}],"wp:featuredmedia":[{"embeddable":true,"href":"https:\/\/www.tgrthaber.com\/mavikadin\/wp-json\/wp\/v2\/media\/315835"}],"wp:attachment":[{"href":"https:\/\/www.tgrthaber.com\/mavikadin\/wp-json\/wp\/v2\/media?parent=315827"}],"wp:term":[{"taxonomy":"category","embeddable":true,"href":"https:\/\/www.tgrthaber.com\/mavikadin\/wp-json\/wp\/v2\/categories?post=315827"},{"taxonomy":"post_tag","embeddable":true,"href":"https:\/\/www.tgrthaber.com\/mavikadin\/wp-json\/wp\/v2\/tags?post=315827"}],"curies":[{"name":"wp","href":"https:\/\/api.w.org\/{rel}","templated":true}]}}