{"id":315828,"date":"2026-04-28T11:26:31","date_gmt":"2026-04-28T08:26:31","guid":{"rendered":"https:\/\/www.tgrthaber.com\/mavikadin\/?p=315828"},"modified":"2026-04-28T11:26:31","modified_gmt":"2026-04-28T08:26:31","slug":"demet-ozdemir-trendyolmillanin-yeni-marka-yuzu-oldu","status":"publish","type":"post","link":"https:\/\/www.tgrthaber.com\/mavikadin\/demet-ozdemir-trendyolmillanin-yeni-marka-yuzu-oldu\/","title":{"rendered":"Demet \u00d6zdemir Trendyolmilla\u2019n\u0131n yeni marka y\u00fcz\u00fc oldu!"},"content":{"rendered":"<p><strong>T\u00fcrkiye\u2019nin lider online moda platformlar\u0131ndan Trendyolmilla, yeni sezon i\u00e7in heyecan verici bir i\u015f birli\u011fine imza att\u0131. Stil sahibi duru\u015fu ve enerjisiyle dikkat \u00e7eken \u00fcnl\u00fc oyuncu Demet \u00d6zdemir, Trendyolmilla\u2019n\u0131n yeni marka y\u00fcz\u00fc oldu. Trendyolmilla\u2019n\u0131n trendleri yakalayan ve herkes i\u00e7in ula\u015f\u0131labilir stil vizyonu ile Demet \u00d6zdemir&#8217;in g\u00fc\u00e7l\u00fc tarz\u0131n\u0131n bulu\u015ftu\u011fu bu i\u015f birli\u011finde, sezonun \u00f6ne \u00e7\u0131kan g\u00f6r\u00fcn\u00fcmleri moda severlerin be\u011fenisine sunuluyor.<\/strong><\/p>\n<p>Moday\u0131 ula\u015f\u0131labilir, trend odakl\u0131 ve ilham veren bir yakla\u015f\u0131mla sunan Trendyolmilla, ilkbahar-yaz sezonunda T\u00fcrkiye\u2019nin y\u0131ld\u0131z isimlerinden Demet \u00d6zdemir ile g\u00fc\u00e7lerini birle\u015ftirdi. Demet \u00d6zdemir, Trendyolmilla\u2019n\u0131n <strong><em>&#8216;Kendini Yans\u0131t D\u00fcnyaya&#8217;<\/em><\/strong> mottosuyla stil ve trend odakl\u0131 ruhunu yans\u0131tacak. Bu stratejik i\u015f birli\u011fi; Demet \u00d6zdemir\u2019in \u00e7ok y\u00f6nl\u00fc yetene\u011fi ve kendine has tarz\u0131yla, Trendyolmilla\u2019n\u0131n sundu\u011fu geni\u015f \u00fcr\u00fcn d\u00fcnyas\u0131n\u0131 modan\u0131n merkezine yerle\u015ftirerek, \u00e7ok daha g\u00fc\u00e7l\u00fc ve ilham verici bir stil yolculu\u011funun kap\u0131lar\u0131n\u0131 aralamay\u0131 hedefliyor.<\/p>\n<p><img loading=\"lazy\" decoding=\"async\" class=\"size-full wp-image-315830\" src=\"https:\/\/www.tgrthaber.com\/mavikadin\/wp-content\/uploads\/2026\/04\/Demet-Ozdemir-3.jpg\" alt=\"Trendyolmilla\u2019n\u0131n yeni marka y\u00fcz\u00fc \nDemet \u00d6zdemir oldu\n\" width=\"1208\" height=\"680\" title=\"\" srcset=\"https:\/\/www.tgrthaber.com\/mavikadin\/wp-content\/uploads\/2026\/04\/Demet-Ozdemir-3.jpg 1208w, https:\/\/www.tgrthaber.com\/mavikadin\/wp-content\/uploads\/2026\/04\/Demet-Ozdemir-3-300x169.jpg 300w, https:\/\/www.tgrthaber.com\/mavikadin\/wp-content\/uploads\/2026\/04\/Demet-Ozdemir-3-1024x576.jpg 1024w, https:\/\/www.tgrthaber.com\/mavikadin\/wp-content\/uploads\/2026\/04\/Demet-Ozdemir-3-768x432.jpg 768w\" sizes=\"(max-width: 1208px) 100vw, 1208px\" \/><\/p>\n<hr \/>\n<h3>SEZONUN TRENDLER\u0130 DEMET \u00d6ZDEM\u0130R\u2019\u0130N ST\u0130L\u0130YLE BULU\u015eUYOR<\/h3>\n<p>Trendyolmilla&#8217;n\u0131n 2026 \u0130lkbahar\/Yaz sezonu i\u00e7in haz\u0131rlad\u0131\u011f\u0131 koleksiyon, farkl\u0131 g\u00f6r\u00fcn\u00fcmleri tamamlayan par\u00e7alar ile ayakkab\u0131 ve \u00e7anta gibi tamamlay\u0131c\u0131 aksesuarlarla birlikte sunuluyor. Sezon \u00e7ekimlerinde Demet \u00d6zdemir\u2019in farkl\u0131 g\u00f6r\u00fcn\u00fcmlerini tamamlayan koleksiyonun par\u00e7alar\u0131, Trendyolmilla\u2019n\u0131n dinamik stilini sezonun en canl\u0131 renk paletiyle bir araya getiriyor.<\/p>\n<p><img loading=\"lazy\" decoding=\"async\" class=\"size-full wp-image-315831\" src=\"https:\/\/www.tgrthaber.com\/mavikadin\/wp-content\/uploads\/2026\/04\/Demet-Ozdemir-4.jpg\" alt=\"Trendyolmilla\u2019n\u0131n yeni marka y\u00fcz\u00fc \nDemet \u00d6zdemir oldu\n\" width=\"1208\" height=\"680\" title=\"\" srcset=\"https:\/\/www.tgrthaber.com\/mavikadin\/wp-content\/uploads\/2026\/04\/Demet-Ozdemir-4.jpg 1208w, https:\/\/www.tgrthaber.com\/mavikadin\/wp-content\/uploads\/2026\/04\/Demet-Ozdemir-4-300x169.jpg 300w, https:\/\/www.tgrthaber.com\/mavikadin\/wp-content\/uploads\/2026\/04\/Demet-Ozdemir-4-1024x576.jpg 1024w, https:\/\/www.tgrthaber.com\/mavikadin\/wp-content\/uploads\/2026\/04\/Demet-Ozdemir-4-768x432.jpg 768w\" sizes=\"(max-width: 1208px) 100vw, 1208px\" \/><\/p>\n<hr \/>\n<p>Koleksiyonda kendisi i\u00e7in \u00f6ne \u00e7\u0131kan par\u00e7alar\u0131n sezonun enerjisini yans\u0131tan renkli bomber ceketler, denimler ve hem g\u00fcnd\u00fcz hem geceye uyarlanabilen \u015f\u0131k elbiseler oldu\u011funu belirten <strong><em>Demet \u00d6zdemir<\/em><\/strong>, Trendyolmilla i\u015f birli\u011fini \u015fu s\u00f6zlerle \u00f6zetledi: <em>\u201cT\u00fcrkiye&#8217;nin \u00f6nde gelen dijital moda markalar\u0131ndan Trendyolmilla ile bu yolculu\u011fa \u00e7\u0131kmak benim i\u00e7in \u00e7ok heyecan vericiydi. Bu i\u015f birli\u011finin haz\u0131rl\u0131k s\u00fcrecinin her detay\u0131nda o g\u00fc\u00e7l\u00fc ve dinamik ruhu hissetti\u011fim keyifli bir \u00e7al\u0131\u015fma oldu. B\u00f6ylesine ilham verici bir hik\u00e2yenin par\u00e7as\u0131 olmaktan b\u00fcy\u00fck mutluluk duyuyorum.\u201d<\/em><\/p>\n<p><img loading=\"lazy\" decoding=\"async\" class=\"size-full wp-image-315832\" src=\"https:\/\/www.tgrthaber.com\/mavikadin\/wp-content\/uploads\/2026\/04\/Demet-Ozdemir-1.jpg\" alt=\"Trendyolmilla\u2019n\u0131n yeni marka y\u00fcz\u00fc \nDemet \u00d6zdemir oldu\n\" width=\"1208\" height=\"680\" title=\"\" srcset=\"https:\/\/www.tgrthaber.com\/mavikadin\/wp-content\/uploads\/2026\/04\/Demet-Ozdemir-1.jpg 1208w, https:\/\/www.tgrthaber.com\/mavikadin\/wp-content\/uploads\/2026\/04\/Demet-Ozdemir-1-300x169.jpg 300w, https:\/\/www.tgrthaber.com\/mavikadin\/wp-content\/uploads\/2026\/04\/Demet-Ozdemir-1-1024x576.jpg 1024w, https:\/\/www.tgrthaber.com\/mavikadin\/wp-content\/uploads\/2026\/04\/Demet-Ozdemir-1-768x432.jpg 768w\" sizes=\"(max-width: 1208px) 100vw, 1208px\" \/><\/p>\n<hr \/>\n<h3>HER AN \u0130\u00c7\u0130N \u00d6ZG\u00dcR B\u0130R ST\u0130L<\/h3>\n<p>Trendyolmilla 2026 \u0130lkbahar\/Yaz koleksiyonu tak\u0131m elbiselerden denimlere, \u015f\u0131k elbiselerden alt-\u00fcst tak\u0131mlara kadar geni\u015f bir yelpaze sunuyor. Demet \u00d6zdemir\u2019in g\u00fcnl\u00fck hayat\u0131ndaki \u015f\u0131k ve rahat tarz\u0131ndan ilham alan par\u00e7alar, g\u00fcnd\u00fczden geceye zahmetsizce uyarlanabilecek \u015fekilde tasarland\u0131. Koleksiyonda \u00f6zellikle bomber ceketler, denimler ve sezonun favorisi olan elbiseler, ayakkab\u0131 ve \u00e7antalarla tamamlanarak g\u00fc\u00e7l\u00fc bir stil duru\u015fu sergiliyor. Koleksiyonun renk paleti, sezonun enerjisini yans\u0131tan soft pembe ve turuncu tonlar\u0131n\u0131n yan\u0131 s\u0131ra ekru ve bej gibi naturel renklerle dengeleniyor. \u00c7i\u00e7ek desenlerinin hareket katt\u0131\u011f\u0131 se\u00e7kide; dantel, payet, \u015fifon ve denim gibi farkl\u0131 dokular bir arada kullan\u0131larak feminenlik ile g\u00fc\u00e7 aras\u0131nda kusursuz bir denge kuruluyor. Trendyolmilla ve Demet \u00d6zdemir i\u015f birli\u011fiyle haz\u0131rlanan bu \u00f6zel koleksiyon, 27 Nisan itibar\u0131yla Trendyolmilla uygulamas\u0131nda moda tutkunlar\u0131n\u0131 bekliyor.<\/p>\n","protected":false},"excerpt":{"rendered":"<p>Ba\u015far\u0131l\u0131 oyunculuk kariyeri ve g\u00fczelli\u011fiyle s\u0131k s\u0131k g\u00fcndeme gelen Demet \u00d6zdemir Trendyolmilla\u2019n\u0131n yeni marka y\u00fcz\u00fc oldu. \u00dcnl\u00fc oyuncu, Trendyolmilla ile yeni sezon i\u00e7in heyecan verici bir i\u015f birli\u011fine imza att\u0131. Trendyolmilla\u2019n\u0131n yeni marka y\u00fcz\u00fc, stil sahibi duru\u015fu ve enerjisiyle dikkat \u00e7eken \u00fcnl\u00fc oyuncu Demet \u00d6zdemir oldu.<\/p>\n","protected":false},"author":26,"featured_media":315829,"comment_status":"closed","ping_status":"closed","sticky":false,"template":"","format":"standard","meta":{"rank_math_lock_modified_date":false,"footnotes":""},"categories":[1305],"tags":[2570,74131,74132,74133],"class_list":["post-315828","post","type-post","status-publish","format-standard","has-post-thumbnail","hentry","category-moda","tag-demet-ozdemir","tag-demet-ozdemir-trendyolmilla","tag-trendyolmilla","tag-trendyolmilla-demet-ozdemir-isbirligi"],"_links":{"self":[{"href":"https:\/\/www.tgrthaber.com\/mavikadin\/wp-json\/wp\/v2\/posts\/315828"}],"collection":[{"href":"https:\/\/www.tgrthaber.com\/mavikadin\/wp-json\/wp\/v2\/posts"}],"about":[{"href":"https:\/\/www.tgrthaber.com\/mavikadin\/wp-json\/wp\/v2\/types\/post"}],"author":[{"embeddable":true,"href":"https:\/\/www.tgrthaber.com\/mavikadin\/wp-json\/wp\/v2\/users\/26"}],"replies":[{"embeddable":true,"href":"https:\/\/www.tgrthaber.com\/mavikadin\/wp-json\/wp\/v2\/comments?post=315828"}],"version-history":[{"count":2,"href":"https:\/\/www.tgrthaber.com\/mavikadin\/wp-json\/wp\/v2\/posts\/315828\/revisions"}],"predecessor-version":[{"id":315834,"href":"https:\/\/www.tgrthaber.com\/mavikadin\/wp-json\/wp\/v2\/posts\/315828\/revisions\/315834"}],"wp:featuredmedia":[{"embeddable":true,"href":"https:\/\/www.tgrthaber.com\/mavikadin\/wp-json\/wp\/v2\/media\/315829"}],"wp:attachment":[{"href":"https:\/\/www.tgrthaber.com\/mavikadin\/wp-json\/wp\/v2\/media?parent=315828"}],"wp:term":[{"taxonomy":"category","embeddable":true,"href":"https:\/\/www.tgrthaber.com\/mavikadin\/wp-json\/wp\/v2\/categories?post=315828"},{"taxonomy":"post_tag","embeddable":true,"href":"https:\/\/www.tgrthaber.com\/mavikadin\/wp-json\/wp\/v2\/tags?post=315828"}],"curies":[{"name":"wp","href":"https:\/\/api.w.org\/{rel}","templated":true}]}}