{"id":315865,"date":"2026-04-28T13:07:52","date_gmt":"2026-04-28T10:07:52","guid":{"rendered":"https:\/\/www.tgrthaber.com\/mavikadin\/?p=315865"},"modified":"2026-04-28T14:34:09","modified_gmt":"2026-04-28T11:34:09","slug":"masterchef-sergenin-aci-biber-taktigi-eser-yenenler-gulmekten-yiyemedi","status":"publish","type":"post","link":"https:\/\/www.tgrthaber.com\/mavikadin\/masterchef-sergenin-aci-biber-taktigi-eser-yenenler-gulmekten-yiyemedi\/","title":{"rendered":"MasterChef Sergen&#8217;in ac\u0131 biber takti\u011fi! Eser Yenenler g\u00fclmekten yiyemedi"},"content":{"rendered":"<p>MasterChef Sergen, Eser Yenenler\u2019in yeni format\u0131 \u2018Eser Yenenler ile A\u00e7\u0131z\u2019a konuk oldu. TV8 ekranlar\u0131n\u0131n b\u00fcy\u00fck bir ilgiyle takip edilen yar\u0131\u015fma program\u0131 MasterChef T\u00fcrkiye ile ad\u0131n\u0131 geni\u015f kitlelere duyuran Sergen, k\u00f6ftecisinde kulland\u0131\u011f\u0131 ac\u0131 biber takti\u011fini a\u00e7\u0131klad\u0131. Yay\u0131nland\u0131\u011f\u0131 d\u00f6neme damga vuran ve b\u00fcy\u00fck bir izleyici kitlesine sahip olan MasterChef T\u00fcrkiye yar\u0131\u015fmas\u0131nda ba\u015far\u0131l\u0131 performans\u0131yla ad\u0131ndan s\u00f6z ettiren Sergen, bu kez samimi itiraflar\u0131yla dikkatleri \u00fczerine \u00e7ekti. MasterChef Sergen\u2019in samimi itiraf\u0131 k\u0131sa s\u00fcrede sosyal medyada h\u0131zla yay\u0131ld\u0131. \u00dcnl\u00fc yar\u0131\u015fmac\u0131 magazin g\u00fcndemine ise bomba gibi oturdu.<\/p>\n<h3>MASTERCHEF SERGEN\u2019DEN SAM\u0130M\u0130 \u0130T\u0130RAF!<\/h3>\n<p><a href=\"https:\/\/www.tgrthaber.com\/mavikadin\/masterchef-turkiye-all-star-birincisi-ne-kazanacak-buyuk-odul-sosyal-medyayi-salladi\/\">MasterChef T\u00fcrkiye<\/a> yar\u0131\u015fmas\u0131nda ba\u015far\u0131l\u0131 performans\u0131yla dikkatleri \u00fczerine \u00e7eken Sergen \u00d6zen\u2019den samimi itiraf geldi. Profesyonel mutfak tekni\u011fine hakim olan yap\u0131s\u0131, yar\u0131\u015fma boyunca sergiledi\u011fi \u00fcst\u00fcn ba\u015far\u0131yla ad\u0131ndan s\u00f6z ettiren Sergen, Eser Yenenler\u2019in yeni format\u0131 \u2018Eser Yenenler ile A\u00e7\u0131z\u2019a konuk oldu.<\/p>\n<p><img loading=\"lazy\" decoding=\"async\" class=\"size-full wp-image-315870\" src=\"https:\/\/www.tgrthaber.com\/mavikadin\/wp-content\/uploads\/2026\/04\/MasterChef-Sergen-6.jpg\" alt=\"MasterChef Sergen\u2019den samimi itiraf! \u201cAc\u0131 olsun ki yemesinler\u201d\" width=\"1208\" height=\"680\" title=\"\" srcset=\"https:\/\/www.tgrthaber.com\/mavikadin\/wp-content\/uploads\/2026\/04\/MasterChef-Sergen-6.jpg 1208w, https:\/\/www.tgrthaber.com\/mavikadin\/wp-content\/uploads\/2026\/04\/MasterChef-Sergen-6-300x169.jpg 300w, https:\/\/www.tgrthaber.com\/mavikadin\/wp-content\/uploads\/2026\/04\/MasterChef-Sergen-6-1024x576.jpg 1024w, https:\/\/www.tgrthaber.com\/mavikadin\/wp-content\/uploads\/2026\/04\/MasterChef-Sergen-6-768x432.jpg 768w\" sizes=\"(max-width: 1208px) 100vw, 1208px\" \/><\/p>\n<hr \/>\n<p>EYS TV YouTube kanal\u0131nda yay\u0131nlanan \u2018Eser Yenenler ile A\u00e7\u0131z\u2019 program\u0131n\u0131n bu haftaki dura\u011f\u0131 MasterChef Sergen\u2019in k\u00f6ftecisi oldu. \u0130tiraf Et turneleriyle \u015fehir \u015fehir gezilen ve bir taraftan da \u015fehir \u015fehir yemek yenilen \u2018Eser Yenenler ile A\u00e7\u0131z\u2019 program\u0131n\u0131n 6. b\u00f6l\u00fcm\u00fcne MasterChef Sergen konuk oldu. Tekirda\u011f\u2019da Masterchef Sergen&#8217;in k\u00f6ftecisinde k\u00f6fte yemenin keyfini s\u00fcren ekip, kahkaha dolu anlar da ya\u015fad\u0131.<\/p>\n<p><img loading=\"lazy\" decoding=\"async\" class=\"size-full wp-image-315868\" src=\"https:\/\/www.tgrthaber.com\/mavikadin\/wp-content\/uploads\/2026\/04\/MasterChef-Sergen-4.jpg\" alt=\"MasterChef Sergen\u2019den samimi itiraf! \u201cAc\u0131 olsun ki yemesinler\u201d\" width=\"1208\" height=\"680\" title=\"\" srcset=\"https:\/\/www.tgrthaber.com\/mavikadin\/wp-content\/uploads\/2026\/04\/MasterChef-Sergen-4.jpg 1208w, https:\/\/www.tgrthaber.com\/mavikadin\/wp-content\/uploads\/2026\/04\/MasterChef-Sergen-4-300x169.jpg 300w, https:\/\/www.tgrthaber.com\/mavikadin\/wp-content\/uploads\/2026\/04\/MasterChef-Sergen-4-1024x576.jpg 1024w, https:\/\/www.tgrthaber.com\/mavikadin\/wp-content\/uploads\/2026\/04\/MasterChef-Sergen-4-768x432.jpg 768w\" sizes=\"(max-width: 1208px) 100vw, 1208px\" \/><\/p>\n<hr \/>\n<p>TV8 ekranlar\u0131n\u0131n b\u00fcy\u00fck bir ilgiyle takip edilen yar\u0131\u015fma program\u0131 MasterChef T\u00fcrkiye ile ad\u0131n\u0131 geni\u015f kitlelere duyuran Sergen \u00d6zen, k\u00f6ftecisinde kulland\u0131\u011f\u0131 ac\u0131 biber takti\u011fini a\u00e7\u0131klayarak, samimi itiraflarda bulundu. Yay\u0131nland\u0131\u011f\u0131 d\u00f6neme damga vuran ve b\u00fcy\u00fck bir izleyici kitlesine sahip olan MasterChef T\u00fcrkiye yar\u0131\u015fmas\u0131nda ba\u015far\u0131l\u0131 performans\u0131yla ad\u0131ndan s\u00f6z ettiren Sergen, bu kez samimi itiraflar\u0131yla dikkatleri \u00fczerine \u00e7ekti.<\/p>\n<p><img loading=\"lazy\" decoding=\"async\" class=\"size-full wp-image-315869\" src=\"https:\/\/www.tgrthaber.com\/mavikadin\/wp-content\/uploads\/2026\/04\/MasterChef-Sergen-5.jpg\" alt=\"MasterChef Sergen\u2019den samimi itiraf! \u201cAc\u0131 olsun ki yemesinler\u201d\" width=\"1208\" height=\"680\" title=\"\" srcset=\"https:\/\/www.tgrthaber.com\/mavikadin\/wp-content\/uploads\/2026\/04\/MasterChef-Sergen-5.jpg 1208w, https:\/\/www.tgrthaber.com\/mavikadin\/wp-content\/uploads\/2026\/04\/MasterChef-Sergen-5-300x169.jpg 300w, https:\/\/www.tgrthaber.com\/mavikadin\/wp-content\/uploads\/2026\/04\/MasterChef-Sergen-5-1024x576.jpg 1024w, https:\/\/www.tgrthaber.com\/mavikadin\/wp-content\/uploads\/2026\/04\/MasterChef-Sergen-5-768x432.jpg 768w\" sizes=\"(max-width: 1208px) 100vw, 1208px\" \/><\/p>\n<hr \/>\n<h3>\u201cACI OLSUN K\u0130 YEMES\u0130NLER\u201d<\/h3>\n<p><a href=\"https:\/\/www.tgrthaber.com\/mavikadin\/masterchef-pelin-zamanin-yarisma-sonrasi-degisimi-goz-kamastirdi-gorenler-inanamadi\/\">MasterChef T\u00fcrkiye<\/a> yar\u0131\u015fmas\u0131yla haf\u0131zlara kaz\u0131nan Sergen \u00d6zen, program\u0131n ard\u0131ndan ba\u015far\u0131l\u0131 kariyerini t\u00fcm h\u0131z\u0131yla s\u00fcrd\u00fcr\u00fcyor. \u015eimdilerde \u2018K\u00f6fteci Sergen\u2019 ad\u0131ndaki i\u015fletmesiyle ad\u0131n\u0131 geni\u015f kitlelere duyurmay\u0131 devam ettiren Sergen, k\u00f6ftecisinde kulland\u0131\u011f\u0131 ac\u0131 biber takti\u011fiyle dikkatleri \u00fczerine \u00e7ekti.<\/p>\n<p><img loading=\"lazy\" decoding=\"async\" class=\"size-full wp-image-315866\" src=\"https:\/\/www.tgrthaber.com\/mavikadin\/wp-content\/uploads\/2026\/04\/MasterChef-Sergen-2.jpg\" alt=\"MasterChef Sergen\u2019den samimi itiraf! \u201cAc\u0131 olsun ki yemesinler\u201d\" width=\"1208\" height=\"680\" title=\"\" srcset=\"https:\/\/www.tgrthaber.com\/mavikadin\/wp-content\/uploads\/2026\/04\/MasterChef-Sergen-2.jpg 1208w, https:\/\/www.tgrthaber.com\/mavikadin\/wp-content\/uploads\/2026\/04\/MasterChef-Sergen-2-300x169.jpg 300w, https:\/\/www.tgrthaber.com\/mavikadin\/wp-content\/uploads\/2026\/04\/MasterChef-Sergen-2-1024x576.jpg 1024w, https:\/\/www.tgrthaber.com\/mavikadin\/wp-content\/uploads\/2026\/04\/MasterChef-Sergen-2-768x432.jpg 768w\" sizes=\"(max-width: 1208px) 100vw, 1208px\" \/><\/p>\n<hr \/>\n<p>Eser Yenenler\u2019in yeni format\u0131 \u2018Eser Yenenler ile A\u00e7\u0131z\u2019a konuk olan MasterChef Sergen, samimi itiraflar\u0131yla magazin g\u00fcndeminde yer ald\u0131. Konuk oldu\u011fu \u2018Eser Yenenler ile A\u00e7\u0131z\u2019 program\u0131nda ekipten birinin \u201cBiber \u00e7ok ac\u0131 uyar\u0131y\u0131m\u201d demesi \u00fczerine \u00fcnl\u00fc yar\u0131\u015fmac\u0131, k\u00f6ftecisinde kulland\u0131\u011f\u0131 ac\u0131 biber takti\u011fini a\u00e7\u0131klad\u0131. Sergen, a\u00e7\u0131klamas\u0131nda \u015fu ifadelere yer verdi:<\/p>\n<p><img loading=\"lazy\" decoding=\"async\" class=\"alignnone size-full wp-image-315894\" src=\"https:\/\/www.tgrthaber.com\/mavikadin\/wp-content\/uploads\/2026\/04\/Adsiz-tasarim-2.jpg\" alt=\"\" width=\"1208\" height=\"680\" title=\"\" srcset=\"https:\/\/www.tgrthaber.com\/mavikadin\/wp-content\/uploads\/2026\/04\/Adsiz-tasarim-2.jpg 1208w, https:\/\/www.tgrthaber.com\/mavikadin\/wp-content\/uploads\/2026\/04\/Adsiz-tasarim-2-300x169.jpg 300w, https:\/\/www.tgrthaber.com\/mavikadin\/wp-content\/uploads\/2026\/04\/Adsiz-tasarim-2-1024x576.jpg 1024w, https:\/\/www.tgrthaber.com\/mavikadin\/wp-content\/uploads\/2026\/04\/Adsiz-tasarim-2-768x432.jpg 768w\" sizes=\"(max-width: 1208px) 100vw, 1208px\" \/><\/p>\n<hr \/>\n<p>\u201cBiberi \u00f6zellikle ac\u0131 koyuyoruz abi. Ekstra biber istiyorlar sonra masaya. Biberin kilosu \u00e7ok pahal\u0131 \u015fu an 140 TL. Ac\u0131 olsun ki yemesinler diye \u00e7ok ac\u0131s\u0131n\u0131 se\u00e7iyoruz.\u201d<\/p>\n","protected":false},"excerpt":{"rendered":"<p>MasterChef yar\u0131\u015fmas\u0131n\u0131n b\u00fcy\u00fck bir ilgiyle takip edilen yar\u0131\u015fmac\u0131lar\u0131 aras\u0131nda yer alan Sergen, k\u00f6ftecisinde kulland\u0131\u011f\u0131 ac\u0131 biber takti\u011fini a\u00e7\u0131klad\u0131. Eser Yenenler\u2019in yeni format\u0131 \u2018Eser Yenenler ile A\u00e7\u0131z\u2019a konuk olan MasterChef Sergen, samimi itiraflar\u0131yla magazin g\u00fcndeminde yer ald\u0131. \u0130\u015fte detaylar\u2026<\/p>\n","protected":false},"author":26,"featured_media":315867,"comment_status":"closed","ping_status":"closed","sticky":false,"template":"","format":"standard","meta":{"rank_math_lock_modified_date":false,"footnotes":""},"categories":[76],"tags":[5045,74137,133,2218,1120,68283,47598],"class_list":["post-315865","post","type-post","status-publish","format-standard","has-post-thumbnail","hentry","category-magazin","tag-eser-yenenler","tag-eser-yenenler-ile-aciz","tag-magazin","tag-magazin-haberleri","tag-masterchef","tag-masterchef-sergen","tag-sergen-ozen"],"_links":{"self":[{"href":"https:\/\/www.tgrthaber.com\/mavikadin\/wp-json\/wp\/v2\/posts\/315865"}],"collection":[{"href":"https:\/\/www.tgrthaber.com\/mavikadin\/wp-json\/wp\/v2\/posts"}],"about":[{"href":"https:\/\/www.tgrthaber.com\/mavikadin\/wp-json\/wp\/v2\/types\/post"}],"author":[{"embeddable":true,"href":"https:\/\/www.tgrthaber.com\/mavikadin\/wp-json\/wp\/v2\/users\/26"}],"replies":[{"embeddable":true,"href":"https:\/\/www.tgrthaber.com\/mavikadin\/wp-json\/wp\/v2\/comments?post=315865"}],"version-history":[{"count":5,"href":"https:\/\/www.tgrthaber.com\/mavikadin\/wp-json\/wp\/v2\/posts\/315865\/revisions"}],"predecessor-version":[{"id":315895,"href":"https:\/\/www.tgrthaber.com\/mavikadin\/wp-json\/wp\/v2\/posts\/315865\/revisions\/315895"}],"wp:featuredmedia":[{"embeddable":true,"href":"https:\/\/www.tgrthaber.com\/mavikadin\/wp-json\/wp\/v2\/media\/315867"}],"wp:attachment":[{"href":"https:\/\/www.tgrthaber.com\/mavikadin\/wp-json\/wp\/v2\/media?parent=315865"}],"wp:term":[{"taxonomy":"category","embeddable":true,"href":"https:\/\/www.tgrthaber.com\/mavikadin\/wp-json\/wp\/v2\/categories?post=315865"},{"taxonomy":"post_tag","embeddable":true,"href":"https:\/\/www.tgrthaber.com\/mavikadin\/wp-json\/wp\/v2\/tags?post=315865"}],"curies":[{"name":"wp","href":"https:\/\/api.w.org\/{rel}","templated":true}]}}