{"id":315905,"date":"2026-04-28T17:04:36","date_gmt":"2026-04-28T14:04:36","guid":{"rendered":"https:\/\/www.tgrthaber.com\/mavikadin\/?p=315905"},"modified":"2026-04-28T17:04:37","modified_gmt":"2026-04-28T14:04:37","slug":"gelin-evi-yarismacisi-ozgen-inci-altin-altin-yemek-takimlariyla-gundemde-sosyal-medyayi-salladi","status":"publish","type":"post","link":"https:\/\/www.tgrthaber.com\/mavikadin\/gelin-evi-yarismacisi-ozgen-inci-altin-altin-yemek-takimlariyla-gundemde-sosyal-medyayi-salladi\/","title":{"rendered":"Gelin Evi yar\u0131\u015fmac\u0131s\u0131 \u00d6zgen \u0130nci alt\u0131n alt\u0131n yemek tak\u0131mlar\u0131yla g\u00fcndemde! Sosyal medyay\u0131 sallad\u0131"},"content":{"rendered":"<p>Programa kat\u0131lan bir ba\u015fka gelin ise 65.000 TL de\u011ferindeki yemek tak\u0131m\u0131 ve alt\u0131n suyuna bat\u0131r\u0131lm\u0131\u015f \u00e7atal-ka\u015f\u0131k-b\u0131\u00e7ak setiyle haz\u0131rlad\u0131\u011f\u0131 \u00f6zenli sunumla dikkatleri \u00fczerine \u00e7ekmeyi ba\u015fard\u0131. Hafta i\u00e7i her g\u00fcn Show TV ekranlar\u0131nda izleyiciyle bulu\u015fan Gelin Evi, rekabet dolu anlar\u0131yla izleyenlere heyecan ya\u015fatmay\u0131 s\u00fcrd\u00fcr\u00fcyor. <a href=\"https:\/\/www.tgrthaber.com\/mavikadin\/gelin-evi-yarismacisi-eda-gelin-altin-bilezikleriyle-gundemde-sosyal-medyayi-salladi\/\">Gelin evi<\/a> program\u0131na kat\u0131lan \u00d6zgen \u0130nce, 65.000 TL de\u011ferindeki yemek tak\u0131m\u0131n\u0131 ve alt\u0131n suyuna bat\u0131r\u0131lm\u0131\u015f \u00e7atal-ka\u015f\u0131k-b\u0131\u00e7ak tak\u0131m\u0131n\u0131 anlatt\u0131\u011f\u0131 anlarla dikkatleri \u00e7ekti. \u0130\u015fte detaylar\u2026<\/p>\n<h3>GEL\u0130N EV\u0130 YARI\u015eMACISI \u00d6ZGEN GEL\u0130N ALTIN B\u0130LEZ\u0130KLER\u0130YLE G\u00dcNDEMDE<\/h3>\n<p><a href=\"https:\/\/www.tgrthaber.com\/mavikadin\/gelin-evinde-dronlu-altin-bilezik-surprizi-sema-geline-esinden-jest\/\">Gelin Evi<\/a>\u2019nin 1705. b\u00f6l\u00fcm\u00fcnde bu kez \u00d6zgen \u0130nce\u2019nin evine konuk olundu. \u00d6zgen Gelin\u2019in misafirperverli\u011fi, \u00e7eyizi ve sunumlar\u0131 tek tek de\u011ferlendirilirken, 150 bin TL\u2019lik b\u00fcy\u00fck \u00f6d\u00fcl i\u00e7in k\u0131yas\u0131ya m\u00fccadele de yeni haftayla birlikte ba\u015flad\u0131.<\/p>\n<p><img loading=\"lazy\" decoding=\"async\" class=\"alignnone size-full wp-image-315930\" src=\"https:\/\/www.tgrthaber.com\/mavikadin\/wp-content\/uploads\/2026\/04\/Asli-2026-04-28T165055.036.png\" alt=\"\" width=\"1208\" height=\"680\" title=\"\" srcset=\"https:\/\/www.tgrthaber.com\/mavikadin\/wp-content\/uploads\/2026\/04\/Asli-2026-04-28T165055.036.png 1208w, https:\/\/www.tgrthaber.com\/mavikadin\/wp-content\/uploads\/2026\/04\/Asli-2026-04-28T165055.036-300x169.png 300w, https:\/\/www.tgrthaber.com\/mavikadin\/wp-content\/uploads\/2026\/04\/Asli-2026-04-28T165055.036-1024x576.png 1024w, https:\/\/www.tgrthaber.com\/mavikadin\/wp-content\/uploads\/2026\/04\/Asli-2026-04-28T165055.036-768x432.png 768w\" sizes=\"(max-width: 1208px) 100vw, 1208px\" \/><\/p>\n<hr \/>\n<p>\u00d6zgen Gelin, misafirlerini kar\u015f\u0131larken Gaziantep y\u00f6resine ait dans ekibi ve t\u00fcrk\u00fcler e\u015fli\u011finde renkli anlara imza att\u0131. Haftan\u0131n ilk g\u00fcn\u00fcne damga vuran bu kar\u015f\u0131laman\u0131n yan\u0131 s\u0131ra, 65.000 TL de\u011ferindeki yemek tak\u0131m\u0131 da b\u00fcy\u00fck ilgi g\u00f6rd\u00fc. De\u011feriyle hem izleyicileri hem de yar\u0131\u015fmac\u0131lar\u0131 \u015fa\u015f\u0131rtan bu set, \u00f6zellikle Buse Varol\u2019un dikkatini \u00e7ekerek program\u0131n en \u00e7ok konu\u015fulan detaylar\u0131ndan biri oldu.<\/p>\n<h3><img loading=\"lazy\" decoding=\"async\" class=\"alignnone size-full wp-image-315935\" src=\"https:\/\/www.tgrthaber.com\/mavikadin\/wp-content\/uploads\/2026\/04\/Asli-2026-04-28T164458.426.png\" alt=\"\" width=\"1208\" height=\"680\" title=\"\" srcset=\"https:\/\/www.tgrthaber.com\/mavikadin\/wp-content\/uploads\/2026\/04\/Asli-2026-04-28T164458.426.png 1208w, https:\/\/www.tgrthaber.com\/mavikadin\/wp-content\/uploads\/2026\/04\/Asli-2026-04-28T164458.426-300x169.png 300w, https:\/\/www.tgrthaber.com\/mavikadin\/wp-content\/uploads\/2026\/04\/Asli-2026-04-28T164458.426-1024x576.png 1024w, https:\/\/www.tgrthaber.com\/mavikadin\/wp-content\/uploads\/2026\/04\/Asli-2026-04-28T164458.426-768x432.png 768w\" sizes=\"(max-width: 1208px) 100vw, 1208px\" \/><\/h3>\n<hr \/>\n<h3>\u00d6ZGEN \u0130NCE BU HAFTAYA DAMGASINI VURDU<\/h3>\n<p>Show TV\u2019nin sevilen yar\u0131\u015fmas\u0131 Gelin Evi\u2019nde \u00f6ne \u00e7\u0131kan isimlerden biri de \u00d6zgen \u0130nce oldu. \u201c\u00d6zgen Gelin\u201d olarak tan\u0131nan yar\u0131\u015fmac\u0131, geleneksel sunumlar\u0131 ve y\u00f6resel dokunu\u015flar\u0131yla izleyicinin ilgisini \u00e7ekmeyi ba\u015fard\u0131.<\/p>\n<p><img loading=\"lazy\" decoding=\"async\" class=\"alignnone size-full wp-image-315932\" src=\"https:\/\/www.tgrthaber.com\/mavikadin\/wp-content\/uploads\/2026\/04\/Asli-2026-04-28T165013.633.png\" alt=\"\" width=\"1208\" height=\"680\" title=\"\" srcset=\"https:\/\/www.tgrthaber.com\/mavikadin\/wp-content\/uploads\/2026\/04\/Asli-2026-04-28T165013.633.png 1208w, https:\/\/www.tgrthaber.com\/mavikadin\/wp-content\/uploads\/2026\/04\/Asli-2026-04-28T165013.633-300x169.png 300w, https:\/\/www.tgrthaber.com\/mavikadin\/wp-content\/uploads\/2026\/04\/Asli-2026-04-28T165013.633-1024x576.png 1024w, https:\/\/www.tgrthaber.com\/mavikadin\/wp-content\/uploads\/2026\/04\/Asli-2026-04-28T165013.633-768x432.png 768w\" sizes=\"(max-width: 1208px) 100vw, 1208px\" \/><\/p>\n<hr \/>\n<h3>GAZ\u0130ANTEP Y\u00d6RES\u0130NE A\u0130T YEMEKLER\u0130YLE \u00d6N PLANA \u00c7IKTI<\/h3>\n<p>\u00d6zgen \u0130nce, yar\u0131\u015fmada evini ve haz\u0131rlad\u0131\u011f\u0131 ikramlar\u0131 j\u00fcriye ve di\u011fer gelinlere sunarken, Gaziantep mutfa\u011f\u0131na \u00f6zg\u00fc lezzetler ve s\u00fcrpriz detaylarla fark\u0131n\u0131 ortaya koydu. \u00d6zellikle sunum tarz\u0131 ve dikkat \u00e7eken yemek tak\u0131mlar\u0131 izleyicilerin dikkatini \u00e7ekmeyi ba\u015fard\u0131. Programda en \u00e7ok konu\u015fulan unsurlardan biri ise 65.000 TL de\u011ferindeki yemek tak\u0131m\u0131yla haz\u0131rlad\u0131\u011f\u0131 masa oldu. Alt\u0131n suyuna bat\u0131r\u0131lm\u0131\u015f \u00e7atal, ka\u015f\u0131k ve b\u0131\u00e7ak seti sosyal medyada da yo\u011fun ilgi g\u00f6rerek yorum ya\u011fmuruna tutuldu.<\/p>\n<p><img loading=\"lazy\" decoding=\"async\" class=\"alignnone size-full wp-image-315936\" src=\"https:\/\/www.tgrthaber.com\/mavikadin\/wp-content\/uploads\/2026\/04\/Asli-2026-04-28T164406.507.png\" alt=\"\" width=\"1208\" height=\"680\" title=\"\" srcset=\"https:\/\/www.tgrthaber.com\/mavikadin\/wp-content\/uploads\/2026\/04\/Asli-2026-04-28T164406.507.png 1208w, https:\/\/www.tgrthaber.com\/mavikadin\/wp-content\/uploads\/2026\/04\/Asli-2026-04-28T164406.507-300x169.png 300w, https:\/\/www.tgrthaber.com\/mavikadin\/wp-content\/uploads\/2026\/04\/Asli-2026-04-28T164406.507-1024x576.png 1024w, https:\/\/www.tgrthaber.com\/mavikadin\/wp-content\/uploads\/2026\/04\/Asli-2026-04-28T164406.507-768x432.png 768w\" sizes=\"(max-width: 1208px) 100vw, 1208px\" \/><\/p>\n<hr \/>\n<h3>\u00d6ZGEN \u0130NCE K\u0130MD\u0130R?<\/h3>\n<p>Program tan\u0131t\u0131mlar\u0131nda yar\u0131\u015fmac\u0131lar genellikle \u201cgelin\u201d unvan\u0131yla an\u0131ld\u0131\u011f\u0131 i\u00e7in, \u00d6zgen \u0130nce hakk\u0131nda kamuoyuna yans\u0131m\u0131\u015f kapsaml\u0131 bir biyografi bilgisi bulunmuyor.<\/p>\n<p><img loading=\"lazy\" decoding=\"async\" class=\"alignnone size-full wp-image-315927\" src=\"https:\/\/www.tgrthaber.com\/mavikadin\/wp-content\/uploads\/2026\/04\/Asli-2026-04-28T165142.997.png\" alt=\"\" width=\"1208\" height=\"680\" title=\"\" srcset=\"https:\/\/www.tgrthaber.com\/mavikadin\/wp-content\/uploads\/2026\/04\/Asli-2026-04-28T165142.997.png 1208w, https:\/\/www.tgrthaber.com\/mavikadin\/wp-content\/uploads\/2026\/04\/Asli-2026-04-28T165142.997-300x169.png 300w, https:\/\/www.tgrthaber.com\/mavikadin\/wp-content\/uploads\/2026\/04\/Asli-2026-04-28T165142.997-1024x576.png 1024w, https:\/\/www.tgrthaber.com\/mavikadin\/wp-content\/uploads\/2026\/04\/Asli-2026-04-28T165142.997-768x432.png 768w\" sizes=\"(max-width: 1208px) 100vw, 1208px\" \/><\/p>\n<hr \/>\n<h3>GEL\u0130N EV\u0130 HANG\u0130 G\u00dcNLER YAYINLANIYOR?<\/h3>\n<p>Gelin Evi yeni b\u00f6l\u00fcmleriyle hafta i\u00e7i her g\u00fcn saat 14.00\u2019te Show TV ekranlar\u0131nda izleyiciyle bulu\u015fuyor.<\/p>\n<p><img loading=\"lazy\" decoding=\"async\" class=\"alignnone size-full wp-image-315926\" src=\"https:\/\/www.tgrthaber.com\/mavikadin\/wp-content\/uploads\/2026\/04\/Asli-2026-04-28T165155.434-1.png\" alt=\"\" width=\"1208\" height=\"680\" title=\"\" srcset=\"https:\/\/www.tgrthaber.com\/mavikadin\/wp-content\/uploads\/2026\/04\/Asli-2026-04-28T165155.434-1.png 1208w, https:\/\/www.tgrthaber.com\/mavikadin\/wp-content\/uploads\/2026\/04\/Asli-2026-04-28T165155.434-1-300x169.png 300w, https:\/\/www.tgrthaber.com\/mavikadin\/wp-content\/uploads\/2026\/04\/Asli-2026-04-28T165155.434-1-1024x576.png 1024w, https:\/\/www.tgrthaber.com\/mavikadin\/wp-content\/uploads\/2026\/04\/Asli-2026-04-28T165155.434-1-768x432.png 768w\" sizes=\"(max-width: 1208px) 100vw, 1208px\" \/><\/p>\n<h3>GEL\u0130N EV\u0130 \u00d6D\u00dcL\u00dc NE KADAR?<\/h3>\n<p>Buse Varol\u2019un sunumuyla ekrana gelen programda, 2026 y\u0131l\u0131 Nisan ay\u0131 itibar\u0131yla haftan\u0131n birincisine verilen b\u00fcy\u00fck \u00f6d\u00fcl 150.000 TL olarak \u00f6ne \u00e7\u0131k\u0131yor. Be\u015f g\u00fcn boyunca \u00e7eyiz, sunum, dekorasyon ve misafirperverlik alanlar\u0131nda en y\u00fcksek puan\u0131 toplayan gelin, haftal\u0131k finalde bu \u00f6d\u00fcl\u00fcn sahibi oluyor.<\/p>\n","protected":false},"excerpt":{"rendered":"<p>Ekranlar\u0131n ilgiyle takip edilen yar\u0131\u015fmas\u0131 Gelin Evi\u2019nin bu haftaki yar\u0131\u015fmac\u0131lar\u0131ndan \u00d6zgen \u0130nce, yemek tak\u0131m\u0131n\u0131 ve alt\u0131n suyuna bat\u0131r\u0131lm\u0131\u015f \u00e7atal-ka\u015f\u0131k-b\u0131\u00e7ak tak\u0131m\u0131yla g\u00fcndemin en \u00e7ok konu\u015fulan isimlerinden biri haline geldi. De\u011feriyle adeta dudak u\u00e7uklatan bu yemek tak\u0131m\u0131, hem izleyicileri hem de sunucu Buse Varol ba\u015fta olmak \u00fczere di\u011fer yar\u0131\u015fmac\u0131lar\u0131 \u015fa\u015fk\u0131na \u00e7evirdi.<\/p>\n","protected":false},"author":37,"featured_media":315924,"comment_status":"closed","ping_status":"closed","sticky":false,"template":"","format":"standard","meta":{"rank_math_lock_modified_date":false,"footnotes":""},"categories":[76],"tags":[4936,133,2218,74144,4620],"class_list":["post-315905","post","type-post","status-publish","format-standard","has-post-thumbnail","hentry","category-magazin","tag-gelin-evi","tag-magazin","tag-magazin-haberleri","tag-ozgen-ince","tag-yarisma"],"_links":{"self":[{"href":"https:\/\/www.tgrthaber.com\/mavikadin\/wp-json\/wp\/v2\/posts\/315905"}],"collection":[{"href":"https:\/\/www.tgrthaber.com\/mavikadin\/wp-json\/wp\/v2\/posts"}],"about":[{"href":"https:\/\/www.tgrthaber.com\/mavikadin\/wp-json\/wp\/v2\/types\/post"}],"author":[{"embeddable":true,"href":"https:\/\/www.tgrthaber.com\/mavikadin\/wp-json\/wp\/v2\/users\/37"}],"replies":[{"embeddable":true,"href":"https:\/\/www.tgrthaber.com\/mavikadin\/wp-json\/wp\/v2\/comments?post=315905"}],"version-history":[{"count":2,"href":"https:\/\/www.tgrthaber.com\/mavikadin\/wp-json\/wp\/v2\/posts\/315905\/revisions"}],"predecessor-version":[{"id":315938,"href":"https:\/\/www.tgrthaber.com\/mavikadin\/wp-json\/wp\/v2\/posts\/315905\/revisions\/315938"}],"wp:featuredmedia":[{"embeddable":true,"href":"https:\/\/www.tgrthaber.com\/mavikadin\/wp-json\/wp\/v2\/media\/315924"}],"wp:attachment":[{"href":"https:\/\/www.tgrthaber.com\/mavikadin\/wp-json\/wp\/v2\/media?parent=315905"}],"wp:term":[{"taxonomy":"category","embeddable":true,"href":"https:\/\/www.tgrthaber.com\/mavikadin\/wp-json\/wp\/v2\/categories?post=315905"},{"taxonomy":"post_tag","embeddable":true,"href":"https:\/\/www.tgrthaber.com\/mavikadin\/wp-json\/wp\/v2\/tags?post=315905"}],"curies":[{"name":"wp","href":"https:\/\/api.w.org\/{rel}","templated":true}]}}