{"id":315915,"date":"2026-04-28T16:13:03","date_gmt":"2026-04-28T13:13:03","guid":{"rendered":"https:\/\/www.tgrthaber.com\/mavikadin\/?p=315915"},"modified":"2026-04-28T16:13:04","modified_gmt":"2026-04-28T13:13:04","slug":"sarkici-celiki-aglatan-aciklama-iyilik-akimi-baslatmisti","status":"publish","type":"post","link":"https:\/\/www.tgrthaber.com\/mavikadin\/sarkici-celiki-aglatan-aciklama-iyilik-akimi-baslatmisti\/","title":{"rendered":"\u015eark\u0131c\u0131 \u00c7elik\u2019i a\u011flatan a\u00e7\u0131klama! \u0130yilik ak\u0131m\u0131 ba\u015flatm\u0131\u015ft\u0131"},"content":{"rendered":"<p>90\u2019l\u0131 y\u0131llara damga vuran \u00fcnl\u00fc \u015fark\u0131c\u0131 \u00c7elik, t\u00fcm T\u00fcrkiye\u2019de ba\u015flatt\u0131\u011f\u0131 iyilik ak\u0131m\u0131 ile dikkatleri \u00fczerine \u00e7ekiyor. \u00c7elik Eri\u015f\u00e7i bir s\u00fcredir gitti\u011fi illerdeki bakkallar\u0131n ve eczanelerin veresiye defterini kapatarak eski bir gelene\u011fi devam ettiriyordu. Sosyal medyada da g\u00fcndem olan bu iyilik ak\u0131m\u0131, \u00c7elik\u2019i duyguland\u0131rd\u0131. Ge\u00e7mi\u015f y\u0131llarda \u00c7elik\u2019in yan\u0131nda annesinin \u00e7al\u0131\u015ft\u0131\u011f\u0131n\u0131 ifade eden bir sosyal medya kullan\u0131c\u0131s\u0131 anlatt\u0131klar\u0131yla \u00c7elik\u2019i duyguland\u0131rd\u0131. \u0130\u015fte detaylar\u2026<\/p>\n<h3>\u015eARKICI \u00c7EL\u0130K\u2019\u0130 A\u011eLATAN A\u00c7IKLAMA!<\/h3>\n<p>Hercai, Ate\u015fteyim gibi hit \u015fark\u0131larla dikkatleri \u00fczerine \u00e7eken \u015fark\u0131c\u0131 \u00c7elik, 90\u2019l\u0131 y\u0131llar\u0131n en \u00e7ok dinlenen isimlerinden biri oluyordu. Birbirinden g\u00fczel \u015fark\u0131larla sevenlerinin kar\u015f\u0131s\u0131na \u00e7\u0131kan \u00c7elik, verdi\u011fi konserlerle de dikkat \u00e7ekiyor.<\/p>\n<p><img loading=\"lazy\" decoding=\"async\" class=\"alignnone size-full wp-image-315917\" src=\"https:\/\/www.tgrthaber.com\/mavikadin\/wp-content\/uploads\/2026\/04\/ARZU-2026-04-28T160606.721.jpg\" alt=\"\u015eark\u0131c\u0131 \u00c7elik\u2019i a\u011flatan a\u00e7\u0131klama! \u0130yilik ak\u0131m\u0131 ba\u015flatm\u0131\u015ft\u0131\" width=\"1208\" height=\"680\" title=\"\" srcset=\"https:\/\/www.tgrthaber.com\/mavikadin\/wp-content\/uploads\/2026\/04\/ARZU-2026-04-28T160606.721.jpg 1208w, https:\/\/www.tgrthaber.com\/mavikadin\/wp-content\/uploads\/2026\/04\/ARZU-2026-04-28T160606.721-300x169.jpg 300w, https:\/\/www.tgrthaber.com\/mavikadin\/wp-content\/uploads\/2026\/04\/ARZU-2026-04-28T160606.721-1024x576.jpg 1024w, https:\/\/www.tgrthaber.com\/mavikadin\/wp-content\/uploads\/2026\/04\/ARZU-2026-04-28T160606.721-768x432.jpg 768w\" sizes=\"(max-width: 1208px) 100vw, 1208px\" \/><\/p>\n<hr \/>\n<p>\u00dclkeyi kar\u0131\u015f kar\u0131\u015f dola\u015fan \u00fcnl\u00fc sanat\u00e7\u0131, sosyal medya kullan\u0131m\u0131yla da olduk\u00e7a aktif bir isim oluyor. Gitti\u011fi yerlerden oran\u0131n vatanda\u015flar\u0131yla konu\u015fan ve orada ya\u015fad\u0131klar\u0131n\u0131 payla\u015fan \u00c7elik, ge\u00e7ti\u011fimiz aylarda iyilik ak\u0131m\u0131 ba\u015flatt\u0131. Konser verdi\u011fi yerlerde bulunan bakkal ya da esnaflardaki olan bor\u00e7lar\u0131 kapad\u0131.<\/p>\n<p><img loading=\"lazy\" decoding=\"async\" class=\"alignnone size-full wp-image-315919\" src=\"https:\/\/www.tgrthaber.com\/mavikadin\/wp-content\/uploads\/2026\/04\/ARZU-2026-04-28T160549.777.jpg\" alt=\"\u015eark\u0131c\u0131 \u00c7elik\u2019i a\u011flatan a\u00e7\u0131klama! \u0130yilik ak\u0131m\u0131 ba\u015flatm\u0131\u015ft\u0131\" width=\"1208\" height=\"680\" title=\"\" srcset=\"https:\/\/www.tgrthaber.com\/mavikadin\/wp-content\/uploads\/2026\/04\/ARZU-2026-04-28T160549.777.jpg 1208w, https:\/\/www.tgrthaber.com\/mavikadin\/wp-content\/uploads\/2026\/04\/ARZU-2026-04-28T160549.777-300x169.jpg 300w, https:\/\/www.tgrthaber.com\/mavikadin\/wp-content\/uploads\/2026\/04\/ARZU-2026-04-28T160549.777-1024x576.jpg 1024w, https:\/\/www.tgrthaber.com\/mavikadin\/wp-content\/uploads\/2026\/04\/ARZU-2026-04-28T160549.777-768x432.jpg 768w\" sizes=\"(max-width: 1208px) 100vw, 1208px\" \/><\/p>\n<hr \/>\n<p>Veresiye defteri olarak da bilinen bu bor\u00e7lar, \u015fark\u0131c\u0131 \u00c7elik taraf\u0131ndan \u00f6denmesiyle hem sosyal medyada hem de <a href=\"https:\/\/www.tgrthaber.com\/mavikadin\/magazin\/\">magazin<\/a> g\u00fcndeminde dikkat \u00e7eken olaylar aras\u0131nda yer ald\u0131. Asl\u0131nda eski bir gelene\u011fi devam ettiren \u00fcnl\u00fc isim, bu hareketiyle \u00fclke \u00e7ap\u0131nda da ses getirmeye ba\u015flad\u0131.<\/p>\n<p><img loading=\"lazy\" decoding=\"async\" class=\"alignnone size-full wp-image-315920\" src=\"https:\/\/www.tgrthaber.com\/mavikadin\/wp-content\/uploads\/2026\/04\/ARZU-2026-04-28T160543.177.jpg\" alt=\"\u015eark\u0131c\u0131 \u00c7elik\u2019i a\u011flatan a\u00e7\u0131klama! \u0130yilik ak\u0131m\u0131 ba\u015flatm\u0131\u015ft\u0131\" width=\"1208\" height=\"680\" title=\"\" srcset=\"https:\/\/www.tgrthaber.com\/mavikadin\/wp-content\/uploads\/2026\/04\/ARZU-2026-04-28T160543.177.jpg 1208w, https:\/\/www.tgrthaber.com\/mavikadin\/wp-content\/uploads\/2026\/04\/ARZU-2026-04-28T160543.177-300x169.jpg 300w, https:\/\/www.tgrthaber.com\/mavikadin\/wp-content\/uploads\/2026\/04\/ARZU-2026-04-28T160543.177-1024x576.jpg 1024w, https:\/\/www.tgrthaber.com\/mavikadin\/wp-content\/uploads\/2026\/04\/ARZU-2026-04-28T160543.177-768x432.jpg 768w\" sizes=\"(max-width: 1208px) 100vw, 1208px\" \/><\/p>\n<p>Ba\u015flatt\u0131\u011f\u0131 iyilik hareketini g\u00f6renler \u00fcnl\u00fc sanat\u00e7\u0131y\u0131 duyguland\u0131rmay\u0131 da ihmal etmedi. \u015eimdilerde sosyal medyada yer alan bir video \u015fark\u0131c\u0131 \u00c7elik\u2019i duyguland\u0131rd\u0131. Ba\u015far\u0131l\u0131 ismin evinde eski d\u00f6nemlerde \u00e7al\u0131\u015fan bir kad\u0131n\u0131n k\u0131z\u0131, anlatt\u0131klar\u0131yla dikkat \u00e7ekti.<\/p>\n<h3><img loading=\"lazy\" decoding=\"async\" class=\"alignnone size-full wp-image-315918\" src=\"https:\/\/www.tgrthaber.com\/mavikadin\/wp-content\/uploads\/2026\/04\/ARZU-2026-04-28T160601.899.jpg\" alt=\"\u015eark\u0131c\u0131 \u00c7elik\u2019i a\u011flatan a\u00e7\u0131klama! \u0130yilik ak\u0131m\u0131 ba\u015flatm\u0131\u015ft\u0131\" width=\"1208\" height=\"680\" title=\"\" srcset=\"https:\/\/www.tgrthaber.com\/mavikadin\/wp-content\/uploads\/2026\/04\/ARZU-2026-04-28T160601.899.jpg 1208w, https:\/\/www.tgrthaber.com\/mavikadin\/wp-content\/uploads\/2026\/04\/ARZU-2026-04-28T160601.899-300x169.jpg 300w, https:\/\/www.tgrthaber.com\/mavikadin\/wp-content\/uploads\/2026\/04\/ARZU-2026-04-28T160601.899-1024x576.jpg 1024w, https:\/\/www.tgrthaber.com\/mavikadin\/wp-content\/uploads\/2026\/04\/ARZU-2026-04-28T160601.899-768x432.jpg 768w\" sizes=\"(max-width: 1208px) 100vw, 1208px\" \/><\/h3>\n<hr \/>\n<h3>\u0130Y\u0130L\u0130K AKIMI BA\u015eLATMI\u015eTI<\/h3>\n<p>\u0130yilik ak\u0131m\u0131 ba\u015flatarak dikkatleri \u00fczerine \u00e7eken \u015fark\u0131c\u0131 \u00c7elik, sosyal medya \u00fczerinden yay\u0131nlanan bir video ile duyguland\u0131. Eski d\u00f6nemlerde yan\u0131nda \u00e7al\u0131\u015fan bir kad\u0131n\u0131n k\u0131z\u0131 oldu\u011funu ifade eden sosyal medya kullan\u0131c\u0131s\u0131n\u0131 yay\u0131nlad\u0131\u011f\u0131 videoyu g\u00f6ren \u00c7elik, duygular\u0131n\u0131 kendi hesab\u0131nda payla\u015ft\u0131.<\/p>\n<p><img loading=\"lazy\" decoding=\"async\" class=\"alignnone size-full wp-image-315916\" src=\"https:\/\/www.tgrthaber.com\/mavikadin\/wp-content\/uploads\/2026\/04\/ARZU-2026-04-28T160612.653.jpg\" alt=\"\u015eark\u0131c\u0131 \u00c7elik\u2019i a\u011flatan a\u00e7\u0131klama! \u0130yilik ak\u0131m\u0131 ba\u015flatm\u0131\u015ft\u0131\" width=\"1208\" height=\"680\" title=\"\" srcset=\"https:\/\/www.tgrthaber.com\/mavikadin\/wp-content\/uploads\/2026\/04\/ARZU-2026-04-28T160612.653.jpg 1208w, https:\/\/www.tgrthaber.com\/mavikadin\/wp-content\/uploads\/2026\/04\/ARZU-2026-04-28T160612.653-300x169.jpg 300w, https:\/\/www.tgrthaber.com\/mavikadin\/wp-content\/uploads\/2026\/04\/ARZU-2026-04-28T160612.653-1024x576.jpg 1024w, https:\/\/www.tgrthaber.com\/mavikadin\/wp-content\/uploads\/2026\/04\/ARZU-2026-04-28T160612.653-768x432.jpg 768w\" sizes=\"(max-width: 1208px) 100vw, 1208px\" \/><\/p>\n<hr \/>\n<p>\u015eark\u0131c\u0131 \u00c7elik\u2019in eskiden beri iyi bir insan oldu\u011funu ve hep hayat\u0131 boyunca iyilikler yapt\u0131\u011f\u0131nda bahseden video sosyal medyada g\u00fcndem oldu. \u00dcnl\u00fc ismin daha \u00f6nceleri de yard\u0131m ve iyilikler yapt\u0131\u011f\u0131n\u0131 ve duyurulmad\u0131\u011f\u0131 i\u00e7in bilinmedi\u011fi de videoda s\u00f6ylendi.<\/p>\n<div style=\"width: 640px;\" class=\"wp-video\"><!--[if lt IE 9]><script>document.createElement('video');<\/script><![endif]-->\n<video class=\"wp-video-shortcode\" id=\"video-315915-1\" width=\"640\" height=\"640\" preload=\"metadata\" controls=\"controls\"><source type=\"video\/mp4\" src=\"https:\/\/www.tgrthaber.com\/mavikadin\/wp-content\/uploads\/2026\/04\/video-birlestirme-1-3.mp4?_=1\" \/><a href=\"https:\/\/www.tgrthaber.com\/mavikadin\/wp-content\/uploads\/2026\/04\/video-birlestirme-1-3.mp4\">https:\/\/www.tgrthaber.com\/mavikadin\/wp-content\/uploads\/2026\/04\/video-birlestirme-1-3.mp4<\/a><\/video><\/div>\n<hr \/>\n<p>\u00c7elik Eri\u015f\u00e7i\u2019nin ba\u015flatm\u0131\u015f oldu\u011fu iyilik ak\u0131m\u0131yla birlikte pek \u00e7ok ki\u015fi de bu ak\u0131ma kat\u0131lmaya devam ediyor. \u015eimdilerde magazin g\u00fcndeminde b\u00fcy\u00fck yank\u0131 olu\u015fturuyor.<\/p>\n","protected":false},"excerpt":{"rendered":"<p>\u00dcnl\u00fc \u015fark\u0131c\u0131 \u00c7elik, bir s\u00fcredir gitti\u011fi illerdeki bakkallar\u0131n ve eczanelerin veresiye defterlerini \u00f6demesiyle iyilik ak\u0131m\u0131 ba\u015flatm\u0131\u015ft\u0131. Veresiye defterini \u00f6deme gelene\u011fini s\u00fcrd\u00fcren \u015fark\u0131c\u0131 \u00c7elik, y\u0131llar \u00f6nce yapt\u0131\u011f\u0131 bir iyilikle g\u00fcndeme geldi. Sosyal medyas\u0131ndan bir takip\u00e7isinin y\u0131llar \u00f6nce annesine ve kendisine yap\u0131lan yard\u0131mlar\u0131 anlatt\u0131\u011f\u0131 a\u00e7\u0131klama, \u015fark\u0131c\u0131 \u00c7elik\u2019i duyguland\u0131rd\u0131. <\/p>\n","protected":false},"author":34,"featured_media":315920,"comment_status":"closed","ping_status":"closed","sticky":false,"template":"","format":"standard","meta":{"rank_math_lock_modified_date":false,"footnotes":""},"categories":[76],"tags":[1327,2218,70252,74143],"class_list":["post-315915","post","type-post","status-publish","format-standard","has-post-thumbnail","hentry","category-magazin","tag-celik","tag-magazin-haberleri","tag-sarkici-celik","tag-sarkici-celik-iyilik-akimi"],"_links":{"self":[{"href":"https:\/\/www.tgrthaber.com\/mavikadin\/wp-json\/wp\/v2\/posts\/315915"}],"collection":[{"href":"https:\/\/www.tgrthaber.com\/mavikadin\/wp-json\/wp\/v2\/posts"}],"about":[{"href":"https:\/\/www.tgrthaber.com\/mavikadin\/wp-json\/wp\/v2\/types\/post"}],"author":[{"embeddable":true,"href":"https:\/\/www.tgrthaber.com\/mavikadin\/wp-json\/wp\/v2\/users\/34"}],"replies":[{"embeddable":true,"href":"https:\/\/www.tgrthaber.com\/mavikadin\/wp-json\/wp\/v2\/comments?post=315915"}],"version-history":[{"count":2,"href":"https:\/\/www.tgrthaber.com\/mavikadin\/wp-json\/wp\/v2\/posts\/315915\/revisions"}],"predecessor-version":[{"id":315923,"href":"https:\/\/www.tgrthaber.com\/mavikadin\/wp-json\/wp\/v2\/posts\/315915\/revisions\/315923"}],"wp:featuredmedia":[{"embeddable":true,"href":"https:\/\/www.tgrthaber.com\/mavikadin\/wp-json\/wp\/v2\/media\/315920"}],"wp:attachment":[{"href":"https:\/\/www.tgrthaber.com\/mavikadin\/wp-json\/wp\/v2\/media?parent=315915"}],"wp:term":[{"taxonomy":"category","embeddable":true,"href":"https:\/\/www.tgrthaber.com\/mavikadin\/wp-json\/wp\/v2\/categories?post=315915"},{"taxonomy":"post_tag","embeddable":true,"href":"https:\/\/www.tgrthaber.com\/mavikadin\/wp-json\/wp\/v2\/tags?post=315915"}],"curies":[{"name":"wp","href":"https:\/\/api.w.org\/{rel}","templated":true}]}}