{"id":315939,"date":"2026-04-28T17:28:45","date_gmt":"2026-04-28T14:28:45","guid":{"rendered":"https:\/\/www.tgrthaber.com\/mavikadin\/?p=315939"},"modified":"2026-04-28T17:28:46","modified_gmt":"2026-04-28T14:28:46","slug":"pelin-akil-ve-anil-altan-bir-arada-ikizlerinin-7-yasini-kutladilar","status":"publish","type":"post","link":"https:\/\/www.tgrthaber.com\/mavikadin\/pelin-akil-ve-anil-altan-bir-arada-ikizlerinin-7-yasini-kutladilar\/","title":{"rendered":"Pelin Akil ve An\u0131l Altan bir arada! \u0130kizlerinin 7. ya\u015f\u0131n\u0131 kutlad\u0131lar"},"content":{"rendered":"<p><a href=\"https:\/\/www.tgrthaber.com\/mavikadin\/pelin-akil-ile-baran-bolukbasi-sevgili-mi-ask-soylentileri-gundem-oldu\/\">Pelin Akil<\/a> ve An\u0131l Altan \u00e7iftinin 2019 y\u0131l\u0131nda d\u00fcnyaya gelen ikiz k\u0131zlar\u0131 Alin ve Lina, ge\u00e7ti\u011fimiz g\u00fcnlerde 7 ya\u015f\u0131na girdi. Akil, sosyal medya hesab\u0131ndan yapt\u0131\u011f\u0131 payla\u015f\u0131mda k\u0131zlar\u0131na \u201cSar\u0131 papatyam\u201d ve &#8220;renkli kelebe\u011fim&#8221; diye hitap ederek duygu dolu ifadeler kulland\u0131. \u0130\u015fte detaylar\u2026<\/p>\n<h3>PEL\u0130N AK\u0130L\u2019DEN DUYGULANDIRAN PAYLA\u015eIM!<\/h3>\n<p>Arka S\u0131radakiler dizisinde tan\u0131\u015farak a\u015fk ya\u015famaya ba\u015flayan Pelin Akil ve An\u0131l Altan \u00e7ifti, 2016 y\u0131l\u0131nda evlenmi\u015fti. Bu evlilikten 2019 y\u0131l\u0131nda ikiz k\u0131zlar\u0131 Alin ve Lina d\u00fcnyaya gelmi\u015fti.<\/p>\n<p><img loading=\"lazy\" decoding=\"async\" class=\"alignnone size-full wp-image-315944\" src=\"https:\/\/www.tgrthaber.com\/mavikadin\/wp-content\/uploads\/2026\/04\/Asli-2026-04-28T171007.522.png\" alt=\"\" width=\"1208\" height=\"680\" title=\"\" srcset=\"https:\/\/www.tgrthaber.com\/mavikadin\/wp-content\/uploads\/2026\/04\/Asli-2026-04-28T171007.522.png 1208w, https:\/\/www.tgrthaber.com\/mavikadin\/wp-content\/uploads\/2026\/04\/Asli-2026-04-28T171007.522-300x169.png 300w, https:\/\/www.tgrthaber.com\/mavikadin\/wp-content\/uploads\/2026\/04\/Asli-2026-04-28T171007.522-1024x576.png 1024w, https:\/\/www.tgrthaber.com\/mavikadin\/wp-content\/uploads\/2026\/04\/Asli-2026-04-28T171007.522-768x432.png 768w\" sizes=\"(max-width: 1208px) 100vw, 1208px\" \/><\/p>\n<hr \/>\n<p>Uzun s\u00fcre \u00f6rnek g\u00f6sterilen \u00e7ift, ge\u00e7ti\u011fimiz a\u011fustos ay\u0131nda ili\u015fkilerini sonland\u0131rma karar\u0131 alarak bo\u015fand\u0131klar\u0131n\u0131 a\u00e7\u0131klam\u0131\u015ft\u0131. Buna ra\u011fmen Akil ve Altan, k\u0131zlar\u0131 s\u00f6z konusu oldu\u011funda bir araya gelmeye ve birlikte vakit ge\u00e7irmeye devam ediyor.<\/p>\n<p><img loading=\"lazy\" decoding=\"async\" class=\"alignnone size-full wp-image-315945\" src=\"https:\/\/www.tgrthaber.com\/mavikadin\/wp-content\/uploads\/2026\/04\/Asli-2026-04-28T170954.969.png\" alt=\"\" width=\"1208\" height=\"680\" title=\"\" srcset=\"https:\/\/www.tgrthaber.com\/mavikadin\/wp-content\/uploads\/2026\/04\/Asli-2026-04-28T170954.969.png 1208w, https:\/\/www.tgrthaber.com\/mavikadin\/wp-content\/uploads\/2026\/04\/Asli-2026-04-28T170954.969-300x169.png 300w, https:\/\/www.tgrthaber.com\/mavikadin\/wp-content\/uploads\/2026\/04\/Asli-2026-04-28T170954.969-1024x576.png 1024w, https:\/\/www.tgrthaber.com\/mavikadin\/wp-content\/uploads\/2026\/04\/Asli-2026-04-28T170954.969-768x432.png 768w\" sizes=\"(max-width: 1208px) 100vw, 1208px\" \/><\/p>\n<hr \/>\n<h3>PEL\u0130N AK\u0130L VE ANIL ALTAN\u2019DAN 7. YA\u015eA \u00d6ZEL KALPLER\u0130 ISITAN KUTLAMA<\/h3>\n<p><a href=\"https:\/\/www.tgrthaber.com\/mavikadin\/pelin-akil-ve-hayko-cepkin-partner-oldu-muzikal-icin-ayni-sahneyi-paylasacaklar\/\">Pelin Akil<\/a>, k\u0131sa s\u00fcre \u00f6nce 7 ya\u015f\u0131na basan k\u0131zlar\u0131 Alin ve Lina i\u00e7in sosyal medya hesab\u0131ndan olduk\u00e7a duygusal bir payla\u015f\u0131m yapt\u0131.<\/p>\n<p><img loading=\"lazy\" decoding=\"async\" class=\"alignnone size-full wp-image-315941\" src=\"https:\/\/www.tgrthaber.com\/mavikadin\/wp-content\/uploads\/2026\/04\/Asli-2026-04-28T171219.134.png\" alt=\"\" width=\"1208\" height=\"680\" title=\"\" srcset=\"https:\/\/www.tgrthaber.com\/mavikadin\/wp-content\/uploads\/2026\/04\/Asli-2026-04-28T171219.134.png 1208w, https:\/\/www.tgrthaber.com\/mavikadin\/wp-content\/uploads\/2026\/04\/Asli-2026-04-28T171219.134-300x169.png 300w, https:\/\/www.tgrthaber.com\/mavikadin\/wp-content\/uploads\/2026\/04\/Asli-2026-04-28T171219.134-1024x576.png 1024w, https:\/\/www.tgrthaber.com\/mavikadin\/wp-content\/uploads\/2026\/04\/Asli-2026-04-28T171219.134-768x432.png 768w\" sizes=\"(max-width: 1208px) 100vw, 1208px\" \/><\/p>\n<hr \/>\n<p>Do\u011fum g\u00fcn\u00fcne ait kareleri pe\u015f pe\u015fe payla\u015fan \u00fcnl\u00fc oyuncu, alt\u0131na \u015fu anlaml\u0131 notu d\u00fc\u015ft\u00fc:<br \/>\n\u201cSar\u0131 papatyam Lina\u2019m ve renkli kelebe\u011fim Alin\u2019im\u2026 Sizi o kadar \u00e7ok seviyorum ki bunu kelimelerle anlatmam m\u00fcmk\u00fcn de\u011fil ama hayat\u0131m boyunca bunu en g\u00fczel \u015fekilde g\u00f6stermeye \u00e7al\u0131\u015faca\u011f\u0131m. Size hayat\u0131 \u00f6\u011fretmeye \u00e7al\u0131\u015f\u0131rken asl\u0131nda en \u00e7ok ben sizden \u00f6\u011freniyorum; sevmeyi, denemeyi, bazen yava\u015flamay\u0131 sonra yeniden ko\u015fmay\u0131, an\u0131n i\u00e7inde kalmay\u0131, dinlemeyi, co\u015fkulu olmay\u0131 ve gerekti\u011finde durmay\u0131\u2026 Sevinmeyi de sabretmeyi de, bazen b\u0131rakmay\u0131 bazen daha s\u0131k\u0131 sar\u0131lmay\u0131\u2026 Hayat\u0131n her zaman kolay olmayaca\u011f\u0131n\u0131 biliyorum ama \u015fundan eminim; ne olursa olsun asla yaln\u0131z y\u00fcr\u00fcmeyeceksiniz. \u00d6nce birbiriniz vars\u0131n\u0131z, sonra da ben her zaman yan\u0131n\u0131zda olaca\u011f\u0131m. Bazen \u00f6n\u00fcn\u00fczde, bazen yan\u0131n\u0131zda, bazen de arkan\u0131zda\u2026 Ama hep \u00e7ok yak\u0131n\u0131n\u0131zda. Sizin anneniz olmak hayat\u0131m\u0131n en ger\u00e7ek ve en anlaml\u0131 hali. \u0130yi ki vars\u0131n\u0131z. Sizi \u00e7ok seviyorum.\u201d<\/p>\n<p><img loading=\"lazy\" decoding=\"async\" class=\"alignnone size-full wp-image-315946\" src=\"https:\/\/www.tgrthaber.com\/mavikadin\/wp-content\/uploads\/2026\/04\/Asli-2026-04-28T170944.849.png\" alt=\"\" width=\"1208\" height=\"680\" title=\"\" srcset=\"https:\/\/www.tgrthaber.com\/mavikadin\/wp-content\/uploads\/2026\/04\/Asli-2026-04-28T170944.849.png 1208w, https:\/\/www.tgrthaber.com\/mavikadin\/wp-content\/uploads\/2026\/04\/Asli-2026-04-28T170944.849-300x169.png 300w, https:\/\/www.tgrthaber.com\/mavikadin\/wp-content\/uploads\/2026\/04\/Asli-2026-04-28T170944.849-1024x576.png 1024w, https:\/\/www.tgrthaber.com\/mavikadin\/wp-content\/uploads\/2026\/04\/Asli-2026-04-28T170944.849-768x432.png 768w\" sizes=\"(max-width: 1208px) 100vw, 1208px\" \/><\/p>\n<hr \/>\n<h3>\u0130K\u0130ZLER\u0130N DO\u011eUM G\u00dcN\u00dc \u0130\u00c7\u0130N B\u0130R ARAYA GELD\u0130LER<\/h3>\n<p>Ayr\u0131l\u0131k karar\u0131 almalar\u0131na ra\u011fmen, Pelin Akil ve An\u0131l Altan \u00e7ifti ge\u00e7ti\u011fimiz g\u00fcnlerde k\u0131zlar\u0131n\u0131n do\u011fum g\u00fcn\u00fc kutlamas\u0131 i\u00e7in yeniden bir araya geldi. Samimi ve s\u0131cak anlar\u0131n ya\u015fand\u0131\u011f\u0131 kutlamada, aile olman\u0131n ba\u011f\u0131n\u0131n s\u00fcrd\u00fc\u011f\u00fc bir kez daha g\u00f6zler \u00f6n\u00fcne serildi.<\/p>\n<p><img loading=\"lazy\" decoding=\"async\" class=\"alignnone size-full wp-image-315942\" src=\"https:\/\/www.tgrthaber.com\/mavikadin\/wp-content\/uploads\/2026\/04\/Asli-2026-04-28T171207.487.png\" alt=\"\" width=\"1208\" height=\"680\" title=\"\" srcset=\"https:\/\/www.tgrthaber.com\/mavikadin\/wp-content\/uploads\/2026\/04\/Asli-2026-04-28T171207.487.png 1208w, https:\/\/www.tgrthaber.com\/mavikadin\/wp-content\/uploads\/2026\/04\/Asli-2026-04-28T171207.487-300x169.png 300w, https:\/\/www.tgrthaber.com\/mavikadin\/wp-content\/uploads\/2026\/04\/Asli-2026-04-28T171207.487-1024x576.png 1024w, https:\/\/www.tgrthaber.com\/mavikadin\/wp-content\/uploads\/2026\/04\/Asli-2026-04-28T171207.487-768x432.png 768w\" sizes=\"(max-width: 1208px) 100vw, 1208px\" \/>\u00dcnl\u00fc oyuncu Pelin Akil\u2019in bu i\u00e7ten payla\u015f\u0131m\u0131, sosyal medyada b\u00fcy\u00fck ilgi g\u00f6r\u00fcrken, k\u0131zlar\u0131na olan sevgisini bir kez daha g\u00fc\u00e7l\u00fc bir \u015fekilde ortaya koydu.<\/p>\n","protected":false},"excerpt":{"rendered":"<p>Pelin Akil ve An\u0131l Altan\u2019\u0131n ikiz k\u0131zlar\u0131 Alin ve Lina\u2019n\u0131n 7. ya\u015f kutlamas\u0131, duygusal anlara sahne oldu. Akil\u2019in k\u0131zlar\u0131 i\u00e7in yapt\u0131\u011f\u0131 anlaml\u0131 payla\u015f\u0131m k\u0131sa s\u00fcrede b\u00fcy\u00fck ilgi g\u00f6rd\u00fc.<\/p>\n","protected":false},"author":37,"featured_media":315940,"comment_status":"closed","ping_status":"closed","sticky":false,"template":"","format":"standard","meta":{"rank_math_lock_modified_date":false,"footnotes":""},"categories":[76],"tags":[2837,133,2218,2507],"class_list":["post-315939","post","type-post","status-publish","format-standard","has-post-thumbnail","hentry","category-magazin","tag-dogum-gunu","tag-magazin","tag-magazin-haberleri","tag-pelin-akil"],"_links":{"self":[{"href":"https:\/\/www.tgrthaber.com\/mavikadin\/wp-json\/wp\/v2\/posts\/315939"}],"collection":[{"href":"https:\/\/www.tgrthaber.com\/mavikadin\/wp-json\/wp\/v2\/posts"}],"about":[{"href":"https:\/\/www.tgrthaber.com\/mavikadin\/wp-json\/wp\/v2\/types\/post"}],"author":[{"embeddable":true,"href":"https:\/\/www.tgrthaber.com\/mavikadin\/wp-json\/wp\/v2\/users\/37"}],"replies":[{"embeddable":true,"href":"https:\/\/www.tgrthaber.com\/mavikadin\/wp-json\/wp\/v2\/comments?post=315939"}],"version-history":[{"count":2,"href":"https:\/\/www.tgrthaber.com\/mavikadin\/wp-json\/wp\/v2\/posts\/315939\/revisions"}],"predecessor-version":[{"id":315948,"href":"https:\/\/www.tgrthaber.com\/mavikadin\/wp-json\/wp\/v2\/posts\/315939\/revisions\/315948"}],"wp:featuredmedia":[{"embeddable":true,"href":"https:\/\/www.tgrthaber.com\/mavikadin\/wp-json\/wp\/v2\/media\/315940"}],"wp:attachment":[{"href":"https:\/\/www.tgrthaber.com\/mavikadin\/wp-json\/wp\/v2\/media?parent=315939"}],"wp:term":[{"taxonomy":"category","embeddable":true,"href":"https:\/\/www.tgrthaber.com\/mavikadin\/wp-json\/wp\/v2\/categories?post=315939"},{"taxonomy":"post_tag","embeddable":true,"href":"https:\/\/www.tgrthaber.com\/mavikadin\/wp-json\/wp\/v2\/tags?post=315939"}],"curies":[{"name":"wp","href":"https:\/\/api.w.org\/{rel}","templated":true}]}}