{"id":315949,"date":"2026-04-28T17:50:47","date_gmt":"2026-04-28T14:50:47","guid":{"rendered":"https:\/\/www.tgrthaber.com\/mavikadin\/?p=315949"},"modified":"2026-04-28T17:50:47","modified_gmt":"2026-04-28T14:50:47","slug":"buse-terimden-korkutan-paylasim-kizlarini-hastane-odasindan-paylasti","status":"publish","type":"post","link":"https:\/\/www.tgrthaber.com\/mavikadin\/buse-terimden-korkutan-paylasim-kizlarini-hastane-odasindan-paylasti\/","title":{"rendered":"Buse Terim&#8217;den korkutan payla\u015f\u0131m! K\u0131zlar\u0131n\u0131 hastane odas\u0131ndan payla\u015ft\u0131"},"content":{"rendered":"<p>Ge\u00e7ti\u011fimiz y\u0131l 10 y\u0131ll\u0131k evlili\u011fini tek celsede sonland\u0131ran ve \u00f6zel hayat\u0131yla s\u0131k s\u0131k g\u00fcndeme gelen <a href=\"https:\/\/www.tgrthaber.com\/mavikadin\/fatih-terimin-kizi-buse-terimden-soke-eden-itiraf-yeni-sevgilisini-paylasip-annelik-sinavi-veriyorum-dedi\/\">Buse Terim<\/a>, sosyal medya hesab\u0131ndan yapt\u0131\u011f\u0131 son payla\u015f\u0131mla dikkatleri \u00fczerine \u00e7ekti. \u00dcnl\u00fc isim, k\u0131zlar\u0131n\u0131n rahats\u0131zland\u0131\u011f\u0131n\u0131 a\u00e7\u0131klayarak geceyi hastanede ge\u00e7irdiklerini duyurdu. \u0130\u015fte detaylar\u2026<\/p>\n<h3>BUSE TER\u0130M\u2019DEN KORKUTAN PAYLA\u015eIM!<\/h3>\n<p>Teknik direkt\u00f6r Fatih Terim ile Fulya Terim\u2019in k\u0131z\u0131 olan <a href=\"https:\/\/www.tgrthaber.com\/mavikadin\/buse-terimin-gizemli-sevgilisi-kim-kac-yasinda-meslegi-ne-buse-terimin-gizemli-aski-bakin-kimmis\/\">Buse Terim<\/a>, sosyal medyada yapt\u0131\u011f\u0131 payla\u015f\u0131mlar\u0131n yan\u0131 s\u0131ra \u00f6zel hayat\u0131yla da g\u00fcndem olmaya devam ediyor. Mart ay\u0131nda i\u015f insan\u0131 Volkan Bah\u00e7ekap\u0131l\u0131 ile olan 10 y\u0131ll\u0131k evlili\u011fini tek celsede sonland\u0131ran Terim, son payla\u015f\u0131m\u0131nda ise k\u0131zlar\u0131n\u0131n sa\u011fl\u0131k durumuna ili\u015fkin endi\u015fe verici bilgiler verdi. 2014 y\u0131l\u0131nda Volkan Bah\u00e7ekap\u0131l\u0131 ile g\u00f6rkemli bir d\u00fc\u011f\u00fcnle evlenen Buse Terim, bu evlilikten ilk k\u0131z\u0131 Nil\u2019i 2016\u2019da, ikinci k\u0131z\u0131 Naz\u2019\u0131 ise 2018\u2019de kuca\u011f\u0131na alm\u0131\u015ft\u0131.<\/p>\n<p><img loading=\"lazy\" decoding=\"async\" class=\"alignnone size-full wp-image-315952\" src=\"https:\/\/www.tgrthaber.com\/mavikadin\/wp-content\/uploads\/2026\/04\/Asli-2026-04-28T174521.596.png\" alt=\"\" width=\"1208\" height=\"680\" title=\"\" srcset=\"https:\/\/www.tgrthaber.com\/mavikadin\/wp-content\/uploads\/2026\/04\/Asli-2026-04-28T174521.596.png 1208w, https:\/\/www.tgrthaber.com\/mavikadin\/wp-content\/uploads\/2026\/04\/Asli-2026-04-28T174521.596-300x169.png 300w, https:\/\/www.tgrthaber.com\/mavikadin\/wp-content\/uploads\/2026\/04\/Asli-2026-04-28T174521.596-1024x576.png 1024w, https:\/\/www.tgrthaber.com\/mavikadin\/wp-content\/uploads\/2026\/04\/Asli-2026-04-28T174521.596-768x432.png 768w\" sizes=\"(max-width: 1208px) 100vw, 1208px\" \/><\/p>\n<hr \/>\n<h3>KIZLARININ SA\u011eLIK DURUMUNU PAYLA\u015eTI<\/h3>\n<p>Sosyal medyada s\u0131k s\u0131k annelik deneyimlerine yer veren Buse Terim, yapt\u0131\u011f\u0131 son a\u00e7\u0131klamada iki k\u0131z\u0131n\u0131n da ayn\u0131 anda rahats\u0131zland\u0131\u011f\u0131n\u0131 belirtti. Payla\u015f\u0131m\u0131nda, \u201cYeni hafta s\u00fcrprizlerle ba\u015flad\u0131. \u0130kisini de doktora g\u00f6t\u00fcr\u00fcyorum \u015fimdi. Nil annemle Erzurum\u2019da kayak kamp\u0131ndayd\u0131, ate\u015f ve kusma \u015fikayetiyle geri d\u00f6nd\u00fc. Naz ise okuldayd\u0131, o da ate\u015fliydi ve y\u00fcz\u00fcnde, a\u011f\u0131z \u00e7evresinde d\u00f6k\u00fcnt\u00fcler olu\u015ftu.\u201d ifadelerini kulland\u0131.<\/p>\n<p><img loading=\"lazy\" decoding=\"async\" class=\"alignnone size-full wp-image-315951\" src=\"https:\/\/www.tgrthaber.com\/mavikadin\/wp-content\/uploads\/2026\/04\/Asli-2026-04-28T174602.639.png\" alt=\"\" width=\"1208\" height=\"680\" title=\"\" srcset=\"https:\/\/www.tgrthaber.com\/mavikadin\/wp-content\/uploads\/2026\/04\/Asli-2026-04-28T174602.639.png 1208w, https:\/\/www.tgrthaber.com\/mavikadin\/wp-content\/uploads\/2026\/04\/Asli-2026-04-28T174602.639-300x169.png 300w, https:\/\/www.tgrthaber.com\/mavikadin\/wp-content\/uploads\/2026\/04\/Asli-2026-04-28T174602.639-1024x576.png 1024w, https:\/\/www.tgrthaber.com\/mavikadin\/wp-content\/uploads\/2026\/04\/Asli-2026-04-28T174602.639-768x432.png 768w\" sizes=\"(max-width: 1208px) 100vw, 1208px\" \/><\/p>\n<hr \/>\n<p>Geceyi hastanede ge\u00e7irdiklerini s\u00f6yleyen Terim, son durumu da takip\u00e7ileriyle payla\u015ft\u0131. Hastane odas\u0131ndan yapt\u0131\u011f\u0131 a\u00e7\u0131klamada, \u201cEvet, tahminleriniz do\u011fru. Naz\u2019a el ayak hastal\u0131\u011f\u0131 te\u015fhisi kondu. Nil ise farkl\u0131 bir enfeksiyon kapt\u0131. Kan de\u011ferleri biraz y\u00fcksek \u00e7\u0131kt\u0131\u011f\u0131 i\u00e7in geceyi hastanede ge\u00e7iriyoruz. G\u00fczel dilekleriniz i\u00e7in te\u015fekk\u00fcr ederiz.\u201d dedi.<\/p>\n<p><img loading=\"lazy\" decoding=\"async\" class=\"alignnone size-full wp-image-315955\" src=\"https:\/\/www.tgrthaber.com\/mavikadin\/wp-content\/uploads\/2026\/04\/Asli-2026-04-28T173946.441.png\" alt=\"\" width=\"1208\" height=\"680\" title=\"\" srcset=\"https:\/\/www.tgrthaber.com\/mavikadin\/wp-content\/uploads\/2026\/04\/Asli-2026-04-28T173946.441.png 1208w, https:\/\/www.tgrthaber.com\/mavikadin\/wp-content\/uploads\/2026\/04\/Asli-2026-04-28T173946.441-300x169.png 300w, https:\/\/www.tgrthaber.com\/mavikadin\/wp-content\/uploads\/2026\/04\/Asli-2026-04-28T173946.441-1024x576.png 1024w, https:\/\/www.tgrthaber.com\/mavikadin\/wp-content\/uploads\/2026\/04\/Asli-2026-04-28T173946.441-768x432.png 768w\" sizes=\"(max-width: 1208px) 100vw, 1208px\" \/><\/p>\n<hr \/>\n<h3>BO\u015eANMA S\u00dcREC\u0130 SONRASI A\u015eK PAYLA\u015eIMI<\/h3>\n<p>Ge\u00e7ti\u011fimiz y\u0131l mart ay\u0131nda 10 y\u0131ll\u0131k evliliklerini anla\u015fmal\u0131 olarak sonland\u0131ran \u00e7ift, ili\u015fkilerindeki krizi a\u015famayarak yollar\u0131n\u0131 ay\u0131rm\u0131\u015ft\u0131. Bo\u015fanman\u0131n ard\u0131ndan a\u00e7\u0131klama yapan Buse Terim, \u201cAnne babay\u0131z ve iki k\u0131z\u0131m\u0131z var, bu y\u00fczden hayat boyu g\u00f6r\u00fc\u015fece\u011fiz\u201d ifadelerini kullanm\u0131\u015ft\u0131. Uzun s\u00fcre \u00f6zel hayat\u0131n\u0131 sakin ya\u015fayan Buse Terim, son d\u00f6nemde ise sosyal medya hesab\u0131ndan yapt\u0131\u011f\u0131 yeni payla\u015f\u0131mla a\u015fk hayat\u0131nda da s\u00fcrpriz bir geli\u015fme ya\u015fad\u0131\u011f\u0131n\u0131 duyurmu\u015f ve \u201cSeni seviyorum\u201d notuyla yeni ili\u015fkisini ilan etmi\u015fti.<\/p>\n<p><img loading=\"lazy\" decoding=\"async\" class=\"alignnone size-full wp-image-315954\" src=\"https:\/\/www.tgrthaber.com\/mavikadin\/wp-content\/uploads\/2026\/04\/Asli-2026-04-28T174402.333.png\" alt=\"\" width=\"1208\" height=\"680\" title=\"\" srcset=\"https:\/\/www.tgrthaber.com\/mavikadin\/wp-content\/uploads\/2026\/04\/Asli-2026-04-28T174402.333.png 1208w, https:\/\/www.tgrthaber.com\/mavikadin\/wp-content\/uploads\/2026\/04\/Asli-2026-04-28T174402.333-300x169.png 300w, https:\/\/www.tgrthaber.com\/mavikadin\/wp-content\/uploads\/2026\/04\/Asli-2026-04-28T174402.333-1024x576.png 1024w, https:\/\/www.tgrthaber.com\/mavikadin\/wp-content\/uploads\/2026\/04\/Asli-2026-04-28T174402.333-768x432.png 768w\" sizes=\"(max-width: 1208px) 100vw, 1208px\" \/><\/p>\n<hr \/>\n<h3>BUSE TER\u0130M K\u0130MD\u0130R?<\/h3>\n<p>\u00dcnl\u00fc modac\u0131 Buse Terim 1990 y\u0131l\u0131n\u0131n A\u011fustos ay\u0131nda \u0130stanbul\u2019da d\u00fcnyaya geldi. \u00dcnl\u00fc teknik direkt\u00f6r Fatih Terim\u2019in k\u0131z\u0131 olan Buse Terim Y\u00fczy\u0131l I\u015f\u0131l Lisesi\u2019nden mezun olduktan sonra New York Fashion Institute of Technology\u2019de Moda Pazarlama ve Y\u00f6neticili\u011fi okudu. Staj\u0131n\u0131 \u00fcnl\u00fc markalarda yapt\u0131. Mezun olduktan sonra New York\u2019tan \u0130stanbul\u2019a d\u00f6nen Terim\u2019in \u0130stanbul&#8217;da ki ilk i\u015fi \u00fcniversite y\u0131llar\u0131nda ba\u015flad\u0131\u011f\u0131 moda bloggerl\u0131\u011f\u0131n\u0131 \u00fcst seviyeye ta\u015f\u0131ma y\u00f6n\u00fcnde oldu.<\/p>\n<p><img loading=\"lazy\" decoding=\"async\" class=\"alignnone size-full wp-image-315953\" src=\"https:\/\/www.tgrthaber.com\/mavikadin\/wp-content\/uploads\/2026\/04\/Asli-2026-04-28T174442.465.png\" alt=\"\" width=\"1208\" height=\"680\" title=\"\" srcset=\"https:\/\/www.tgrthaber.com\/mavikadin\/wp-content\/uploads\/2026\/04\/Asli-2026-04-28T174442.465.png 1208w, https:\/\/www.tgrthaber.com\/mavikadin\/wp-content\/uploads\/2026\/04\/Asli-2026-04-28T174442.465-300x169.png 300w, https:\/\/www.tgrthaber.com\/mavikadin\/wp-content\/uploads\/2026\/04\/Asli-2026-04-28T174442.465-1024x576.png 1024w, https:\/\/www.tgrthaber.com\/mavikadin\/wp-content\/uploads\/2026\/04\/Asli-2026-04-28T174442.465-768x432.png 768w\" sizes=\"(max-width: 1208px) 100vw, 1208px\" \/><\/p>\n<p>Uluslararas\u0131 moda sekt\u00f6r\u00fcn\u00fcn \u00f6nemli moda haftalar\u0131na kat\u0131ld\u0131, \u00fcnl\u00fclerin stillerini inceledi ve bu alanda iyi olmak i\u00e7in b\u00fcy\u00fck \u00e7aba g\u00f6sterdi. Buse Terim kendisine ait www.buseterim.com.tr sitesi ile moda sekt\u00f6r\u00fcndeki yerini korumaya moda severlerin ilgi oda\u011f\u0131 olmaya devam ediyor. Instagram\u2019da 1 milyon ki\u015fi taraf\u0131ndan takip edilen Terim, Youtube i\u00e7in kendi TV \u015fovunu \u00e7ekiyor. Buse Terim, 16 May\u0131s 2014 tarihinde Volkan Bah\u00e7ekap\u0131l\u0131 ile evlendi. Soma facias\u0131yla ertelenen d\u00fc\u011f\u00fcn 6 Haziran 2014 tarihinde yap\u0131ld\u0131. Yap\u0131lan d\u00fc\u011f\u00fcn Buse Terim\u2019in takip\u00e7ileri aras\u0131nda dilden dile dola\u015fan masals\u0131 t\u00fcrden bir d\u00fc\u011f\u00fcnd\u00fc. \u00c7ift 2 y\u0131ll\u0131k evliliklerinden bekledikleri bebek haberini sosyal medyada duyurdu.<\/p>\n","protected":false},"excerpt":{"rendered":"<p>Buse Terim, sosyal medya hesab\u0131ndan yapt\u0131\u011f\u0131 payla\u015f\u0131mda k\u0131zlar\u0131 Nil ve Naz\u2019\u0131n rahats\u0131zland\u0131\u011f\u0131n\u0131 duyurdu. Geceyi hastanede ge\u00e7irdiklerini a\u00e7\u0131klayan Terim, bir \u00e7ocu\u011funa el ayak hastal\u0131\u011f\u0131 te\u015fhisi kondu\u011funu, di\u011ferinin ise enfeksiyon kapt\u0131\u011f\u0131n\u0131 belirtti.<\/p>\n","protected":false},"author":37,"featured_media":315956,"comment_status":"closed","ping_status":"closed","sticky":false,"template":"","format":"standard","meta":{"rank_math_lock_modified_date":false,"footnotes":""},"categories":[76],"tags":[2588,74145,133,2218],"class_list":["post-315949","post","type-post","status-publish","format-standard","has-post-thumbnail","hentry","category-magazin","tag-buse-terim","tag-buse-terim-kizi","tag-magazin","tag-magazin-haberleri"],"_links":{"self":[{"href":"https:\/\/www.tgrthaber.com\/mavikadin\/wp-json\/wp\/v2\/posts\/315949"}],"collection":[{"href":"https:\/\/www.tgrthaber.com\/mavikadin\/wp-json\/wp\/v2\/posts"}],"about":[{"href":"https:\/\/www.tgrthaber.com\/mavikadin\/wp-json\/wp\/v2\/types\/post"}],"author":[{"embeddable":true,"href":"https:\/\/www.tgrthaber.com\/mavikadin\/wp-json\/wp\/v2\/users\/37"}],"replies":[{"embeddable":true,"href":"https:\/\/www.tgrthaber.com\/mavikadin\/wp-json\/wp\/v2\/comments?post=315949"}],"version-history":[{"count":2,"href":"https:\/\/www.tgrthaber.com\/mavikadin\/wp-json\/wp\/v2\/posts\/315949\/revisions"}],"predecessor-version":[{"id":315958,"href":"https:\/\/www.tgrthaber.com\/mavikadin\/wp-json\/wp\/v2\/posts\/315949\/revisions\/315958"}],"wp:featuredmedia":[{"embeddable":true,"href":"https:\/\/www.tgrthaber.com\/mavikadin\/wp-json\/wp\/v2\/media\/315956"}],"wp:attachment":[{"href":"https:\/\/www.tgrthaber.com\/mavikadin\/wp-json\/wp\/v2\/media?parent=315949"}],"wp:term":[{"taxonomy":"category","embeddable":true,"href":"https:\/\/www.tgrthaber.com\/mavikadin\/wp-json\/wp\/v2\/categories?post=315949"},{"taxonomy":"post_tag","embeddable":true,"href":"https:\/\/www.tgrthaber.com\/mavikadin\/wp-json\/wp\/v2\/tags?post=315949"}],"curies":[{"name":"wp","href":"https:\/\/api.w.org\/{rel}","templated":true}]}}