{"id":315960,"date":"2026-04-28T20:40:10","date_gmt":"2026-04-28T17:40:10","guid":{"rendered":"https:\/\/www.tgrthaber.com\/mavikadin\/?p=315960"},"modified":"2026-04-28T20:40:11","modified_gmt":"2026-04-28T17:40:11","slug":"gonul-dagi-sezon-finali-ne-zaman-gonul-dagi-7-sezon-ne-zaman-baslayacak","status":"publish","type":"post","link":"https:\/\/www.tgrthaber.com\/mavikadin\/gonul-dagi-sezon-finali-ne-zaman-gonul-dagi-7-sezon-ne-zaman-baslayacak\/","title":{"rendered":"G\u00f6n\u00fcl Da\u011f\u0131 sezon finali ne zaman? G\u00f6n\u00fcl Da\u011f\u0131 7. sezon ne zaman ba\u015flayacak?"},"content":{"rendered":"<p>TRT 1 ekranlar\u0131n\u0131n uzun soluklu yap\u0131mlar\u0131ndan G\u00f6n\u00fcl Da\u011f\u0131, yeni sezon s\u00fcrecinin sonuna yakla\u015f\u0131rken sezon finali tarihi merak konusu oldu. Her Cumartesi ak\u015fam\u0131 izleyiciyle bulu\u015fan G\u00f6n\u00fcl Da\u011f\u0131 6. sezonunun Haziran ay\u0131 i\u00e7erisinde sezon finali yapacak. G\u00f6n\u00fcl Da\u011f\u0131 dizisinin 7. sezonunun olup olmayaca\u011f\u0131na dair de \u00f6nemli geli\u015fmeler ya\u015fan\u0131yor. Dizinin yeni sezon onay\u0131 ald\u0131\u011f\u0131 ve yay\u0131n hayat\u0131na devam edece\u011fi konu\u015fuluyor. Peki, G\u00f6n\u00fcl Da\u011f\u0131 sezon finali ne zaman? G\u00f6n\u00fcl Da\u011f\u0131 7. sezon ne zaman ba\u015flayacak?<\/p>\n<h3>G\u00d6N\u00dcL DA\u011eI SEZON F\u0130NAL\u0130 NE ZAMAN?<\/h3>\n<p>TRT1\u2019in sevilen dizisi G\u00f6n\u00fcl Da\u011f\u0131 i\u00e7in sezon finali tarihi netle\u015fti. Yap\u0131mc\u0131l\u0131\u011f\u0131n\u0131 Ferhat E\u015fsiz\u2019in \u00fcstlendi\u011fi, K\u00f6pr\u00fc Film imzal\u0131 G\u00f6n\u00fcl Da\u011f\u0131 6. sezonu 220. b\u00f6l\u00fcm\u00fcyle ekranlara veda edecek. Sevilen yap\u0131m, 6 Haziran Cumartesi ak\u015fam\u0131 yay\u0131nlanacak b\u00f6l\u00fcmle sezon finali yaparak k\u0131sa bir ara verecek.<\/p>\n<p><img loading=\"lazy\" decoding=\"async\" class=\"alignnone wp-image-315961 size-full\" src=\"https:\/\/www.tgrthaber.com\/mavikadin\/wp-content\/uploads\/2026\/04\/gonul-dagi-6.-sezon-ne-zaman-bitecek.jpg\" alt=\"\" width=\"1208\" height=\"680\" title=\"\" srcset=\"https:\/\/www.tgrthaber.com\/mavikadin\/wp-content\/uploads\/2026\/04\/gonul-dagi-6.-sezon-ne-zaman-bitecek.jpg 1208w, https:\/\/www.tgrthaber.com\/mavikadin\/wp-content\/uploads\/2026\/04\/gonul-dagi-6.-sezon-ne-zaman-bitecek-300x169.jpg 300w, https:\/\/www.tgrthaber.com\/mavikadin\/wp-content\/uploads\/2026\/04\/gonul-dagi-6.-sezon-ne-zaman-bitecek-1024x576.jpg 1024w, https:\/\/www.tgrthaber.com\/mavikadin\/wp-content\/uploads\/2026\/04\/gonul-dagi-6.-sezon-ne-zaman-bitecek-768x432.jpg 768w\" sizes=\"(max-width: 1208px) 100vw, 1208px\" \/><\/p>\n<hr \/>\n<p>Anadolu\u2019nun samimi ve duygusal hik\u00e2yelerini ekrana ta\u015f\u0131yan dizi, yay\u0131nland\u0131\u011f\u0131 g\u00fcnden bu yana geni\u015f bir izleyici kitlesine ula\u015fmay\u0131 ba\u015fard\u0131. Her hafta y\u00fcksek izlenme oranlar\u0131yla dikkat \u00e7eken G\u00f6n\u00fcl Da\u011f\u0131, sezon finaliyle birlikte izleyicilerine duygusal anlar ya\u015fatmaya haz\u0131rlan\u0131yor.<\/p>\n<p><img loading=\"lazy\" decoding=\"async\" class=\"alignnone wp-image-315962 size-full\" src=\"https:\/\/www.tgrthaber.com\/mavikadin\/wp-content\/uploads\/2026\/04\/gonul-dagi-sezon-finali-ne-zaman.jpg\" alt=\"\" width=\"1208\" height=\"680\" title=\"\" srcset=\"https:\/\/www.tgrthaber.com\/mavikadin\/wp-content\/uploads\/2026\/04\/gonul-dagi-sezon-finali-ne-zaman.jpg 1208w, https:\/\/www.tgrthaber.com\/mavikadin\/wp-content\/uploads\/2026\/04\/gonul-dagi-sezon-finali-ne-zaman-300x169.jpg 300w, https:\/\/www.tgrthaber.com\/mavikadin\/wp-content\/uploads\/2026\/04\/gonul-dagi-sezon-finali-ne-zaman-1024x576.jpg 1024w, https:\/\/www.tgrthaber.com\/mavikadin\/wp-content\/uploads\/2026\/04\/gonul-dagi-sezon-finali-ne-zaman-768x432.jpg 768w\" sizes=\"(max-width: 1208px) 100vw, 1208px\" \/><\/p>\n<hr \/>\n<p>Sezon finalinin ard\u0131ndan dizinin yeni sezonuna dair haz\u0131rl\u0131klar\u0131n ba\u015flayaca\u011f\u0131 ve yap\u0131m ekibinin \u00e7al\u0131\u015fmalara devam edece\u011fi konu\u015fuluyor. \u0130zleyiciler ise \u015fimdiden yeni sezonun ne zaman ba\u015flayaca\u011f\u0131n\u0131 merak etmeye ba\u015flad\u0131.<\/p>\n<h3>G\u00d6N\u00dcL DA\u011eI 7. SEZON NE ZAMAN BA\u015eLAYACAK?<\/h3>\n<p>G\u00f6n\u00fcl Da\u011f\u0131 6. sezon finalinin ard\u0131ndan yeni sezon haz\u0131rl\u0131klar\u0131yla yeniden g\u00fcndeme geldi. B\u00fcy\u00fck ilgiyle takip edilen G\u00f6n\u00fcl Da\u011f\u0131 7. sezonunun Eyl\u00fcl 2026 \u2013 2027 yay\u0131n d\u00f6neminde ekranlara gelmesi bekleniyor. Anadolu\u2019nun s\u0131cak ve duygusal hik\u00e2yeleriyle seyircisini ekrana ki\u015fitleyen dizi, yeni sezonuyla bomba gibi gelmeyi hedefliyor.<\/p>\n<p><img loading=\"lazy\" decoding=\"async\" class=\"alignnone wp-image-315963 size-full\" src=\"https:\/\/www.tgrthaber.com\/mavikadin\/wp-content\/uploads\/2026\/04\/Adsiz-tasarim-8-3.jpg\" alt=\"\" width=\"1208\" height=\"680\" title=\"\" srcset=\"https:\/\/www.tgrthaber.com\/mavikadin\/wp-content\/uploads\/2026\/04\/Adsiz-tasarim-8-3.jpg 1208w, https:\/\/www.tgrthaber.com\/mavikadin\/wp-content\/uploads\/2026\/04\/Adsiz-tasarim-8-3-300x169.jpg 300w, https:\/\/www.tgrthaber.com\/mavikadin\/wp-content\/uploads\/2026\/04\/Adsiz-tasarim-8-3-1024x576.jpg 1024w, https:\/\/www.tgrthaber.com\/mavikadin\/wp-content\/uploads\/2026\/04\/Adsiz-tasarim-8-3-768x432.jpg 768w\" sizes=\"(max-width: 1208px) 100vw, 1208px\" \/><\/p>\n<hr \/>\n<p>G\u00f6n\u00fcl Da\u011f\u0131 7.sezon b\u00f6l\u00fcmlerinde hangi oyuncular\u0131n yer alaca\u011f\u0131 ise hen\u00fcz netlik kazanm\u0131\u015f de\u011fil. Yap\u0131m ekibinden gelecek resmi a\u00e7\u0131klamalar merakla beklenirken, dizinin hik\u00e2yesinin nas\u0131l bir y\u00f6ne evrilece\u011fi de en \u00e7ok merak edilen konular aras\u0131nda yer al\u0131yor. Yeni sezonda karakterlerin ya\u015fayaca\u011f\u0131 geli\u015fmeler ve hik\u00e2ye ak\u0131\u015f\u0131ndaki de\u011fi\u015fiklikler izleyiciler taraf\u0131ndan b\u00fcy\u00fck merakla bekleniliyor. G\u00f6n\u00fcl Da\u011f\u0131 hayranlar\u0131 ise \u015fimdiden yeni sezon i\u00e7in geri say\u0131m yapmaya ba\u015flad\u0131.<\/p>\n<p><img loading=\"lazy\" decoding=\"async\" class=\"alignnone wp-image-315964 size-full\" src=\"https:\/\/www.tgrthaber.com\/mavikadin\/wp-content\/uploads\/2026\/04\/gonul-dagi-7-sezon-ne-zaman-baslayacak.jpg\" alt=\"\" width=\"1208\" height=\"680\" title=\"\" srcset=\"https:\/\/www.tgrthaber.com\/mavikadin\/wp-content\/uploads\/2026\/04\/gonul-dagi-7-sezon-ne-zaman-baslayacak.jpg 1208w, https:\/\/www.tgrthaber.com\/mavikadin\/wp-content\/uploads\/2026\/04\/gonul-dagi-7-sezon-ne-zaman-baslayacak-300x169.jpg 300w, https:\/\/www.tgrthaber.com\/mavikadin\/wp-content\/uploads\/2026\/04\/gonul-dagi-7-sezon-ne-zaman-baslayacak-1024x576.jpg 1024w, https:\/\/www.tgrthaber.com\/mavikadin\/wp-content\/uploads\/2026\/04\/gonul-dagi-7-sezon-ne-zaman-baslayacak-768x432.jpg 768w\" sizes=\"(max-width: 1208px) 100vw, 1208px\" \/><\/p>\n<hr \/>\n<h3>G\u00d6N\u00dcL DA\u011eI 214. B\u00d6L\u00dcMDE NELER OLDU?<\/h3>\n<p>Gedelli\u2019de beklenmedik bir so\u011fuk hava ya\u015fan\u0131r. Kasabal\u0131, Cirit\u00e7i\u2019den yard\u0131m ister. Amcao\u011fullar\u0131, roket \u00e7al\u0131\u015fmas\u0131 i\u00e7in rapor haz\u0131rlamak zorundad\u0131r. Bu y\u00fczden kasabal\u0131ya yard\u0131m edemezler. Cemile, Selma ve Asuman, kasabal\u0131n\u0131n mahsullerini don vurmas\u0131n diye bir icat yapmaya karar verir.<\/p>\n<p><img loading=\"lazy\" decoding=\"async\" class=\"alignnone wp-image-315965 size-full\" src=\"https:\/\/www.tgrthaber.com\/mavikadin\/wp-content\/uploads\/2026\/04\/gonul-dagi.jpg\" alt=\"\" width=\"1208\" height=\"680\" title=\"\" srcset=\"https:\/\/www.tgrthaber.com\/mavikadin\/wp-content\/uploads\/2026\/04\/gonul-dagi.jpg 1208w, https:\/\/www.tgrthaber.com\/mavikadin\/wp-content\/uploads\/2026\/04\/gonul-dagi-300x169.jpg 300w, https:\/\/www.tgrthaber.com\/mavikadin\/wp-content\/uploads\/2026\/04\/gonul-dagi-1024x576.jpg 1024w, https:\/\/www.tgrthaber.com\/mavikadin\/wp-content\/uploads\/2026\/04\/gonul-dagi-768x432.jpg 768w\" sizes=\"(max-width: 1208px) 100vw, 1208px\" \/><\/p>\n<hr \/>\n<p>K\u0131zlar, ilk icatlar\u0131n\u0131 yapabilecek midir? \u00c7etin ve Esra balay\u0131na gider. Balay\u0131 s\u0131ras\u0131nda arabalar\u0131 ar\u0131za yapar. \u00c7iftin ba\u015f\u0131na neler gelecektir? Taylan, annesine kar\u015f\u0131 mesafelidir. \u0130pek, kendisini affettirebilecek midir?<\/p>\n","protected":false},"excerpt":{"rendered":"<p>TRT 1\u2019in sevilen dizisi G\u00f6n\u00fcl Da\u011f\u0131 sezon finali tarihi ve yeni sezon plan\u0131 izleyiciler taraf\u0131ndan merakla ara\u015ft\u0131r\u0131l\u0131yor. Anadolu\u2019nun s\u0131cak hik\u00e2yelerini ekranlara ta\u015f\u0131yan yap\u0131m G\u00f6n\u00fcl Da\u011f\u0131 6. sezon finaline do\u011fru ilerledi\u011fi bilinirken, G\u00f6n\u00fcl Da\u011f\u0131 7. sezonun ak\u0131beti de g\u00fcndemdeki yerini koruyor. Dizinin hayranlar\u0131 \u201cG\u00f6n\u00fcl Da\u011f\u0131 ne zaman sezon finali yapacak? G\u00f6n\u00fcl Da\u011f\u0131 7. sezon ba\u015flayacak m\u0131?\u201d sorular\u0131na yan\u0131t ar\u0131yor.<\/p>\n","protected":false},"author":10,"featured_media":315966,"comment_status":"closed","ping_status":"closed","sticky":false,"template":"","format":"standard","meta":{"rank_math_lock_modified_date":false,"footnotes":""},"categories":[602],"tags":[32159,2628,3687,74146,74147,12529],"class_list":["post-315960","post","type-post","status-publish","format-standard","has-post-thumbnail","hentry","category-diziler","tag-dizi","tag-dizi-haberleri","tag-gonul-dagi","tag-gonul-dagi-6-sezon-finali","tag-gonul-dagi-7-sezon","tag-gonul-dagi-sezon-finali"],"_links":{"self":[{"href":"https:\/\/www.tgrthaber.com\/mavikadin\/wp-json\/wp\/v2\/posts\/315960"}],"collection":[{"href":"https:\/\/www.tgrthaber.com\/mavikadin\/wp-json\/wp\/v2\/posts"}],"about":[{"href":"https:\/\/www.tgrthaber.com\/mavikadin\/wp-json\/wp\/v2\/types\/post"}],"author":[{"embeddable":true,"href":"https:\/\/www.tgrthaber.com\/mavikadin\/wp-json\/wp\/v2\/users\/10"}],"replies":[{"embeddable":true,"href":"https:\/\/www.tgrthaber.com\/mavikadin\/wp-json\/wp\/v2\/comments?post=315960"}],"version-history":[{"count":1,"href":"https:\/\/www.tgrthaber.com\/mavikadin\/wp-json\/wp\/v2\/posts\/315960\/revisions"}],"predecessor-version":[{"id":315967,"href":"https:\/\/www.tgrthaber.com\/mavikadin\/wp-json\/wp\/v2\/posts\/315960\/revisions\/315967"}],"wp:featuredmedia":[{"embeddable":true,"href":"https:\/\/www.tgrthaber.com\/mavikadin\/wp-json\/wp\/v2\/media\/315966"}],"wp:attachment":[{"href":"https:\/\/www.tgrthaber.com\/mavikadin\/wp-json\/wp\/v2\/media?parent=315960"}],"wp:term":[{"taxonomy":"category","embeddable":true,"href":"https:\/\/www.tgrthaber.com\/mavikadin\/wp-json\/wp\/v2\/categories?post=315960"},{"taxonomy":"post_tag","embeddable":true,"href":"https:\/\/www.tgrthaber.com\/mavikadin\/wp-json\/wp\/v2\/tags?post=315960"}],"curies":[{"name":"wp","href":"https:\/\/api.w.org\/{rel}","templated":true}]}}