{"id":315975,"date":"2026-04-28T22:11:58","date_gmt":"2026-04-28T19:11:58","guid":{"rendered":"https:\/\/www.tgrthaber.com\/mavikadin\/?p=315975"},"modified":"2026-04-28T22:12:15","modified_gmt":"2026-04-28T19:12:15","slug":"teskilat-sezon-finali-tarihi-degisti-teskilat-sezon-finali-ne-zaman","status":"publish","type":"post","link":"https:\/\/www.tgrthaber.com\/mavikadin\/teskilat-sezon-finali-tarihi-degisti-teskilat-sezon-finali-ne-zaman\/","title":{"rendered":"Te\u015fkilat sezon finali tarihi de\u011fi\u015fti! Te\u015fkilat sezon finali ne zaman?"},"content":{"rendered":"<p>TRT1 ekranlar\u0131n\u0131n fenomen yap\u0131m\u0131 Te\u015fkilat dizisinde sezon finali tarihi de\u011fi\u015fti. Burak Arl\u0131er\u2019in y\u00f6netmenli\u011fini \u00fcstlendi\u011fi ve Te\u015fkilat Yaz\u0131 Grubu taraf\u0131ndan kaleme al\u0131nan dizinin daha \u00f6nce 14 Haziran olarak planlanan sezon finali, al\u0131nan yeni kararla ba\u015fka bir g\u00fcne \u00e7ekildi. 184. b\u00f6l\u00fcmle ekranlara ara verecek olan yap\u0131m\u0131n, sezon finalinde izleyiciyi sarsacak geli\u015fmelere sahne olaca\u011f\u0131 konu\u015fuluyor. Peki, Te\u015fkilat sezon finali ne zaman?<\/p>\n<h3>TE\u015eK\u0130LAT D\u0130Z\u0130S\u0130NDE B\u00dcY\u00dcK DE\u011e\u0130\u015e\u0130KL\u0130K<\/h3>\n<p>TRT1\u2019in ilgiyle takip edilen yap\u0131mlar\u0131ndan Te\u015fkilat dizisinde \u00f6nemli bir de\u011fi\u015fiklik ya\u015fand\u0131. Birsen Altunta\u015f\u2019\u0131n haberine g\u00f6re Burak Arl\u0131er\u2019in y\u00f6netmenli\u011fini \u00fcstlendi\u011fi ve Te\u015fkilat Yaz\u0131 Grubu taraf\u0131ndan kaleme al\u0131nan dizinin sezon finali tarihi g\u00fcncellendi. \u0130lk planlamaya g\u00f6re 14 Haziran Pazar g\u00fcn\u00fc ekranlara gelmesi beklenen sezon finalinin, yap\u0131lan yeni d\u00fczenleme ile \u00f6ne \u00e7ekildi\u011fi \u00f6\u011frenildi.<\/p>\n<p><img loading=\"lazy\" decoding=\"async\" class=\"alignnone wp-image-315976 size-full\" src=\"https:\/\/www.tgrthaber.com\/mavikadin\/wp-content\/uploads\/2026\/04\/teskilat-sezon-finali.jpg\" alt=\"\" width=\"1208\" height=\"680\" title=\"\" srcset=\"https:\/\/www.tgrthaber.com\/mavikadin\/wp-content\/uploads\/2026\/04\/teskilat-sezon-finali.jpg 1208w, https:\/\/www.tgrthaber.com\/mavikadin\/wp-content\/uploads\/2026\/04\/teskilat-sezon-finali-300x169.jpg 300w, https:\/\/www.tgrthaber.com\/mavikadin\/wp-content\/uploads\/2026\/04\/teskilat-sezon-finali-1024x576.jpg 1024w, https:\/\/www.tgrthaber.com\/mavikadin\/wp-content\/uploads\/2026\/04\/teskilat-sezon-finali-768x432.jpg 768w\" sizes=\"(max-width: 1208px) 100vw, 1208px\" \/><\/p>\n<hr \/>\n<p>Dizinin yap\u0131m s\u00fcrecinde al\u0131nan bu karar, izleyiciler aras\u0131nda merak uyand\u0131r\u0131rken, final b\u00f6l\u00fcm\u00fcnde ya\u015fanacak geli\u015fmelere dair beklentileri de art\u0131rd\u0131. Milli \u0130stihbarat Te\u015fkilat\u0131\u2019n\u0131n kahramanl\u0131k hik\u00e2yelerini ekrana ta\u015f\u0131yan yap\u0131m\u0131n, sezon finalinde kritik olaylara sahne olaca\u011f\u0131 konu\u015fuluyor.<\/p>\n<p><img loading=\"lazy\" decoding=\"async\" class=\"alignnone wp-image-315977 size-full\" src=\"https:\/\/www.tgrthaber.com\/mavikadin\/wp-content\/uploads\/2026\/04\/teskilat-6.-sezon-184.-bolum-sezon-finali.jpg\" alt=\"\" width=\"1208\" height=\"680\" title=\"\" srcset=\"https:\/\/www.tgrthaber.com\/mavikadin\/wp-content\/uploads\/2026\/04\/teskilat-6.-sezon-184.-bolum-sezon-finali.jpg 1208w, https:\/\/www.tgrthaber.com\/mavikadin\/wp-content\/uploads\/2026\/04\/teskilat-6.-sezon-184.-bolum-sezon-finali-300x169.jpg 300w, https:\/\/www.tgrthaber.com\/mavikadin\/wp-content\/uploads\/2026\/04\/teskilat-6.-sezon-184.-bolum-sezon-finali-1024x576.jpg 1024w, https:\/\/www.tgrthaber.com\/mavikadin\/wp-content\/uploads\/2026\/04\/teskilat-6.-sezon-184.-bolum-sezon-finali-768x432.jpg 768w\" sizes=\"(max-width: 1208px) 100vw, 1208px\" \/><\/p>\n<hr \/>\n<h3>TE\u015eK\u0130LAT 184. B\u00d6L\u00dcM\u00dcNDE \u0130ZLEY\u0130C\u0130Y\u0130 \u015eA\u015eIRTACAK<\/h3>\n<p>Te\u015fkilat 184. b\u00f6l\u00fcm\u00fcyle sezon finali yapmaya haz\u0131rlan\u0131rken izleyiciyi sarsacak geli\u015fmeler g\u00fcndeme geldi. Te\u015fkilat dizisi 7 Haziran Pazar ak\u015fam\u0131 yay\u0131nlanacak b\u00f6l\u00fcmle sezon aras\u0131na girece\u011fi \u00f6\u011frenildi.<\/p>\n<p><img loading=\"lazy\" decoding=\"async\" class=\"alignnone wp-image-315979 size-full\" src=\"https:\/\/www.tgrthaber.com\/mavikadin\/wp-content\/uploads\/2026\/04\/teskilat-184.-bolum-sezon-finali.jpg\" alt=\"\" width=\"1208\" height=\"680\" title=\"\" srcset=\"https:\/\/www.tgrthaber.com\/mavikadin\/wp-content\/uploads\/2026\/04\/teskilat-184.-bolum-sezon-finali.jpg 1208w, https:\/\/www.tgrthaber.com\/mavikadin\/wp-content\/uploads\/2026\/04\/teskilat-184.-bolum-sezon-finali-300x169.jpg 300w, https:\/\/www.tgrthaber.com\/mavikadin\/wp-content\/uploads\/2026\/04\/teskilat-184.-bolum-sezon-finali-1024x576.jpg 1024w, https:\/\/www.tgrthaber.com\/mavikadin\/wp-content\/uploads\/2026\/04\/teskilat-184.-bolum-sezon-finali-768x432.jpg 768w\" sizes=\"(max-width: 1208px) 100vw, 1208px\" \/><\/p>\n<hr \/>\n<p>Gelen bilgilere g\u00f6re sezon finali, sadece aksiyon sahneleriyle de\u011fil ayn\u0131 zamanda ya\u015fanacak ayr\u0131l\u0131klarla da dikkat \u00e7ekecek. Dizinin final b\u00f6l\u00fcm\u00fcnde \u201ckanl\u0131 d\u00fc\u011f\u00fcn\u201d temas\u0131yla i\u015flenecek olaylar\u0131n, karakterler \u00fczerinde b\u00fcy\u00fck bir k\u0131r\u0131lma olu\u015fturaca\u011f\u0131 konu\u015fuluyor.<\/p>\n<p><img loading=\"lazy\" decoding=\"async\" class=\"alignnone wp-image-315978 size-full\" src=\"https:\/\/www.tgrthaber.com\/mavikadin\/wp-content\/uploads\/2026\/04\/Kokrut-Teskilattan-ayriliyor-mu.jpg\" alt=\"\" width=\"1208\" height=\"680\" title=\"\" srcset=\"https:\/\/www.tgrthaber.com\/mavikadin\/wp-content\/uploads\/2026\/04\/Kokrut-Teskilattan-ayriliyor-mu.jpg 1208w, https:\/\/www.tgrthaber.com\/mavikadin\/wp-content\/uploads\/2026\/04\/Kokrut-Teskilattan-ayriliyor-mu-300x169.jpg 300w, https:\/\/www.tgrthaber.com\/mavikadin\/wp-content\/uploads\/2026\/04\/Kokrut-Teskilattan-ayriliyor-mu-1024x576.jpg 1024w, https:\/\/www.tgrthaber.com\/mavikadin\/wp-content\/uploads\/2026\/04\/Kokrut-Teskilattan-ayriliyor-mu-768x432.jpg 768w\" sizes=\"(max-width: 1208px) 100vw, 1208px\" \/><\/p>\n<hr \/>\n<p>Te\u015fkilat 184. b\u00f6l\u00fcmde ya\u015fanacak geli\u015fmelerde hangi oyuncular\u0131n diziye veda edece\u011fi merak ediliyor. Sosyal medyada da \u00a0Korkut karakterinin ayr\u0131laca\u011f\u0131na dair iddialar ise geni\u015f yank\u0131 buldu. Te\u015fkilat yeni b\u00f6l\u00fcm\u00fcyle yine nefesleri kesecek bir finalle ekranlara ara vermeye haz\u0131rlan\u0131yor.<\/p>\n<p><img loading=\"lazy\" decoding=\"async\" class=\"alignnone wp-image-315980 size-full\" src=\"https:\/\/www.tgrthaber.com\/mavikadin\/wp-content\/uploads\/2026\/04\/Adsiz-tasarim-13-5.jpg\" alt=\"\" width=\"1208\" height=\"680\" title=\"\" srcset=\"https:\/\/www.tgrthaber.com\/mavikadin\/wp-content\/uploads\/2026\/04\/Adsiz-tasarim-13-5.jpg 1208w, https:\/\/www.tgrthaber.com\/mavikadin\/wp-content\/uploads\/2026\/04\/Adsiz-tasarim-13-5-300x169.jpg 300w, https:\/\/www.tgrthaber.com\/mavikadin\/wp-content\/uploads\/2026\/04\/Adsiz-tasarim-13-5-1024x576.jpg 1024w, https:\/\/www.tgrthaber.com\/mavikadin\/wp-content\/uploads\/2026\/04\/Adsiz-tasarim-13-5-768x432.jpg 768w\" sizes=\"(max-width: 1208px) 100vw, 1208px\" \/><\/p>\n<hr \/>\n<h3>TE\u015eK\u0130LAT 178. B\u00d6L\u00dcMDE NELER OLDU?<\/h3>\n<p>Uzay\u2019\u0131n ac\u0131s\u0131 ekibi derinden sarsar. Herkes kendi ac\u0131s\u0131n\u0131 ya\u015farken bir yandan da Nazl\u0131\u2019ya destek olmaya \u00e7al\u0131\u015f\u0131r. Kurtbey ise intikam pe\u015findedir. Sultan, Korkut\u2019un hamlesini kar\u015f\u0131l\u0131ks\u0131z b\u0131rakmak istemez. Uzay\u2019\u0131n ac\u0131 haberi y\u00fcz\u00fcnden darmada\u011f\u0131n olan Korkut ve Hamdi i\u00e7in de\u015fifre olma tehlikesi giderek b\u00fcy\u00fcr. Altay ve ekip, ya\u015fananlar\u0131n hesab\u0131n\u0131 sormak i\u00e7in b\u00fcy\u00fck bir operasyona ba\u015flar. Te\u015fkilat bu kez d\u00fc\u015fman\u0131 kendi silah\u0131yla vuracakt\u0131r&#8230;<\/p>\n","protected":false},"excerpt":{"rendered":"<p>TRT1\u2019in ilgiyle takip edilen dizisi Te\u015fkilat i\u00e7in sezon finali tarihi de\u011fi\u015fti. \u0130lk planlamaya g\u00f6re 14 Haziran Pazar g\u00fcn\u00fc ekrana gelmesi beklenen sezon finali, al\u0131nan yeni kararla bir hafta \u00f6ne \u00e7ekildi. Milli \u0130stihbarat Te\u015fkilat\u0131\u2019n\u0131n kahramanl\u0131k hik\u00e2yelerini konu alan dizinin final tarihi izleyiciler taraf\u0131ndan merak edildi. Peki, Te\u015fkilat sezon finali ne zaman?<\/p>\n","protected":false},"author":10,"featured_media":315981,"comment_status":"closed","ping_status":"closed","sticky":false,"template":"","format":"standard","meta":{"rank_math_lock_modified_date":false,"footnotes":""},"categories":[602],"tags":[32159,2628,840,5608,22383],"class_list":["post-315975","post","type-post","status-publish","format-standard","has-post-thumbnail","hentry","category-diziler","tag-dizi","tag-dizi-haberleri","tag-teskilat","tag-teskilat-dizisi","tag-teskilat-sezon-finali"],"_links":{"self":[{"href":"https:\/\/www.tgrthaber.com\/mavikadin\/wp-json\/wp\/v2\/posts\/315975"}],"collection":[{"href":"https:\/\/www.tgrthaber.com\/mavikadin\/wp-json\/wp\/v2\/posts"}],"about":[{"href":"https:\/\/www.tgrthaber.com\/mavikadin\/wp-json\/wp\/v2\/types\/post"}],"author":[{"embeddable":true,"href":"https:\/\/www.tgrthaber.com\/mavikadin\/wp-json\/wp\/v2\/users\/10"}],"replies":[{"embeddable":true,"href":"https:\/\/www.tgrthaber.com\/mavikadin\/wp-json\/wp\/v2\/comments?post=315975"}],"version-history":[{"count":1,"href":"https:\/\/www.tgrthaber.com\/mavikadin\/wp-json\/wp\/v2\/posts\/315975\/revisions"}],"predecessor-version":[{"id":315982,"href":"https:\/\/www.tgrthaber.com\/mavikadin\/wp-json\/wp\/v2\/posts\/315975\/revisions\/315982"}],"wp:featuredmedia":[{"embeddable":true,"href":"https:\/\/www.tgrthaber.com\/mavikadin\/wp-json\/wp\/v2\/media\/315981"}],"wp:attachment":[{"href":"https:\/\/www.tgrthaber.com\/mavikadin\/wp-json\/wp\/v2\/media?parent=315975"}],"wp:term":[{"taxonomy":"category","embeddable":true,"href":"https:\/\/www.tgrthaber.com\/mavikadin\/wp-json\/wp\/v2\/categories?post=315975"},{"taxonomy":"post_tag","embeddable":true,"href":"https:\/\/www.tgrthaber.com\/mavikadin\/wp-json\/wp\/v2\/tags?post=315975"}],"curies":[{"name":"wp","href":"https:\/\/api.w.org\/{rel}","templated":true}]}}