{"id":316017,"date":"2026-04-29T10:34:52","date_gmt":"2026-04-29T07:34:52","guid":{"rendered":"https:\/\/www.tgrthaber.com\/mavikadin\/?p=316017"},"modified":"2026-04-29T10:34:52","modified_gmt":"2026-04-29T07:34:52","slug":"soy-filminin-oyuncu-kadrosuna-bomba-transfer-ilker-kizmaz-ekibe-dahil-oldu","status":"publish","type":"post","link":"https:\/\/www.tgrthaber.com\/mavikadin\/soy-filminin-oyuncu-kadrosuna-bomba-transfer-ilker-kizmaz-ekibe-dahil-oldu\/","title":{"rendered":"Soy filminin oyuncu kadrosuna bomba transfer! \u0130lker K\u0131zmaz ekibe dahil oldu"},"content":{"rendered":"<p>Sinema d\u00fcnyas\u0131n\u0131n b\u00fcy\u00fck bir merakla bekledi\u011fi \u2018Soy\u2019 filmine bomba bir oyuncu transferi ger\u00e7ekle\u015fti. \u0130lker K\u0131zmaz, haz\u0131rl\u0131klar\u0131na t\u00fcm h\u0131z\u0131yla devam edilen Soy filminin ekibine dahil oldu. T\u00fcrk-Arap ortak yap\u0131m\u0131 olarak izleyici kar\u015f\u0131s\u0131na \u00e7\u0131kmaya haz\u0131rlanan iddial\u0131 projenin oyuncu kadrosu yava\u015f yava\u015f tamamlan\u0131yor. Etkileyici hikayesi ve g\u00fc\u00e7l\u00fc oyuncu kadrosuyla dikkatleri \u00fczerine \u00e7eken film, b\u00fcy\u00fck bir heyecanla bekleniyor. Ba\u015frollerinde Farah Zeynep Abdullah ve Bar\u0131\u015f Ardu\u00e7\u2019un yer alaca\u011f\u0131 Soy filmi, g\u00fc\u00e7l\u00fc oyuncu kadrosunu geni\u015fletiyor. Ba\u015far\u0131l\u0131 ve yak\u0131\u015f\u0131kl\u0131 oyuncu \u0130lker K\u0131zmaz, Soy filmiyle ekranlara d\u00f6nmeye haz\u0131rlan\u0131yor. K\u0131zmaz\u2019\u0131n iddial\u0131 filmdeki performans\u0131 \u015fimdiden merak ediliyor.<\/p>\n<h3>SOY F\u0130LM\u0130N\u0130N OYUNCU KADROSUNA BOMBA TRANSFER!<\/h3>\n<p>T\u00fcrk-Arap ortak yap\u0131m\u0131 olarak izleyici kar\u015f\u0131s\u0131na \u00e7\u0131kmaya haz\u0131rlanan <a href=\"https:\/\/www.tgrthaber.com\/medya\/soy-filminin-konusu-nedir-soy-filmi-nereden-yayinlanacak-soy-filmi-oyunculari-kimler-3295559?s=1\">Soy<\/a> filmi, oyuncu kadrosuna bomba bir transfer ger\u00e7ekle\u015ftirdi. \u0130ki farkl\u0131 k\u00fclt\u00fcr\u00fcn bulu\u015fmas\u0131yla ekranlarda yerini alacak olan filmin haz\u0131rl\u0131klar\u0131 t\u00fcm h\u0131z\u0131yla devam ederken, yeni bir oyuncu daha ekibe dahil oldu. Saner Ayar\u2019\u0131n yap\u0131mc\u0131l\u0131\u011f\u0131n\u0131 \u00fcstlendi\u011fi Soy filmi, gerilim t\u00fcr\u00fcnde seyirciyle bulu\u015facak.<\/p>\n<p><img loading=\"lazy\" decoding=\"async\" class=\"size-full wp-image-316022\" src=\"https:\/\/www.tgrthaber.com\/mavikadin\/wp-content\/uploads\/2026\/04\/Ilker-Kizmaz-1.jpg\" alt=\"Soy filminin oyuncu kadrosuna bomba transfer! \u0130lker K\u0131zmaz ekibe dahil oldu\" width=\"1208\" height=\"680\" title=\"\" srcset=\"https:\/\/www.tgrthaber.com\/mavikadin\/wp-content\/uploads\/2026\/04\/Ilker-Kizmaz-1.jpg 1208w, https:\/\/www.tgrthaber.com\/mavikadin\/wp-content\/uploads\/2026\/04\/Ilker-Kizmaz-1-300x169.jpg 300w, https:\/\/www.tgrthaber.com\/mavikadin\/wp-content\/uploads\/2026\/04\/Ilker-Kizmaz-1-1024x576.jpg 1024w, https:\/\/www.tgrthaber.com\/mavikadin\/wp-content\/uploads\/2026\/04\/Ilker-Kizmaz-1-768x432.jpg 768w\" sizes=\"(max-width: 1208px) 100vw, 1208px\" \/><\/p>\n<hr \/>\n<p>Hen\u00fcz haz\u0131rl\u0131k a\u015famas\u0131nda olan iddial\u0131 projenin oyuncu kadrosu her ge\u00e7en g\u00fcn b\u00fcy\u00fcyor. Necati \u015eahin ve Melih \u00d6zy\u0131lmaz&#8217;\u0131n kaleme ald\u0131\u011f\u0131 Soy filmi, etkileyici hikayesi ve g\u00fc\u00e7l\u00fc oyuncu kadrosuyla dikkat \u00e7ekiyor. Merakla beklenen projeye yeni bir oyuncu daha kat\u0131ld\u0131. Rozam Media arac\u0131l\u0131\u011f\u0131yla seyirciyle bulu\u015facak olan film, Farah Zeynep Abdullah ve Bar\u0131\u015f Ardu\u00e7\u2019un ba\u015frollerinde yay\u0131nlanacak.<\/p>\n<p><img loading=\"lazy\" decoding=\"async\" class=\"size-full wp-image-316021\" src=\"https:\/\/www.tgrthaber.com\/mavikadin\/wp-content\/uploads\/2026\/04\/Ilker-Kizmaz-5.jpg\" alt=\"Soy filminin oyuncu kadrosuna bomba transfer! \u0130lker K\u0131zmaz ekibe dahil oldu\" width=\"1208\" height=\"680\" title=\"\" srcset=\"https:\/\/www.tgrthaber.com\/mavikadin\/wp-content\/uploads\/2026\/04\/Ilker-Kizmaz-5.jpg 1208w, https:\/\/www.tgrthaber.com\/mavikadin\/wp-content\/uploads\/2026\/04\/Ilker-Kizmaz-5-300x169.jpg 300w, https:\/\/www.tgrthaber.com\/mavikadin\/wp-content\/uploads\/2026\/04\/Ilker-Kizmaz-5-1024x576.jpg 1024w, https:\/\/www.tgrthaber.com\/mavikadin\/wp-content\/uploads\/2026\/04\/Ilker-Kizmaz-5-768x432.jpg 768w\" sizes=\"(max-width: 1208px) 100vw, 1208px\" \/><\/p>\n<hr \/>\n<p>\u00dcnl\u00fc korku filmlerinin g\u00f6r\u00fcnt\u00fc y\u00f6netmeni olan Maxime Alexandre\u2019nin y\u00f6netmenli\u011fini \u00fcstlendi\u011fi Soy filminin orijinal hikayesi Suudi Arabistan\u2019\u0131n Kraliyet Ba\u015fdan\u0131\u015fman\u0131 Turki Alalshikh\u2018e ait\u2026 Farah Zeynep Abdullah, Bar\u0131\u015f Ardu\u00e7, Tuba B\u00fcy\u00fck\u00fcst\u00fcn, Erdal K\u00fc\u00e7\u00fckk\u00f6m\u00fcrc\u00fc, Tamer Levent ve Mehmet Y\u0131lmaz Ak gibi ba\u015far\u0131l\u0131 isimlerin yer ald\u0131\u011f\u0131 Soy filminin oyuncu kadrosuna yeni bir isim daha kat\u0131ld\u0131.<\/p>\n<p><img loading=\"lazy\" decoding=\"async\" class=\"size-full wp-image-316020\" src=\"https:\/\/www.tgrthaber.com\/mavikadin\/wp-content\/uploads\/2026\/04\/Ilker-Kizmaz-4.jpg\" alt=\"Soy filminin oyuncu kadrosuna bomba transfer! \u0130lker K\u0131zmaz ekibe dahil oldu\" width=\"1208\" height=\"680\" title=\"\" srcset=\"https:\/\/www.tgrthaber.com\/mavikadin\/wp-content\/uploads\/2026\/04\/Ilker-Kizmaz-4.jpg 1208w, https:\/\/www.tgrthaber.com\/mavikadin\/wp-content\/uploads\/2026\/04\/Ilker-Kizmaz-4-300x169.jpg 300w, https:\/\/www.tgrthaber.com\/mavikadin\/wp-content\/uploads\/2026\/04\/Ilker-Kizmaz-4-1024x576.jpg 1024w, https:\/\/www.tgrthaber.com\/mavikadin\/wp-content\/uploads\/2026\/04\/Ilker-Kizmaz-4-768x432.jpg 768w\" sizes=\"(max-width: 1208px) 100vw, 1208px\" \/><\/p>\n<hr \/>\n<h3>\u0130LKER KIZMAZ SOY F\u0130LM\u0130N\u0130N EK\u0130B\u0130NE DAH\u0130L OLDU!<\/h3>\n<p>Kariyeri boyuncu bir\u00e7ok ba\u015far\u0131l\u0131 projede boy g\u00f6steren \u0130lker K\u0131zmaz, merakla beklenen <a href=\"https:\/\/www.tgrthaber.com\/medya\/soy-filminin-konusu-nedir-soy-filmi-nereden-yayinlanacak-soy-filmi-oyunculari-kimler-3295559?s=1\">Soy<\/a> filminin ekibine dahil oldu. Gazeteci Birsen Altunta\u015f\u2019\u0131n haberine g\u00f6re; K\u0131zmaz, ekimlerinin be\u015f hafta s\u00fcrmesi planlanan filmin oyuncu kadrosuna kat\u0131ld\u0131. Korku ve gerilim t\u00fcr\u00fcnde izleyici kar\u015f\u0131s\u0131na \u00e7\u0131kacak olan filmde K\u0131zmaz\u2019\u0131n performans\u0131 ise \u015fimdiden merak edildi.<\/p>\n<p><img loading=\"lazy\" decoding=\"async\" class=\"size-full wp-image-316019\" src=\"https:\/\/www.tgrthaber.com\/mavikadin\/wp-content\/uploads\/2026\/04\/Ilker-Kizmaz-3.jpg\" alt=\"Soy filminin oyuncu kadrosuna bomba transfer! \u0130lker K\u0131zmaz ekibe dahil oldu\" width=\"1208\" height=\"680\" title=\"\" srcset=\"https:\/\/www.tgrthaber.com\/mavikadin\/wp-content\/uploads\/2026\/04\/Ilker-Kizmaz-3.jpg 1208w, https:\/\/www.tgrthaber.com\/mavikadin\/wp-content\/uploads\/2026\/04\/Ilker-Kizmaz-3-300x169.jpg 300w, https:\/\/www.tgrthaber.com\/mavikadin\/wp-content\/uploads\/2026\/04\/Ilker-Kizmaz-3-1024x576.jpg 1024w, https:\/\/www.tgrthaber.com\/mavikadin\/wp-content\/uploads\/2026\/04\/Ilker-Kizmaz-3-768x432.jpg 768w\" sizes=\"(max-width: 1208px) 100vw, 1208px\" \/><\/p>\n<hr \/>\n<p>\u00c7ekimlerine t\u00fcm h\u0131z\u0131yla devam edilen Soy filmi, gerilim t\u00fcr\u00fcnde kurgulanarak ekranlardaki yerini alacak. Merakla beklenen proje T\u00fcrk-Arap ortak yap\u0131m\u0131 bir proje olarak seyircinin be\u011fenisine sunulacak.<\/p>\n","protected":false},"excerpt":{"rendered":"<p>Son zamanlar\u0131n iddial\u0131 film projeleri aras\u0131nda yer alan Soy, oyuncu kadrosunu b\u00fcy\u00fctmeye devam ediyor. T\u00fcrk-Arap ortak yap\u0131m\u0131 olarak izleyici kar\u015f\u0131s\u0131na \u00e7\u0131kacak olan Soy filmine bomba bir transfer ger\u00e7ekle\u015fti. Etkileyici hikayesi ve g\u00fc\u00e7l\u00fc oyuncu kadrosuyla dikkatleri \u00fczerine \u00e7eken filmin oyuncu kadrosuna \u0130lker K\u0131zmaz dahil oldu. \u0130\u015fte detaylar\u2026<\/p>\n","protected":false},"author":26,"featured_media":316018,"comment_status":"closed","ping_status":"closed","sticky":false,"template":"","format":"standard","meta":{"rank_math_lock_modified_date":false,"footnotes":""},"categories":[602],"tags":[2628,3602,9698,74159,74158],"class_list":["post-316017","post","type-post","status-publish","format-standard","has-post-thumbnail","hentry","category-diziler","tag-dizi-haberleri","tag-diziler","tag-ilker-kizmaz","tag-ilker-kizmaz-soy-filmi","tag-soy-filmi"],"_links":{"self":[{"href":"https:\/\/www.tgrthaber.com\/mavikadin\/wp-json\/wp\/v2\/posts\/316017"}],"collection":[{"href":"https:\/\/www.tgrthaber.com\/mavikadin\/wp-json\/wp\/v2\/posts"}],"about":[{"href":"https:\/\/www.tgrthaber.com\/mavikadin\/wp-json\/wp\/v2\/types\/post"}],"author":[{"embeddable":true,"href":"https:\/\/www.tgrthaber.com\/mavikadin\/wp-json\/wp\/v2\/users\/26"}],"replies":[{"embeddable":true,"href":"https:\/\/www.tgrthaber.com\/mavikadin\/wp-json\/wp\/v2\/comments?post=316017"}],"version-history":[{"count":2,"href":"https:\/\/www.tgrthaber.com\/mavikadin\/wp-json\/wp\/v2\/posts\/316017\/revisions"}],"predecessor-version":[{"id":316024,"href":"https:\/\/www.tgrthaber.com\/mavikadin\/wp-json\/wp\/v2\/posts\/316017\/revisions\/316024"}],"wp:featuredmedia":[{"embeddable":true,"href":"https:\/\/www.tgrthaber.com\/mavikadin\/wp-json\/wp\/v2\/media\/316018"}],"wp:attachment":[{"href":"https:\/\/www.tgrthaber.com\/mavikadin\/wp-json\/wp\/v2\/media?parent=316017"}],"wp:term":[{"taxonomy":"category","embeddable":true,"href":"https:\/\/www.tgrthaber.com\/mavikadin\/wp-json\/wp\/v2\/categories?post=316017"},{"taxonomy":"post_tag","embeddable":true,"href":"https:\/\/www.tgrthaber.com\/mavikadin\/wp-json\/wp\/v2\/tags?post=316017"}],"curies":[{"name":"wp","href":"https:\/\/api.w.org\/{rel}","templated":true}]}}