{"id":316047,"date":"2026-04-29T12:39:23","date_gmt":"2026-04-29T09:39:23","guid":{"rendered":"https:\/\/www.tgrthaber.com\/mavikadin\/?p=316047"},"modified":"2026-04-29T12:39:23","modified_gmt":"2026-04-29T09:39:23","slug":"bu-tig-isi-bluzu-goren-herkes-hayran-kaldi-2026ya-damga-vuran-tig-isi-orgu-bluzler","status":"publish","type":"post","link":"https:\/\/www.tgrthaber.com\/mavikadin\/bu-tig-isi-bluzu-goren-herkes-hayran-kaldi-2026ya-damga-vuran-tig-isi-orgu-bluzler\/","title":{"rendered":"Bu t\u0131\u011f i\u015fi bluzu g\u00f6ren herkes hayran kald\u0131! 2026&#8217;ya damga vuran t\u0131\u011f i\u015fi \u00f6rg\u00fc bluzler"},"content":{"rendered":"<p>2026 yaz\u0131na ramak kala, moda da el eme\u011fi sevenler rotay\u0131 t\u0131\u011f i\u015fi \u00f6rg\u00fclere \u00e7evirdi. Eskiden anneanne i\u015fi olarak y\u00fcz verilmeyen nostaljik motifler, g\u00fcn\u00fcm\u00fczde en \u015f\u0131k butiklerin vitrinlerini s\u00fcsl\u00fcyor. \u00d6zellikle gen\u00e7 ku\u015fa\u011f\u0131n yo\u011fun ilgi g\u00f6sterdi\u011fi t\u0131\u011f i\u015fi bluzlar, bu yaz\u0131n olmazsa olmaz par\u00e7alar\u0131 aras\u0131nda yer alacak. Peki 2026&#8217;n\u0131n en \u00e7ok tercih edilen t\u0131\u011f i\u015fi <a href=\"https:\/\/www.tgrthaber.com\/mavikadin\/sadece-zincir-ve-sik-igne-ile-yapilan-yazlik-bluz-modelleri-2025\/\">bluz<\/a> modelleri nelerdir? \u0130\u015fte hayran olunacak 2026 t\u0131\u011f i\u015fi \u00f6rg\u00fc bluzler&#8230;<\/p>\n<h3>BU TI\u011e \u0130\u015e\u0130 BLUZU G\u00d6REN HERKES HAYRAN KALDI!<\/h3>\n<p>Bu sezonda s\u0131k s\u0131k kar\u015f\u0131m\u0131za \u00e7\u0131kacak bu \u00f6zel bluz, pastel tonlar\u0131n ve canl\u0131 turuncular\u0131n uyumuyla ilk bak\u0131\u015fta t\u00fcm dikkatleri \u00fczerine \u00e7ekmeyi ba\u015far\u0131yor. \u0130nce pamuklu iplerle \u00f6r\u00fclen modelde, geometrik delikli desenler ve zarif \u00e7i\u00e7ek motifleri bir arada kullan\u0131l\u0131yor. Bluzun kollar\u0131ndaki geni\u015f volanlar ise tarz\u0131n\u0131z\u0131 haval\u0131 g\u00f6stermeye yetecek. Peki bu yaz hangi <a href=\"https:\/\/www.tgrthaber.com\/mavikadin\/orgu-yapmayi-sevmeyenleri-bile-orguye-tesvik-ediyor-2026-yazin-her-yerde-gorecegimiz-tigli-orgu-islemleri\/\">t\u0131\u011f<\/a> i\u015fi \u00f6rg\u00fc bluzler pop\u00fcler?<\/p>\n<p><img loading=\"lazy\" decoding=\"async\" class=\"alignnone wp-image-316051 size-full\" src=\"https:\/\/www.tgrthaber.com\/mavikadin\/wp-content\/uploads\/2026\/04\/Ekran-goruntusu-2026-04-29-115615.png\" alt=\"xt\u0131\u011f i\u015fi bluzlar\" width=\"1323\" height=\"833\" title=\"\" srcset=\"https:\/\/www.tgrthaber.com\/mavikadin\/wp-content\/uploads\/2026\/04\/Ekran-goruntusu-2026-04-29-115615.png 1323w, https:\/\/www.tgrthaber.com\/mavikadin\/wp-content\/uploads\/2026\/04\/Ekran-goruntusu-2026-04-29-115615-300x189.png 300w, https:\/\/www.tgrthaber.com\/mavikadin\/wp-content\/uploads\/2026\/04\/Ekran-goruntusu-2026-04-29-115615-1024x645.png 1024w, https:\/\/www.tgrthaber.com\/mavikadin\/wp-content\/uploads\/2026\/04\/Ekran-goruntusu-2026-04-29-115615-768x484.png 768w\" sizes=\"(max-width: 1323px) 100vw, 1323px\" \/><\/p>\n<hr \/>\n<h3>2026&#8217;YA DAMGA VURAN TI\u011e \u0130\u015e\u0130 \u00d6RG\u00dc BLUZLER<\/h3>\n<p>2026 koleksiyonlar\u0131nda t\u0131\u011f i\u015fi tasar\u0131mlar, vintage esintileri ta\u015f\u0131yor. Bu y\u0131l\u0131n trendleri aras\u0131nda asimetrik kesimler, yo\u011fun file dokular ve metalik \u0131\u015f\u0131lt\u0131l\u0131 iplerle zenginle\u015ftirilmi\u015f modeller var. Renk olarak ise toprak tonlar\u0131 ve yaprak desenleri \u00f6ne \u00e7\u0131k\u0131yor. \u0130\u015fte bu y\u0131la damgas\u0131n\u0131 vuran ve her \u00f6rg\u00fc severin mutlaka denemesi gereken t\u0131\u011f i\u015fi <a href=\"https:\/\/www.tgrthaber.com\/mavikadin\/ince-ipten-firfir-orgu-modelleri-cikarma-2026\/\">\u00f6rg\u00fc<\/a> bluz modelleri&#8230;<\/p>\n<p><img loading=\"lazy\" decoding=\"async\" class=\"alignnone wp-image-316052 size-full\" src=\"https:\/\/www.tgrthaber.com\/mavikadin\/wp-content\/uploads\/2026\/04\/Ekran-goruntusu-2026-04-29-115630.png\" alt=\"t\u0131\u011f i\u015fi bluzlar\" width=\"1366\" height=\"824\" title=\"\" srcset=\"https:\/\/www.tgrthaber.com\/mavikadin\/wp-content\/uploads\/2026\/04\/Ekran-goruntusu-2026-04-29-115630.png 1366w, https:\/\/www.tgrthaber.com\/mavikadin\/wp-content\/uploads\/2026\/04\/Ekran-goruntusu-2026-04-29-115630-300x181.png 300w, https:\/\/www.tgrthaber.com\/mavikadin\/wp-content\/uploads\/2026\/04\/Ekran-goruntusu-2026-04-29-115630-1024x618.png 1024w, https:\/\/www.tgrthaber.com\/mavikadin\/wp-content\/uploads\/2026\/04\/Ekran-goruntusu-2026-04-29-115630-768x463.png 768w\" sizes=\"(max-width: 1366px) 100vw, 1366px\" \/><\/p>\n<hr \/>\n<p><strong>Retro Granny Square Bluz<\/strong><\/p>\n<p>Klasik motiflerin \u00e7ok daha b\u00fcy\u00fck boyutlarda kullan\u0131ld\u0131\u011f\u0131 bu model, crop kesimle olduk\u00e7a haval\u0131 duruyor. Canl\u0131 neon renklerle \u00f6r\u00fclen motifler, siyah bir \u00e7er\u00e7eve ile birle\u015ftirildi\u011fi zaman ise grafiksel bir \u015f\u0131kl\u0131k sunuyor.<\/p>\n<p><img loading=\"lazy\" decoding=\"async\" class=\"alignnone wp-image-316055 size-full\" src=\"https:\/\/www.tgrthaber.com\/mavikadin\/wp-content\/uploads\/2026\/04\/Ekran-goruntusu-2026-04-29-123417.png\" alt=\"2026 bluz \u00f6rg\u00fc \" width=\"1454\" height=\"825\" title=\"\" srcset=\"https:\/\/www.tgrthaber.com\/mavikadin\/wp-content\/uploads\/2026\/04\/Ekran-goruntusu-2026-04-29-123417.png 1454w, https:\/\/www.tgrthaber.com\/mavikadin\/wp-content\/uploads\/2026\/04\/Ekran-goruntusu-2026-04-29-123417-300x170.png 300w, https:\/\/www.tgrthaber.com\/mavikadin\/wp-content\/uploads\/2026\/04\/Ekran-goruntusu-2026-04-29-123417-1024x581.png 1024w, https:\/\/www.tgrthaber.com\/mavikadin\/wp-content\/uploads\/2026\/04\/Ekran-goruntusu-2026-04-29-123417-768x436.png 768w\" sizes=\"(max-width: 1454px) 100vw, 1454px\" \/><\/p>\n<hr \/>\n<p><strong>Bohem File Tunik<\/strong><\/p>\n<p>Plaj modas\u0131ndan sokak stiline kadar g\u00f6rebilece\u011fimiz bu model, \u00e7ok ince merserize iplerle \u00f6r\u00fcl\u00fcyor. V\u00fccut hatlar\u0131n\u0131 daha \u00e7ok belirgin hale getiren bu modellerde ise genellikle ekru ve kum renkleri tercih ediliyor. Ayr\u0131ca i\u00e7ine giyilen kontrast renkli b\u00fcstiyerlerle de konsept tamamlan\u0131yor.<\/p>\n<p><img loading=\"lazy\" decoding=\"async\" class=\"alignnone wp-image-316049 \" src=\"https:\/\/www.tgrthaber.com\/mavikadin\/wp-content\/uploads\/2026\/04\/Ekran-goruntusu-2026-04-29-115545.png\" alt=\"t\u0131\u011fla yap\u0131lan bluzlar\" width=\"1225\" height=\"925\" title=\"\" srcset=\"https:\/\/www.tgrthaber.com\/mavikadin\/wp-content\/uploads\/2026\/04\/Ekran-goruntusu-2026-04-29-115545.png 955w, https:\/\/www.tgrthaber.com\/mavikadin\/wp-content\/uploads\/2026\/04\/Ekran-goruntusu-2026-04-29-115545-300x226.png 300w, https:\/\/www.tgrthaber.com\/mavikadin\/wp-content\/uploads\/2026\/04\/Ekran-goruntusu-2026-04-29-115545-768x580.png 768w\" sizes=\"(max-width: 1225px) 100vw, 1225px\" \/><\/p>\n<hr \/>\n<p><strong>Degrade Ge\u00e7i\u015fli Yaz R\u00fczgar\u0131<\/strong><\/p>\n<p>Renklerin birinden di\u011ferine yumu\u015fak bir ge\u00e7i\u015f yapt\u0131\u011f\u0131 bu model, diki\u015fsiz dairesel \u00f6rg\u00fc tekni\u011fiyle haz\u0131rlan\u0131yor. Sala\u015f kesimi ve d\u00f6k\u00fcml\u00fc yap\u0131s\u0131yla yaz ak\u015famlar\u0131n\u0131n en konforlu ve tercih edilen modeli aras\u0131nda yerini al\u0131yor.<\/p>\n<p><img loading=\"lazy\" decoding=\"async\" class=\"alignnone wp-image-316056 size-full\" src=\"https:\/\/www.tgrthaber.com\/mavikadin\/wp-content\/uploads\/2026\/04\/Ekran-goruntusu-2026-04-29-115516.png\" alt=\"bluz\" width=\"1194\" height=\"757\" title=\"\" srcset=\"https:\/\/www.tgrthaber.com\/mavikadin\/wp-content\/uploads\/2026\/04\/Ekran-goruntusu-2026-04-29-115516.png 1194w, https:\/\/www.tgrthaber.com\/mavikadin\/wp-content\/uploads\/2026\/04\/Ekran-goruntusu-2026-04-29-115516-300x190.png 300w, https:\/\/www.tgrthaber.com\/mavikadin\/wp-content\/uploads\/2026\/04\/Ekran-goruntusu-2026-04-29-115516-1024x649.png 1024w, https:\/\/www.tgrthaber.com\/mavikadin\/wp-content\/uploads\/2026\/04\/Ekran-goruntusu-2026-04-29-115516-768x487.png 768w\" sizes=\"(max-width: 1194px) 100vw, 1194px\" \/><\/p>\n<hr \/>\n<p><strong>\u00c7ok Renkli Zikzak Desenli Bluzlar<\/strong><\/p>\n<p>\u00c7ok renkli zikzak desenli bluzlar 2026&#8217;n\u0131n t\u0131\u011f i\u015fi \u00f6rg\u00fc bluzlar\u0131nda yerini ald\u0131. Kremit renginden geni\u015f renk paleti sunan bu modeller, file dokusuyla cildin rahat nefes almas\u0131n\u0131 sa\u011fl\u0131yor. Yaz g\u00fcnlerinde s\u0131kl\u0131kla kar\u015f\u0131la\u015faca\u011f\u0131m\u0131z bu modeller, dinamik bir g\u00f6r\u00fcnt\u00fc de sunuyor.<\/p>\n<p><img loading=\"lazy\" decoding=\"async\" class=\"alignnone wp-image-316050 size-full\" src=\"https:\/\/www.tgrthaber.com\/mavikadin\/wp-content\/uploads\/2026\/04\/Ekran-goruntusu-2026-04-29-115558.png\" alt=\"\u00f6rg\u00fc bluz 2026\" width=\"1452\" height=\"883\" title=\"\" srcset=\"https:\/\/www.tgrthaber.com\/mavikadin\/wp-content\/uploads\/2026\/04\/Ekran-goruntusu-2026-04-29-115558.png 1452w, https:\/\/www.tgrthaber.com\/mavikadin\/wp-content\/uploads\/2026\/04\/Ekran-goruntusu-2026-04-29-115558-300x182.png 300w, https:\/\/www.tgrthaber.com\/mavikadin\/wp-content\/uploads\/2026\/04\/Ekran-goruntusu-2026-04-29-115558-1024x623.png 1024w, https:\/\/www.tgrthaber.com\/mavikadin\/wp-content\/uploads\/2026\/04\/Ekran-goruntusu-2026-04-29-115558-768x467.png 768w\" sizes=\"(max-width: 1452px) 100vw, 1452px\" \/><\/p>\n<hr \/>\n<h3>EN SIK SORULAN SORULAR VE CEVAPLARI<\/h3>\n<h3><strong>T\u0131\u011f i\u015fi bluzler yaz\u0131n terletir mi?<\/strong><\/h3>\n<p>T\u0131\u011f i\u015fi bluzler e\u011fer y\u00fczde y\u00fcz pamuklu, bambu ya da merserize iplerle i\u015flenirse terletmez. Bu yap\u0131da iplerle \u00f6r\u00fclen bluzlar olduk\u00e7a nefes ald\u0131ran ve serin tutan modellerdir.<\/p>\n<h3>\u00d6rg\u00fc bluzlar\u0131n bak\u0131m\u0131 nas\u0131l olmal\u0131?<\/h3>\n<p>\u00d6rg\u00fc bluzlar\u0131n formunun bozulmamas\u0131 i\u00e7in, \u0131l\u0131k suyla y\u0131kamak gerekiyor. Kurutma i\u015flemi de ask\u0131ya asarak de\u011fil, sererek kurutulmal\u0131d\u0131r.<\/p>\n<h3>2026 modas\u0131nda hangi rek ipler tercih ediliyor?<\/h3>\n<p>2026 y\u0131l\u0131nda \u00f6zellikle g\u00fcn bat\u0131m\u0131 renkleri olan turuncu, k\u0131z\u0131l ve sar\u0131 tonlar\u0131 tercih ediliyor. Bununla beraber f\u0131st\u0131k ye\u015fili ve lavanta tonlar\u0131 da olduk\u00e7a pop\u00fcler.<\/p>\n","protected":false},"excerpt":{"rendered":"<p>2026 y\u0131l\u0131 moda d\u00fcnyas\u0131nda ge\u00e7mi\u015fin izleri hala devam etmekte. \u00d6zellikle el eme\u011finin k\u0131ymetinin tekrar anla\u015f\u0131ld\u0131\u011f\u0131 bu sezonda, t\u0131\u011f i\u015fi \u00f6rg\u00fcler podyumlardan sokak stiline kadar her yeri ku\u015fatm\u0131\u015f durumda. Haz\u0131r giyimden s\u0131k\u0131lan moda tutkunlar\u0131 ve el becerisine g\u00fcvenen han\u0131mlar, \u00f6zg\u00fcn desenler ve canl\u0131 renklerin hakim oldu\u011fu \u00f6rg\u00fc bluzlara y\u00f6neldi. Peki 2026&#8217;ya damga vuran t\u0131\u011f i\u015fi \u00f6rg\u00fc bluz modelleri nelerdir? \u0130\u015fte g\u00f6ren herkesi hayran b\u0131rakan t\u0131\u011f i\u015fi \u00f6rg\u00fc modelleri&#8230;<\/p>\n","protected":false},"author":35,"featured_media":316048,"comment_status":"closed","ping_status":"closed","sticky":false,"template":"","format":"standard","meta":{"rank_math_lock_modified_date":false,"footnotes":""},"categories":[1797],"tags":[73123,74163,24835,74164,68892],"class_list":["post-316047","post","type-post","status-publish","format-standard","has-post-thumbnail","hentry","category-orgu-hobi","tag-2026-orgu","tag-bluz","tag-orgu-hobi","tag-tig-isi-orgu-bluz","tag-tig-isi-orguler"],"_links":{"self":[{"href":"https:\/\/www.tgrthaber.com\/mavikadin\/wp-json\/wp\/v2\/posts\/316047"}],"collection":[{"href":"https:\/\/www.tgrthaber.com\/mavikadin\/wp-json\/wp\/v2\/posts"}],"about":[{"href":"https:\/\/www.tgrthaber.com\/mavikadin\/wp-json\/wp\/v2\/types\/post"}],"author":[{"embeddable":true,"href":"https:\/\/www.tgrthaber.com\/mavikadin\/wp-json\/wp\/v2\/users\/35"}],"replies":[{"embeddable":true,"href":"https:\/\/www.tgrthaber.com\/mavikadin\/wp-json\/wp\/v2\/comments?post=316047"}],"version-history":[{"count":1,"href":"https:\/\/www.tgrthaber.com\/mavikadin\/wp-json\/wp\/v2\/posts\/316047\/revisions"}],"predecessor-version":[{"id":316057,"href":"https:\/\/www.tgrthaber.com\/mavikadin\/wp-json\/wp\/v2\/posts\/316047\/revisions\/316057"}],"wp:featuredmedia":[{"embeddable":true,"href":"https:\/\/www.tgrthaber.com\/mavikadin\/wp-json\/wp\/v2\/media\/316048"}],"wp:attachment":[{"href":"https:\/\/www.tgrthaber.com\/mavikadin\/wp-json\/wp\/v2\/media?parent=316047"}],"wp:term":[{"taxonomy":"category","embeddable":true,"href":"https:\/\/www.tgrthaber.com\/mavikadin\/wp-json\/wp\/v2\/categories?post=316047"},{"taxonomy":"post_tag","embeddable":true,"href":"https:\/\/www.tgrthaber.com\/mavikadin\/wp-json\/wp\/v2\/tags?post=316047"}],"curies":[{"name":"wp","href":"https:\/\/api.w.org\/{rel}","templated":true}]}}