{"id":316059,"date":"2026-04-29T13:40:03","date_gmt":"2026-04-29T10:40:03","guid":{"rendered":"https:\/\/www.tgrthaber.com\/mavikadin\/?p=316059"},"modified":"2026-04-29T13:40:03","modified_gmt":"2026-04-29T10:40:03","slug":"citir-citir-borek-tarifi-2026-sosyal-medya-trendi-lezzet","status":"publish","type":"post","link":"https:\/\/www.tgrthaber.com\/mavikadin\/citir-citir-borek-tarifi-2026-sosyal-medya-trendi-lezzet\/","title":{"rendered":"\u00c7\u0131t\u0131r \u00e7\u0131t\u0131r b\u00f6rek tarifi! 2026 sosyal medya trendi lezzet"},"content":{"rendered":"<p>Son zamanlarda sosyal medyada en \u00e7ok tercih edilen tarifler aras\u0131nda \u00e7\u0131t\u0131r \u00e7\u0131t\u0131r <a href=\"https:\/\/www.tgrthaber.com\/mavikadin\/firindan-cikan-en-pratik-elmali-kek-tarifi-unsuz-sutsuz-ve-sekersiz\/\">b\u00f6rek<\/a> tarifi yer al\u0131yor. \u00d6zellikle 2026 y\u0131l\u0131n\u0131n b\u00fcy\u00fck bir ilgiyle ara\u015ft\u0131r\u0131lan tarifleri aras\u0131nda yer alan \u00e7\u0131t\u0131r b\u00f6rek tarifi, sosyal medyan\u0131n trend lezzetleri aras\u0131nda yer al\u0131yor. Sizde evde kolayca yapabilece\u011finiz \u00e7\u0131t\u0131r b\u00f6rek tarifi aray\u0131\u015f\u0131ndaysan\u0131z, do\u011fru yerdesiniz. Kahvalt\u0131 sofralar\u0131n\u0131z\u0131n ve \u00e7ay saatlerinizin vazge\u00e7ilmezi olacak bu \u00e7\u0131t\u0131r \u00e7\u0131t\u0131r b\u00f6rek tarifine bay\u0131lacaks\u0131n\u0131z. Do\u011fru tekniklerle \u00e7\u0131t\u0131r \u00e7\u0131t\u0131r yapabilece\u011finiz b\u00f6rek tarifini sizin i\u00e7in ara\u015ft\u0131rd\u0131k. B\u00f6rek yapmak g\u00f6z\u00fcn\u00fczde b\u00fcy\u00fcmesin! Hem kolay hem de lezzetli \u00e7\u0131t\u0131r b\u00f6rek tarifini mutlaka denemelisiniz. \u0130\u015fte \u00e7\u0131t\u0131r \u00e7\u0131t\u0131r b\u00f6rek tarifi\u2026<\/p>\n<h3>\u00c7ITIR \u00c7ITIR B\u00d6REK TAR\u0130F\u0130 SOSYAL MEDYANIN YEN\u0130 TREND\u0130 OLUYOR!<\/h3>\n<p>Sizde evinize ya da misafirlerinize \u00e7\u0131t\u0131r \u00e7\u0131t\u0131r <a href=\"https:\/\/www.tgrthaber.com\/mavikadin\/unsuz-tavuk-kiymali-ispanakli-bohca-tarifi-disi-citir-citir-ici-dopdolu\/\">b\u00f6rek<\/a> yapmak istiyorsan\u0131z, do\u011fru yerdesiniz. B\u00f6rek deyip ge\u00e7meyin! \u00c7\u0131t\u0131r \u00e7\u0131t\u0131r yapabilece\u011finiz tad\u0131 dama\u011f\u0131n\u0131zda kalacak nefis b\u00f6rek tarifini sizin i\u00e7in ara\u015ft\u0131rd\u0131k. Evde kolayca yapabilece\u011finiz bu tarif kahvalt\u0131 sofralar\u0131n\u0131z\u0131n ve \u00e7ay saatlerinizin vazge\u00e7ilmezi olacak.<\/p>\n<p><img loading=\"lazy\" decoding=\"async\" class=\"size-full wp-image-316061\" src=\"https:\/\/www.tgrthaber.com\/mavikadin\/wp-content\/uploads\/2026\/04\/citir-borek-3.jpg\" alt=\"\u00c7\u0131t\u0131r \u00e7\u0131t\u0131r b\u00f6rek tarifi! 2026 sosyal medya trendi lezzet\" width=\"1208\" height=\"680\" title=\"\" srcset=\"https:\/\/www.tgrthaber.com\/mavikadin\/wp-content\/uploads\/2026\/04\/citir-borek-3.jpg 1208w, https:\/\/www.tgrthaber.com\/mavikadin\/wp-content\/uploads\/2026\/04\/citir-borek-3-300x169.jpg 300w, https:\/\/www.tgrthaber.com\/mavikadin\/wp-content\/uploads\/2026\/04\/citir-borek-3-1024x576.jpg 1024w, https:\/\/www.tgrthaber.com\/mavikadin\/wp-content\/uploads\/2026\/04\/citir-borek-3-768x432.jpg 768w\" sizes=\"(max-width: 1208px) 100vw, 1208px\" \/><\/p>\n<hr \/>\n<p>\u00d6zellikle son zamanlarda sosyal medyada b\u00fcy\u00fck ilgi g\u00f6ren \u00e7\u0131t\u0131r b\u00f6rek tarifi 2026 y\u0131l\u0131n\u0131n trend lezzetleri aras\u0131nda yer al\u0131yor. B\u00f6rek a\u00e7mak elbette olduk\u00e7a zor g\u00f6z\u00fcken tarifler aras\u0131ndad\u0131r. Fakat b\u00f6rek a\u00e7madan da haz\u0131r yufkayla \u00e7\u0131t\u0131r \u00e7\u0131t\u0131r b\u00f6rek yapabilirsiniz. Kahvalt\u0131 sofralar\u0131n\u0131z\u0131n ve \u00e7ay saatlerinizin vazge\u00e7ilmezi olacak bu \u00e7\u0131t\u0131r \u00e7\u0131t\u0131r b\u00f6rek tarifine bay\u0131lacaks\u0131n\u0131z.<\/p>\n<p><img loading=\"lazy\" decoding=\"async\" class=\"size-full wp-image-316060\" src=\"https:\/\/www.tgrthaber.com\/mavikadin\/wp-content\/uploads\/2026\/04\/citir-borek-2.jpg\" alt=\"\u00c7\u0131t\u0131r \u00e7\u0131t\u0131r b\u00f6rek tarifi! 2026 sosyal medya trendi lezzet\" width=\"1208\" height=\"680\" title=\"\" srcset=\"https:\/\/www.tgrthaber.com\/mavikadin\/wp-content\/uploads\/2026\/04\/citir-borek-2.jpg 1208w, https:\/\/www.tgrthaber.com\/mavikadin\/wp-content\/uploads\/2026\/04\/citir-borek-2-300x169.jpg 300w, https:\/\/www.tgrthaber.com\/mavikadin\/wp-content\/uploads\/2026\/04\/citir-borek-2-1024x576.jpg 1024w, https:\/\/www.tgrthaber.com\/mavikadin\/wp-content\/uploads\/2026\/04\/citir-borek-2-768x432.jpg 768w\" sizes=\"(max-width: 1208px) 100vw, 1208px\" \/><\/p>\n<hr \/>\n<p>\u00c7ok fazla u\u011fra\u015fmadan haz\u0131rlayabilece\u011finiz hem pratik hem de lezzetli \u00e7\u0131t\u0131r \u00e7\u0131t\u0131r b\u00f6rek tarifini mutlaka denemelisiniz. K\u0131sa s\u00fcrede yapabilece\u011finiz bu tarif, sosyal medyan\u0131n en yeni trendleri aras\u0131nda yer al\u0131yor. Do\u011fru tekniklerle \u00e7\u0131t\u0131r \u00e7\u0131t\u0131r yapabilece\u011finiz b\u00f6rek tarifini sizin i\u00e7in ara\u015ft\u0131rd\u0131k. \u0130\u015fte \u00e7\u0131t\u0131r \u00e7\u0131t\u0131r b\u00f6rek tarifi\u2026<\/p>\n<h3>\u00c7ITIR \u00c7ITIR B\u00d6REK TAR\u0130F\u0130!<\/h3>\n<p><strong>Malzemeler;<\/strong><\/p>\n<ul>\n<li>4 tane yufka<\/li>\n<li>100 gram k\u0131yma<\/li>\n<li>3 tane p\u0131rasa<\/li>\n<li>3 tane havu\u00e7\u0327<\/li>\n<li>Yar\u0131m \u00e7ay barda\u011f\u0131 s\u0131v\u0131 ya\u011f\u0131<\/li>\n<li>Tuz, pul biber, karabiber<\/li>\n<\/ul>\n<p><strong>Sosu i\u00e7in;<\/strong><\/p>\n<ul>\n<li>1 su barda\u011f\u0131 su<\/li>\n<li>1 su barda\u011f\u0131 s\u0131v\u0131 ya\u011f\u0131<\/li>\n<li>1 yemek ka\u015f\u0131\u011f\u0131 un<\/li>\n<li>2 yemek ka\u015f\u0131\u011f\u0131 sirke<\/li>\n<\/ul>\n<p><img loading=\"lazy\" decoding=\"async\" class=\"size-full wp-image-316065\" src=\"https:\/\/www.tgrthaber.com\/mavikadin\/wp-content\/uploads\/2026\/04\/citir-borek-7.jpg\" alt=\"\u00c7\u0131t\u0131r \u00e7\u0131t\u0131r b\u00f6rek tarifi! 2026 sosyal medya trendi lezzet\" width=\"1208\" height=\"680\" title=\"\" srcset=\"https:\/\/www.tgrthaber.com\/mavikadin\/wp-content\/uploads\/2026\/04\/citir-borek-7.jpg 1208w, https:\/\/www.tgrthaber.com\/mavikadin\/wp-content\/uploads\/2026\/04\/citir-borek-7-300x169.jpg 300w, https:\/\/www.tgrthaber.com\/mavikadin\/wp-content\/uploads\/2026\/04\/citir-borek-7-1024x576.jpg 1024w, https:\/\/www.tgrthaber.com\/mavikadin\/wp-content\/uploads\/2026\/04\/citir-borek-7-768x432.jpg 768w\" sizes=\"(max-width: 1208px) 100vw, 1208px\" \/><\/p>\n<hr \/>\n<p><strong>\u00dczeri i\u00e7in;<\/strong><\/p>\n<ul>\n<li>Yumurta sar\u0131s\u0131<\/li>\n<li>Susam<\/li>\n<li>\u00c7\u00f6rekotu<\/li>\n<\/ul>\n<p><strong>Haz\u0131rlan\u0131\u015f\u0131;<\/strong><\/p>\n<p>\u00d6ncelikle yufkan\u0131n bir tanesini tezg\u00e2ha a\u00e7\u0131n.<\/p>\n<p>Daha sonra haz\u0131rlad\u0131\u011f\u0131n\u0131z sostan yufkan\u0131n her yere gelecek s\u0327ekilde s\u00fcr\u00fcn.<\/p>\n<p>Yufkan\u0131n kenarlar\u0131n\u0131 ortada bulu\u015fturacak s\u0327ekilde katlay\u0131n.<\/p>\n<p>Katlarken her kat\u0131n aras\u0131na sostan s\u00fcrmeyi unutmay\u0131n.<\/p>\n<p>Yufkan\u0131z\u0131 kare s\u0327ekilde katlad\u0131ktan sonra d\u00f6rt par\u00e7aya b\u00f6l\u00fcn.<\/p>\n<p>Her parc\u0327an\u0131n u\u0308zerine haz\u0131rlad\u0131g\u0306\u0131n\u0131z bo\u0308rek harc\u0131ndan dolu dolu koyun.<\/p>\n<p><img loading=\"lazy\" decoding=\"async\" class=\"size-full wp-image-316063\" src=\"https:\/\/www.tgrthaber.com\/mavikadin\/wp-content\/uploads\/2026\/04\/citir-borek-5.jpg\" alt=\"\u00c7\u0131t\u0131r \u00e7\u0131t\u0131r b\u00f6rek tarifi! 2026 sosyal medya trendi lezzet\" width=\"1208\" height=\"680\" title=\"\" srcset=\"https:\/\/www.tgrthaber.com\/mavikadin\/wp-content\/uploads\/2026\/04\/citir-borek-5.jpg 1208w, https:\/\/www.tgrthaber.com\/mavikadin\/wp-content\/uploads\/2026\/04\/citir-borek-5-300x169.jpg 300w, https:\/\/www.tgrthaber.com\/mavikadin\/wp-content\/uploads\/2026\/04\/citir-borek-5-1024x576.jpg 1024w, https:\/\/www.tgrthaber.com\/mavikadin\/wp-content\/uploads\/2026\/04\/citir-borek-5-768x432.jpg 768w\" sizes=\"(max-width: 1208px) 100vw, 1208px\" \/><\/p>\n<hr \/>\n<p>Daha sonra bohc\u0327a s\u0327eklinde do\u0308rt kenar\u0131ndan ortada bulus\u0327turacak s\u0327ekilde kapat\u0131n.<\/p>\n<p>Kapat\u0131rken malzemenin c\u0327\u0131kmayacak s\u0327ekilde tam kapatmaya dikkat edin.<\/p>\n<p>Sonras\u0131nda kat k\u0131sm\u0131 alta gelecek s\u0327ekilde tepsiye dizin.<\/p>\n<p>Kalan sostan bo\u0308reklerinizin u\u0308stu\u0308ne de s\u00fcr\u00fcn.<\/p>\n<p>1-2 saat kadar yufkalar\u0131n\u0131z\u0131 bu \u015fekilde dinlendirin.<\/p>\n<p>Yufkalar\u0131n\u0131z\u0131 f\u0131r\u0131na vermeden \u00f6nce u\u0308zerine yumurta sar\u0131s\u0131 su\u0308ru\u0308p, susam ve c\u0327o\u0308rekotu gezdirin.<\/p>\n<p>Son olarak b\u00f6reklerinizi fan ayarda 180\u00b0\u2019de u\u0308zeri k\u0131zar\u0131ncaya kadar pi\u015firin.<\/p>\n<p>Afiyet, \u015fifa olsun.<\/p>\n","protected":false},"excerpt":{"rendered":"<p>Sizde \u00e7ay sofralar\u0131n\u0131za yak\u0131\u015facak \u00e7\u0131t\u0131r \u00e7\u0131t\u0131r b\u00f6rek tarifini ara\u015ft\u0131r\u0131yorsan\u0131z, do\u011fru yerdesiniz. 2026 y\u0131l\u0131nda sosyal medyada adeta trend bir lezzet haline gelen \u00e7\u0131t\u0131r b\u00f6rek tarifine bay\u0131lacaks\u0131n\u0131z. B\u00f6rek yapmak g\u00f6z\u00fcn\u00fczde b\u00fcy\u00fcmesin! Hem kolay hem de lezzetli \u00e7\u0131t\u0131r b\u00f6rek tarifini mutlaka denemelisiniz. \u0130\u015fte \u00e7\u0131t\u0131r \u00e7\u0131t\u0131r b\u00f6rek tarifi\u2026<\/p>\n","protected":false},"author":26,"featured_media":316066,"comment_status":"closed","ping_status":"closed","sticky":false,"template":"","format":"standard","meta":{"rank_math_lock_modified_date":false,"footnotes":""},"categories":[191],"tags":[13219,15234,70974,8205,17167],"class_list":["post-316059","post","type-post","status-publish","format-standard","has-post-thumbnail","hentry","category-yemek-tarifleri","tag-borek-tarifi","tag-citir-borek-tarifi","tag-citir-citir-borek","tag-yemek-tarifi","tag-yemek-tarifi-haberleri"],"_links":{"self":[{"href":"https:\/\/www.tgrthaber.com\/mavikadin\/wp-json\/wp\/v2\/posts\/316059"}],"collection":[{"href":"https:\/\/www.tgrthaber.com\/mavikadin\/wp-json\/wp\/v2\/posts"}],"about":[{"href":"https:\/\/www.tgrthaber.com\/mavikadin\/wp-json\/wp\/v2\/types\/post"}],"author":[{"embeddable":true,"href":"https:\/\/www.tgrthaber.com\/mavikadin\/wp-json\/wp\/v2\/users\/26"}],"replies":[{"embeddable":true,"href":"https:\/\/www.tgrthaber.com\/mavikadin\/wp-json\/wp\/v2\/comments?post=316059"}],"version-history":[{"count":2,"href":"https:\/\/www.tgrthaber.com\/mavikadin\/wp-json\/wp\/v2\/posts\/316059\/revisions"}],"predecessor-version":[{"id":316068,"href":"https:\/\/www.tgrthaber.com\/mavikadin\/wp-json\/wp\/v2\/posts\/316059\/revisions\/316068"}],"wp:featuredmedia":[{"embeddable":true,"href":"https:\/\/www.tgrthaber.com\/mavikadin\/wp-json\/wp\/v2\/media\/316066"}],"wp:attachment":[{"href":"https:\/\/www.tgrthaber.com\/mavikadin\/wp-json\/wp\/v2\/media?parent=316059"}],"wp:term":[{"taxonomy":"category","embeddable":true,"href":"https:\/\/www.tgrthaber.com\/mavikadin\/wp-json\/wp\/v2\/categories?post=316059"},{"taxonomy":"post_tag","embeddable":true,"href":"https:\/\/www.tgrthaber.com\/mavikadin\/wp-json\/wp\/v2\/tags?post=316059"}],"curies":[{"name":"wp","href":"https:\/\/api.w.org\/{rel}","templated":true}]}}