{"id":316089,"date":"2026-04-29T14:23:16","date_gmt":"2026-04-29T11:23:16","guid":{"rendered":"https:\/\/www.tgrthaber.com\/mavikadin\/?p=316089"},"modified":"2026-04-29T14:23:17","modified_gmt":"2026-04-29T11:23:17","slug":"uzak-sehir-dizisinin-basrolu-sinem-unsaldan-sasirtan-hamle","status":"publish","type":"post","link":"https:\/\/www.tgrthaber.com\/mavikadin\/uzak-sehir-dizisinin-basrolu-sinem-unsaldan-sasirtan-hamle\/","title":{"rendered":"Uzak \u015eehir dizisinin ba\u015frol\u00fc Sinem \u00dcnsal&#8217;dan \u015fa\u015f\u0131rtan hamle!"},"content":{"rendered":"<p>Ba\u015far\u0131l\u0131 oyunculu\u011fuyla dikkatleri \u00fczerine \u00e7ekmeyi ba\u015faran Sinem \u00dcnsal, bu kez \u015fa\u015f\u0131rtan hamlesiyle magazin g\u00fcndemine bomba gibi d\u00fc\u015ft\u00fc. Kanal D ekranlar\u0131n\u0131n reyting rekortmeni fenomen dizisi Uzak \u015eehir\u2019de \u2018Alya\u2019 karakteriyle ad\u0131n\u0131 duyuran \u00dcnsal, \u015fimdilerde imaj de\u011fi\u015fikli\u011fine gitti. Go T\u00fcrkiye projesiyle seyirci kar\u015f\u0131s\u0131na \u00e7\u0131kan ba\u015far\u0131l\u0131 oyuncu, k\u0131rm\u0131z\u0131 sa\u00e7lar\u0131 ve kahk\u00fclleriyle imaj de\u011fi\u015ftirdi. Yer ald\u0131\u011f\u0131 dizi projesi i\u00e7in bamba\u015fka biri haline gelen \u00dcnsal, sosyal medyada be\u011feni toplad\u0131.<\/p>\n<h3>UZAK \u015eEH\u0130R D\u0130Z\u0130S\u0130N\u0130N BA\u015eROL\u00dc S\u0130NEM \u00dcNSAL&#8217;DAN \u015eA\u015eIRTAN HAMLE!<\/h3>\n<p>Kanal D ekranlar\u0131nda izleyici kar\u015f\u0131s\u0131na \u00e7\u0131kan Uzak \u015eehir dizisinde \u2018Alya\u2019 karakteriyle dikkatleri \u00fczerine \u00e7eken <a href=\"https:\/\/www.tgrthaber.com\/magazin\/uzak-sehir-ekibi-sinem-unsali-istanbula-destekle-gonderdi-herkes-canla-basla-calisti-3293640\">Sinem \u00dcnsal\u2019dan<\/a> \u015fa\u015f\u0131rtan bir hamle geldi. Son zamanlar\u0131n b\u00fcy\u00fck bir ilgiyle takip edilen ba\u015far\u0131l\u0131 oyuncular\u0131 aras\u0131nda yer alan \u00dcnsal, kariyerinin yan\u0131 s\u0131ra g\u00fczelli\u011fi, \u00f6zel hayat\u0131 ve a\u015fk ya\u015fant\u0131s\u0131yla da dikkatleri \u00fczerine \u00e7ekiyor.<\/p>\n<p><img loading=\"lazy\" decoding=\"async\" class=\"size-full wp-image-316094\" src=\"https:\/\/www.tgrthaber.com\/mavikadin\/wp-content\/uploads\/2026\/04\/Sinem-Unsal-6.jpg\" alt=\"Uzak \u015eehir dizisinin ba\u015frol\u00fc Sinem \u00dcnsal&#039;dan \u015fa\u015f\u0131rtan hamle!\" width=\"1208\" height=\"680\" title=\"\" srcset=\"https:\/\/www.tgrthaber.com\/mavikadin\/wp-content\/uploads\/2026\/04\/Sinem-Unsal-6.jpg 1208w, https:\/\/www.tgrthaber.com\/mavikadin\/wp-content\/uploads\/2026\/04\/Sinem-Unsal-6-300x169.jpg 300w, https:\/\/www.tgrthaber.com\/mavikadin\/wp-content\/uploads\/2026\/04\/Sinem-Unsal-6-1024x576.jpg 1024w, https:\/\/www.tgrthaber.com\/mavikadin\/wp-content\/uploads\/2026\/04\/Sinem-Unsal-6-768x432.jpg 768w\" sizes=\"(max-width: 1208px) 100vw, 1208px\" \/><\/p>\n<hr \/>\n<p>Alya karakteriyle kariyerinin zirvesini ya\u015fayan Sinem \u00dcnsal, farkl\u0131 projelerde de yer almaya devam ediyor. \u00d6zellikle Uzak \u015eehir dizisindeki performans\u0131yla ad\u0131ndan s\u00f6z ettiren \u00dcnsal, do\u011fal oyunculu\u011fu ve samimi tav\u0131rlar\u0131yla b\u00fcy\u00fck be\u011feni topluyor. Kariyerinde b\u00fcy\u00fck bir y\u00fckseli\u015fe ge\u00e7en \u00dcnsal, Go T\u00fcrkiye projesiyle seyirci kar\u015f\u0131s\u0131na \u00e7\u0131k\u0131yor.<\/p>\n<p><img loading=\"lazy\" decoding=\"async\" class=\"size-full wp-image-316093\" src=\"https:\/\/www.tgrthaber.com\/mavikadin\/wp-content\/uploads\/2026\/04\/Sinem-Unsal-5.jpg\" alt=\"Uzak \u015eehir dizisinin ba\u015frol\u00fc Sinem \u00dcnsal&#039;dan \u015fa\u015f\u0131rtan hamle!\" width=\"1208\" height=\"680\" title=\"\" srcset=\"https:\/\/www.tgrthaber.com\/mavikadin\/wp-content\/uploads\/2026\/04\/Sinem-Unsal-5.jpg 1208w, https:\/\/www.tgrthaber.com\/mavikadin\/wp-content\/uploads\/2026\/04\/Sinem-Unsal-5-300x169.jpg 300w, https:\/\/www.tgrthaber.com\/mavikadin\/wp-content\/uploads\/2026\/04\/Sinem-Unsal-5-1024x576.jpg 1024w, https:\/\/www.tgrthaber.com\/mavikadin\/wp-content\/uploads\/2026\/04\/Sinem-Unsal-5-768x432.jpg 768w\" sizes=\"(max-width: 1208px) 100vw, 1208px\" \/><\/p>\n<hr \/>\n<h3>S\u0130NEM \u00dcNSAL YEN\u0130 D\u0130Z\u0130S\u0130 \u0130\u00c7\u0130N \u0130MAJ DE\u011e\u0130\u015e\u0130KL\u0130\u011e\u0130NE G\u0130TT\u0130!<\/h3>\n<p>Kanal D ekranlar\u0131n\u0131n reyting rekortmeni fenomen dizisi Uzak \u015eehir\u2019de \u2018Alya\u2019 karakteriyle ad\u0131n\u0131 duyuran <a href=\"https:\/\/www.tgrthaber.com\/medya\/uzak-sehirin-alyasi-sinem-unsal-artik-istanbulda-hikayesi-simdiden-merak-konusu-oldu-3293638\">Sinem \u00dcnsal<\/a>, yeni dizisi i\u00e7in imaj de\u011fi\u015fikli\u011fine gitti. Go T\u00fcrkiye projesiyle seyirci kar\u015f\u0131s\u0131na \u00e7\u0131kan ba\u015far\u0131l\u0131 oyuncu, k\u0131rm\u0131z\u0131 sa\u00e7lar\u0131 ve kahk\u00fclleriyle imaj de\u011fi\u015ftirdi.<\/p>\n<p><img loading=\"lazy\" decoding=\"async\" class=\"size-full wp-image-316092\" src=\"https:\/\/www.tgrthaber.com\/mavikadin\/wp-content\/uploads\/2026\/04\/Sinem-Unsal-4.jpg\" alt=\"Uzak \u015eehir dizisinin ba\u015frol\u00fc Sinem \u00dcnsal&#039;dan \u015fa\u015f\u0131rtan hamle!\" width=\"1208\" height=\"680\" title=\"\" srcset=\"https:\/\/www.tgrthaber.com\/mavikadin\/wp-content\/uploads\/2026\/04\/Sinem-Unsal-4.jpg 1208w, https:\/\/www.tgrthaber.com\/mavikadin\/wp-content\/uploads\/2026\/04\/Sinem-Unsal-4-300x169.jpg 300w, https:\/\/www.tgrthaber.com\/mavikadin\/wp-content\/uploads\/2026\/04\/Sinem-Unsal-4-1024x576.jpg 1024w, https:\/\/www.tgrthaber.com\/mavikadin\/wp-content\/uploads\/2026\/04\/Sinem-Unsal-4-768x432.jpg 768w\" sizes=\"(max-width: 1208px) 100vw, 1208px\" \/><\/p>\n<hr \/>\n<p>Uzak \u015eehir dizisi d\u0131\u015f\u0131nda yer ald\u0131\u011f\u0131 her projeyle dikkatleri \u00fczerine \u00e7ekmeyi ba\u015faran \u00dcnsal, yer ald\u0131\u011f\u0131 Go T\u00fcrkiye projesinde adeta bamba\u015fka birine d\u00f6n\u00fc\u015ft\u00fc.<\/p>\n<p><img loading=\"lazy\" decoding=\"async\" class=\"size-full wp-image-316090\" src=\"https:\/\/www.tgrthaber.com\/mavikadin\/wp-content\/uploads\/2026\/04\/Sinem-Unsal-2.jpg\" alt=\"Uzak \u015eehir dizisinin ba\u015frol\u00fc Sinem \u00dcnsal&#039;dan \u015fa\u015f\u0131rtan hamle!\" width=\"1208\" height=\"680\" title=\"\" srcset=\"https:\/\/www.tgrthaber.com\/mavikadin\/wp-content\/uploads\/2026\/04\/Sinem-Unsal-2.jpg 1208w, https:\/\/www.tgrthaber.com\/mavikadin\/wp-content\/uploads\/2026\/04\/Sinem-Unsal-2-300x169.jpg 300w, https:\/\/www.tgrthaber.com\/mavikadin\/wp-content\/uploads\/2026\/04\/Sinem-Unsal-2-1024x576.jpg 1024w, https:\/\/www.tgrthaber.com\/mavikadin\/wp-content\/uploads\/2026\/04\/Sinem-Unsal-2-768x432.jpg 768w\" sizes=\"(max-width: 1208px) 100vw, 1208px\" \/><\/p>\n<hr \/>\n<p>Yer ald\u0131\u011f\u0131 dizi projesi i\u00e7in bamba\u015fka biri haline gelen Sinem \u00dcnsal, k\u0131rm\u0131z\u0131 sa\u00e7lar\u0131 ve kahk\u00fcll\u00fc yeni stiliyle sosyal medyaya damga vurdu. Do\u011fal g\u00f6r\u00fcn\u00fcm\u00fcn\u00fcn aksine farkl\u0131 bir tarzla izleyici kar\u015f\u0131s\u0131na \u00e7\u0131kan \u00dcnsal\u2019\u0131n radikal de\u011fi\u015fimi sosyal medya kullan\u0131c\u0131lar\u0131n\u0131n be\u011fenisini toplad\u0131.<\/p>\n<p><img loading=\"lazy\" decoding=\"async\" class=\"size-full wp-image-316091\" src=\"https:\/\/www.tgrthaber.com\/mavikadin\/wp-content\/uploads\/2026\/04\/Sinem-Unsal-3.jpg\" alt=\"Uzak \u015eehir dizisinin ba\u015frol\u00fc Sinem \u00dcnsal&#039;dan \u015fa\u015f\u0131rtan hamle!\" width=\"1208\" height=\"680\" title=\"\" srcset=\"https:\/\/www.tgrthaber.com\/mavikadin\/wp-content\/uploads\/2026\/04\/Sinem-Unsal-3.jpg 1208w, https:\/\/www.tgrthaber.com\/mavikadin\/wp-content\/uploads\/2026\/04\/Sinem-Unsal-3-300x169.jpg 300w, https:\/\/www.tgrthaber.com\/mavikadin\/wp-content\/uploads\/2026\/04\/Sinem-Unsal-3-1024x576.jpg 1024w, https:\/\/www.tgrthaber.com\/mavikadin\/wp-content\/uploads\/2026\/04\/Sinem-Unsal-3-768x432.jpg 768w\" sizes=\"(max-width: 1208px) 100vw, 1208px\" \/><\/p>\n<hr \/>\n<p>\u00dcnsal\u2019\u0131n rol ald\u0131\u011f\u0131 dizi i\u00e7in k\u0131rm\u0131z\u0131 kahk\u00fcll\u00fc bir sa\u00e7 kulland\u0131\u011f\u0131 \u00f6\u011frenildi.<\/p>\n","protected":false},"excerpt":{"rendered":"<p>Kanal D ekranlar\u0131n\u0131n reyting rekortmeni fenomen dizisi Uzak \u015eehir\u2019de \u2018Alya\u2019 karakteriyle izleyici kar\u015f\u0131s\u0131na \u00e7\u0131kan Sinem \u00dcnsal\u2019dan \u015fa\u015f\u0131rtan bir hamle geldi. Ba\u015far\u0131l\u0131 oyunculu\u011fu ve g\u00fczelli\u011fiyle s\u0131k s\u0131k dikkatleri \u00fczerine \u00e7eken \u00dcnsal, yer ald\u0131\u011f\u0131 dizi projesi i\u00e7in imaj de\u011fi\u015ftirdi. Yenilenen imaj\u0131yla ad\u0131ndan s\u00f6z ettiren \u00fcnl\u00fc oyuncu, sosyal medyada be\u011feni toplad\u0131. \u0130\u015fte detaylar\u2026<\/p>\n","protected":false},"author":26,"featured_media":316095,"comment_status":"closed","ping_status":"closed","sticky":false,"template":"","format":"standard","meta":{"rank_math_lock_modified_date":false,"footnotes":""},"categories":[76],"tags":[133,2218,2294,74169,74170],"class_list":["post-316089","post","type-post","status-publish","format-standard","has-post-thumbnail","hentry","category-magazin","tag-magazin","tag-magazin-haberleri","tag-sinem-unsal","tag-sinem-unsal-go-turkiye","tag-sinem-unsal-imaj-degisikligi"],"_links":{"self":[{"href":"https:\/\/www.tgrthaber.com\/mavikadin\/wp-json\/wp\/v2\/posts\/316089"}],"collection":[{"href":"https:\/\/www.tgrthaber.com\/mavikadin\/wp-json\/wp\/v2\/posts"}],"about":[{"href":"https:\/\/www.tgrthaber.com\/mavikadin\/wp-json\/wp\/v2\/types\/post"}],"author":[{"embeddable":true,"href":"https:\/\/www.tgrthaber.com\/mavikadin\/wp-json\/wp\/v2\/users\/26"}],"replies":[{"embeddable":true,"href":"https:\/\/www.tgrthaber.com\/mavikadin\/wp-json\/wp\/v2\/comments?post=316089"}],"version-history":[{"count":2,"href":"https:\/\/www.tgrthaber.com\/mavikadin\/wp-json\/wp\/v2\/posts\/316089\/revisions"}],"predecessor-version":[{"id":316098,"href":"https:\/\/www.tgrthaber.com\/mavikadin\/wp-json\/wp\/v2\/posts\/316089\/revisions\/316098"}],"wp:featuredmedia":[{"embeddable":true,"href":"https:\/\/www.tgrthaber.com\/mavikadin\/wp-json\/wp\/v2\/media\/316095"}],"wp:attachment":[{"href":"https:\/\/www.tgrthaber.com\/mavikadin\/wp-json\/wp\/v2\/media?parent=316089"}],"wp:term":[{"taxonomy":"category","embeddable":true,"href":"https:\/\/www.tgrthaber.com\/mavikadin\/wp-json\/wp\/v2\/categories?post=316089"},{"taxonomy":"post_tag","embeddable":true,"href":"https:\/\/www.tgrthaber.com\/mavikadin\/wp-json\/wp\/v2\/tags?post=316089"}],"curies":[{"name":"wp","href":"https:\/\/api.w.org\/{rel}","templated":true}]}}