{"id":316114,"date":"2026-04-29T15:43:38","date_gmt":"2026-04-29T12:43:38","guid":{"rendered":"https:\/\/www.tgrthaber.com\/mavikadin\/?p=316114"},"modified":"2026-04-29T15:43:38","modified_gmt":"2026-04-29T12:43:38","slug":"gelin-adayi-hanife-gurdal-evleniyor-fenomen-isim-aldigi-evlilik-teklifiyle-saskina-ugradi","status":"publish","type":"post","link":"https:\/\/www.tgrthaber.com\/mavikadin\/gelin-adayi-hanife-gurdal-evleniyor-fenomen-isim-aldigi-evlilik-teklifiyle-saskina-ugradi\/","title":{"rendered":"Gelin aday\u0131 Hanife G\u00fcrdal evleniyor! Fenomen isim ald\u0131\u011f\u0131 evlilik teklifiyle \u015fa\u015fk\u0131na u\u011frad\u0131"},"content":{"rendered":"<p>Fenomen gelin aday\u0131 Hanife G\u00fcrdal, dikkatleri \u00fczerine \u00e7ekmeye devam ediyor. Sosyal medyada da geni\u015f bir hayran kitlesine sahip olan Hanife G\u00fcrdal evleniyor. Evlilik teklifiyle \u015fa\u015fk\u0131nl\u0131\u011fa u\u011frayan Hanife G\u00fcrdal, son d\u00f6nemlerde Okan Kurt\u2019la ya\u015fad\u0131\u011f\u0131 ili\u015fkiyle konu\u015fuluyordu. \u015eimdilerde Okan Kurt\u2019tan evlilik teklifi alan Hanife G\u00fcrdal evlilik i\u00e7in ilk ad\u0131m\u0131 at\u0131yor.<\/p>\n<h3>GEL\u0130N ADAYI HAN\u0130FE G\u00dcRDAL EVLEN\u0130YOR!<\/h3>\n<p>Bir d\u00f6nem kat\u0131ld\u0131\u011f\u0131 izdiva\u00e7 programlar\u0131nda \u00fcnlenen Hanife G\u00fcrdal, \u00f6zel hayat\u0131yla da <a href=\"https:\/\/www.tgrthaber.com\/mavikadin\/magazin\/\">g\u00fcndem<\/a>e gelmeye devam ediyor. O d\u00f6nemlerde \u00e7ok\u00e7a konu\u015fulan Hanife G\u00fcrdal, sosyal medyadaki aktifli\u011fi ile de olduk\u00e7a dikkat \u00e7eken isimlerden biri oluyor. Magazin g\u00fcndemin de yak\u0131ndan takip etti\u011fi Hanife G\u00fcrdal evleniyor!<\/p>\n<p><img loading=\"lazy\" decoding=\"async\" class=\"alignnone size-full wp-image-316121\" src=\"https:\/\/www.tgrthaber.com\/mavikadin\/wp-content\/uploads\/2026\/04\/ARZU-2026-04-29T154030.981.jpg\" alt=\"Gelin aday\u0131 Hanife G\u00fcrdal evleniyor! Fenomen isim ald\u0131\u011f\u0131 evlilik teklifiyle \u015fa\u015fk\u0131na u\u011frad\u0131 \" width=\"1208\" height=\"680\" title=\"\" srcset=\"https:\/\/www.tgrthaber.com\/mavikadin\/wp-content\/uploads\/2026\/04\/ARZU-2026-04-29T154030.981.jpg 1208w, https:\/\/www.tgrthaber.com\/mavikadin\/wp-content\/uploads\/2026\/04\/ARZU-2026-04-29T154030.981-300x169.jpg 300w, https:\/\/www.tgrthaber.com\/mavikadin\/wp-content\/uploads\/2026\/04\/ARZU-2026-04-29T154030.981-1024x576.jpg 1024w, https:\/\/www.tgrthaber.com\/mavikadin\/wp-content\/uploads\/2026\/04\/ARZU-2026-04-29T154030.981-768x432.jpg 768w\" sizes=\"(max-width: 1208px) 100vw, 1208px\" \/><\/p>\n<hr \/>\n<p>Daha \u00f6nce Kemal Ayvaz ile \u00e7alkant\u0131l\u0131 bir evlilik ge\u00e7iren Hanife G\u00fcrdal, ge\u00e7ti\u011fimiz senelerde bo\u015fanm\u0131\u015ft\u0131. O bo\u015fanmas\u0131yla da olduk\u00e7a g\u00fcndemde yer alan Hanife G\u00fcrdal, \u015fimdilerde de evlilik haberleriyle dikkatleri \u00fczerine \u00e7ekiyor.<\/p>\n<p>Hatta bo\u015fanma a\u015famas\u0131nda olduk\u00e7a sorunu d\u00f6nemlerden ge\u00e7ti\u011fini iddia eden Hanife G\u00fcrdal, bo\u015fanma sonras\u0131 yapt\u0131\u011f\u0131 payla\u015f\u0131mla da olduk\u00e7a dikkat \u00e7ekmi\u015fti.<\/p>\n<p><img loading=\"lazy\" decoding=\"async\" class=\"alignnone size-full wp-image-316120\" src=\"https:\/\/www.tgrthaber.com\/mavikadin\/wp-content\/uploads\/2026\/04\/ARZU-2026-04-29T154048.856.jpg\" alt=\"Gelin aday\u0131 Hanife G\u00fcrdal evleniyor! Fenomen isim ald\u0131\u011f\u0131 evlilik teklifiyle \u015fa\u015fk\u0131na u\u011frad\u0131 \" width=\"1208\" height=\"680\" title=\"\" srcset=\"https:\/\/www.tgrthaber.com\/mavikadin\/wp-content\/uploads\/2026\/04\/ARZU-2026-04-29T154048.856.jpg 1208w, https:\/\/www.tgrthaber.com\/mavikadin\/wp-content\/uploads\/2026\/04\/ARZU-2026-04-29T154048.856-300x169.jpg 300w, https:\/\/www.tgrthaber.com\/mavikadin\/wp-content\/uploads\/2026\/04\/ARZU-2026-04-29T154048.856-1024x576.jpg 1024w, https:\/\/www.tgrthaber.com\/mavikadin\/wp-content\/uploads\/2026\/04\/ARZU-2026-04-29T154048.856-768x432.jpg 768w\" sizes=\"(max-width: 1208px) 100vw, 1208px\" \/><\/p>\n<hr \/>\n<p>Hanife G\u00fcrdal, \u201cHayat \u00e7ok garip 5 y\u0131ld\u0131r anla\u015famad\u0131\u011f\u0131m ki\u015fiyle bug\u00fcn anla\u015ft\u0131m ve bitti. Bundan sonraki hayat\u0131mda ki\u015finin kiminle ilgilendi\u011fi fl\u00f6rtle\u015fti\u011fi b\u00f6l\u00fcmler benim ilgi alan\u0131mda de\u011fil ve l\u00fctfen bana da bu durumu bilgilendirme yapmay\u0131n! E\u011fer ben hayr\u0131n\u0131 g\u00f6r\u00fcp mutlu olsayd\u0131m bug\u00fcn bunlar\u0131 yaz\u0131yor olmazd\u0131m, yeni hayat\u0131m\u0131n ilk g\u00fcn\u00fcne Hanife G\u00fcrdal olarak uyand\u0131m t\u00fcm g\u00fczelliklerin beni bulaca\u011f\u0131ndan yana \u015f\u00fcphem yok.\u201d s\u00f6zlerini ifade etmi\u015fti.<\/p>\n<p><img loading=\"lazy\" decoding=\"async\" class=\"alignnone size-full wp-image-316118\" src=\"https:\/\/www.tgrthaber.com\/mavikadin\/wp-content\/uploads\/2026\/04\/ARZU-2026-04-29T154109.567.jpg\" alt=\"Gelin aday\u0131 Hanife G\u00fcrdal evleniyor! Fenomen isim ald\u0131\u011f\u0131 evlilik teklifiyle \u015fa\u015fk\u0131na u\u011frad\u0131 \" width=\"1208\" height=\"680\" title=\"\" srcset=\"https:\/\/www.tgrthaber.com\/mavikadin\/wp-content\/uploads\/2026\/04\/ARZU-2026-04-29T154109.567.jpg 1208w, https:\/\/www.tgrthaber.com\/mavikadin\/wp-content\/uploads\/2026\/04\/ARZU-2026-04-29T154109.567-300x169.jpg 300w, https:\/\/www.tgrthaber.com\/mavikadin\/wp-content\/uploads\/2026\/04\/ARZU-2026-04-29T154109.567-1024x576.jpg 1024w, https:\/\/www.tgrthaber.com\/mavikadin\/wp-content\/uploads\/2026\/04\/ARZU-2026-04-29T154109.567-768x432.jpg 768w\" sizes=\"(max-width: 1208px) 100vw, 1208px\" \/><\/p>\n<hr \/>\n<p>Bu a\u00e7\u0131klamalar\u0131ndan sonra sosyal medya payla\u015f\u0131mlar\u0131na da devam eden Hanife G\u00fcrdal, ge\u00e7irdi\u011fi de\u011fi\u015fimle de olduk\u00e7a \u00e7ok konu\u015fulan isimler aras\u0131nda yer alm\u0131\u015ft\u0131. \u015eimdilerde ise ge\u00e7ti\u011fimiz aylarda yeni a\u015fka yelken a\u00e7an isim evlilik haberiyle olduk\u00e7a dikkat \u00e7eken isimlerden oldu.<\/p>\n<h3><img loading=\"lazy\" decoding=\"async\" class=\"alignnone size-full wp-image-316116\" src=\"https:\/\/www.tgrthaber.com\/mavikadin\/wp-content\/uploads\/2026\/04\/ARZU-2026-04-29T154125.679.jpg\" alt=\"Gelin aday\u0131 Hanife G\u00fcrdal evleniyor! Fenomen isim ald\u0131\u011f\u0131 evlilik teklifiyle \u015fa\u015fk\u0131na u\u011frad\u0131 \" width=\"1208\" height=\"680\" title=\"\" srcset=\"https:\/\/www.tgrthaber.com\/mavikadin\/wp-content\/uploads\/2026\/04\/ARZU-2026-04-29T154125.679.jpg 1208w, https:\/\/www.tgrthaber.com\/mavikadin\/wp-content\/uploads\/2026\/04\/ARZU-2026-04-29T154125.679-300x169.jpg 300w, https:\/\/www.tgrthaber.com\/mavikadin\/wp-content\/uploads\/2026\/04\/ARZU-2026-04-29T154125.679-1024x576.jpg 1024w, https:\/\/www.tgrthaber.com\/mavikadin\/wp-content\/uploads\/2026\/04\/ARZU-2026-04-29T154125.679-768x432.jpg 768w\" sizes=\"(max-width: 1208px) 100vw, 1208px\" \/><\/h3>\n<hr \/>\n<h3>FENOMEN \u0130S\u0130M ALDI\u011eI EVL\u0130L\u0130K TEKL\u0130F\u0130YLE \u015eA\u015eKINA U\u011eRADI<\/h3>\n<p>Fenomen gelin aday\u0131 olarak geni\u015f kitlelerce tan\u0131nan Hanife G\u00fcrdal, evlilik haberiyle g\u00fcndemdeki yerini ald\u0131. \u00d6zel hayat\u0131yla zaman zaman dikkat \u00e7eken G\u00fcrdal, \u015fimdilerde sevgilisi Okan Kurt\u2019la d\u00fcnyaevine girmek i\u00e7in ilk ad\u0131mlar\u0131 at\u0131yor.<\/p>\n<p><img loading=\"lazy\" decoding=\"async\" class=\"alignnone size-full wp-image-316115\" src=\"https:\/\/www.tgrthaber.com\/mavikadin\/wp-content\/uploads\/2026\/04\/ARZU-2026-04-29T154137.475.jpg\" alt=\"Gelin aday\u0131 Hanife G\u00fcrdal evleniyor! Fenomen isim ald\u0131\u011f\u0131 evlilik teklifiyle \u015fa\u015fk\u0131na u\u011frad\u0131 \" width=\"1208\" height=\"680\" title=\"\" srcset=\"https:\/\/www.tgrthaber.com\/mavikadin\/wp-content\/uploads\/2026\/04\/ARZU-2026-04-29T154137.475.jpg 1208w, https:\/\/www.tgrthaber.com\/mavikadin\/wp-content\/uploads\/2026\/04\/ARZU-2026-04-29T154137.475-300x169.jpg 300w, https:\/\/www.tgrthaber.com\/mavikadin\/wp-content\/uploads\/2026\/04\/ARZU-2026-04-29T154137.475-1024x576.jpg 1024w, https:\/\/www.tgrthaber.com\/mavikadin\/wp-content\/uploads\/2026\/04\/ARZU-2026-04-29T154137.475-768x432.jpg 768w\" sizes=\"(max-width: 1208px) 100vw, 1208px\" \/><\/p>\n<hr \/>\n<p>A\u015fk\u0131n\u0131 dolu dizgin bir \u015fekilde ifade eden Hanife G\u00fcrdal, ge\u00e7ti\u011fimiz aylarda sevgilisinin do\u011fum g\u00fcn\u00fcn\u00fc kutlayarak duygular\u0131n\u0131 dile getirmi\u015fti. Hanife G\u00fcrdal, &#8220;Sevgilim inan seninle yeni bir \u00fclke kurulur&#8221; diyerek a\u015fk\u0131n\u0131 dile getirmi\u015fti. Yeni ili\u015fkisiyle olduk\u00e7a konu\u015fulan isim evlilik teklifiyle de dikkat \u00e7ekti.<\/p>\n<p><img loading=\"lazy\" decoding=\"async\" class=\"alignnone size-full wp-image-316119\" src=\"https:\/\/www.tgrthaber.com\/mavikadin\/wp-content\/uploads\/2026\/04\/ARZU-2026-04-29T154058.821.jpg\" alt=\"Gelin aday\u0131 Hanife G\u00fcrdal evleniyor! Fenomen isim ald\u0131\u011f\u0131 evlilik teklifiyle \u015fa\u015fk\u0131na u\u011frad\u0131 \" width=\"1208\" height=\"680\" title=\"\" srcset=\"https:\/\/www.tgrthaber.com\/mavikadin\/wp-content\/uploads\/2026\/04\/ARZU-2026-04-29T154058.821.jpg 1208w, https:\/\/www.tgrthaber.com\/mavikadin\/wp-content\/uploads\/2026\/04\/ARZU-2026-04-29T154058.821-300x169.jpg 300w, https:\/\/www.tgrthaber.com\/mavikadin\/wp-content\/uploads\/2026\/04\/ARZU-2026-04-29T154058.821-1024x576.jpg 1024w, https:\/\/www.tgrthaber.com\/mavikadin\/wp-content\/uploads\/2026\/04\/ARZU-2026-04-29T154058.821-768x432.jpg 768w\" sizes=\"(max-width: 1208px) 100vw, 1208px\" \/><\/p>\n<hr \/>\n<p>Hatta Hanife G\u00fcrdal o anlar\u0131 sosyal medyas\u0131ndan payla\u015farak &#8220;Eni\u015fteniz evi, arabay\u0131 ipotek ettirip kafam kadar p\u0131rlanta y\u00fcz\u00fck ald\u0131\u011f\u0131 hayat\u0131 kendisine zehretmeden 5 dakika \u00f6nce. \u00c7ad\u0131r aramaya ba\u015fla \u00e7\u00fcnk\u00fc seninle \u00e7ad\u0131rda da ya\u015far\u0131m.&#8221; ifadelerini kullanarak evlilik teklifini kabul etti.<\/p>\n","protected":false},"excerpt":{"rendered":"<p>\u0130zdiva\u00e7 program\u0131yla ad\u0131n\u0131 duyuran ve geni\u015f bir hayran kitlesine sahip olan Hanife G\u00fcrdal, \u00f6zel hayat\u0131yla g\u00fcndemdeki yerini ald\u0131. Fenomen isim ald\u0131\u011f\u0131 evlilik teklifiyle \u015fa\u015fk\u0131na u\u011frarken evlendi\u011fini duyurdu. \u0130\u015fte detaylar\u2026<\/p>\n","protected":false},"author":34,"featured_media":316117,"comment_status":"closed","ping_status":"closed","sticky":false,"template":"","format":"standard","meta":{"rank_math_lock_modified_date":false,"footnotes":""},"categories":[76],"tags":[74174,74172,74173,2218],"class_list":["post-316114","post","type-post","status-publish","format-standard","has-post-thumbnail","hentry","category-magazin","tag-evlilik-haberi","tag-hanife-gurdal","tag-hanife-gurdal-evlilik","tag-magazin-haberleri"],"_links":{"self":[{"href":"https:\/\/www.tgrthaber.com\/mavikadin\/wp-json\/wp\/v2\/posts\/316114"}],"collection":[{"href":"https:\/\/www.tgrthaber.com\/mavikadin\/wp-json\/wp\/v2\/posts"}],"about":[{"href":"https:\/\/www.tgrthaber.com\/mavikadin\/wp-json\/wp\/v2\/types\/post"}],"author":[{"embeddable":true,"href":"https:\/\/www.tgrthaber.com\/mavikadin\/wp-json\/wp\/v2\/users\/34"}],"replies":[{"embeddable":true,"href":"https:\/\/www.tgrthaber.com\/mavikadin\/wp-json\/wp\/v2\/comments?post=316114"}],"version-history":[{"count":1,"href":"https:\/\/www.tgrthaber.com\/mavikadin\/wp-json\/wp\/v2\/posts\/316114\/revisions"}],"predecessor-version":[{"id":316122,"href":"https:\/\/www.tgrthaber.com\/mavikadin\/wp-json\/wp\/v2\/posts\/316114\/revisions\/316122"}],"wp:featuredmedia":[{"embeddable":true,"href":"https:\/\/www.tgrthaber.com\/mavikadin\/wp-json\/wp\/v2\/media\/316117"}],"wp:attachment":[{"href":"https:\/\/www.tgrthaber.com\/mavikadin\/wp-json\/wp\/v2\/media?parent=316114"}],"wp:term":[{"taxonomy":"category","embeddable":true,"href":"https:\/\/www.tgrthaber.com\/mavikadin\/wp-json\/wp\/v2\/categories?post=316114"},{"taxonomy":"post_tag","embeddable":true,"href":"https:\/\/www.tgrthaber.com\/mavikadin\/wp-json\/wp\/v2\/tags?post=316114"}],"curies":[{"name":"wp","href":"https:\/\/api.w.org\/{rel}","templated":true}]}}