{"id":316123,"date":"2026-04-29T16:30:12","date_gmt":"2026-04-29T13:30:12","guid":{"rendered":"https:\/\/www.tgrthaber.com\/mavikadin\/?p=316123"},"modified":"2026-04-29T16:30:12","modified_gmt":"2026-04-29T13:30:12","slug":"cocuk-sagliginda-oncelik-anne-sagligidir-uzmanlardan-annelere-bagisiklik-sistemi-uyarisi","status":"publish","type":"post","link":"https:\/\/www.tgrthaber.com\/mavikadin\/cocuk-sagliginda-oncelik-anne-sagligidir-uzmanlardan-annelere-bagisiklik-sistemi-uyarisi\/","title":{"rendered":"\u00c7ocuk sa\u011fl\u0131\u011f\u0131nda \u00f6ncelik anne sa\u011fl\u0131\u011f\u0131d\u0131r! Uzmanlardan annelere ba\u011f\u0131\u015f\u0131kl\u0131k sistemi uyar\u0131s\u0131"},"content":{"rendered":"<p><a href=\"https:\/\/www.tgrthaber.com\/mavikadin\/anne-sutu-bozulmadan-uzun-sure-nasil-saklanir-cocuk-sagligi-ve-hastaliklari-doc-dr-oznur-kucukten-altin-oneriler\/\">\u00c7ocuklar\u0131n<\/a> sa\u011fl\u0131kl\u0131 bir ya\u015fam s\u00fcrmesi, yaln\u0131zca do\u011fumdan sonraki bak\u0131m s\u00fcre\u00e7leriyle s\u0131n\u0131rl\u0131 de\u011fil. Uzmanlara g\u00f6re bu s\u00fcrecin temeli, annenin gebelik \u00f6ncesi ve gebelik s\u00fcrecindeki sa\u011fl\u0131k durumuyla do\u011frudan ba\u011flant\u0131l\u0131. \u00d6zellikle ba\u011f\u0131\u015f\u0131kl\u0131k sistemi g\u00fc\u00e7l\u00fc olan annelerin, \u00e7ocuklar\u0131na daha sa\u011fl\u0131kl\u0131 bir ba\u015flang\u0131\u00e7 sundu\u011fu vurgulan\u0131yor. Son d\u00f6nemde artan enfeksiyon hastal\u0131klar\u0131 ve ba\u011f\u0131\u015f\u0131kl\u0131k sistemi sorunlar\u0131, annelerin sa\u011fl\u0131k durumunun \u00f6nemini bir kez daha g\u00fcndeme ta\u015f\u0131d\u0131.<\/p>\n<h3>\u00c7OCUK SA\u011eLI\u011eINDA \u00d6NCEL\u0130K ANNE SA\u011eLI\u011eIDIR<\/h3>\n<p>Uzmanlar, anne sa\u011fl\u0131\u011f\u0131n\u0131n <a href=\"https:\/\/www.tgrthaber.com\/mavikadin\/cocuklarin-bagisiklik-sistemini-guclendiren-corba-ibn-i-sinadan-mevsim-gecisleri-icin-sifa-tarif\/\">\u00e7ocuk<\/a> sa\u011fl\u0131\u011f\u0131 \u00fczerindeki etkisinin yaln\u0131zca genetik fakt\u00f6rlerle s\u0131n\u0131rl\u0131 olmad\u0131\u011f\u0131n\u0131 belirtiyor. Gebelik s\u00fcrecinde annenin beslenme d\u00fczeni, stres seviyesi, uyku kalitesi ve ba\u011f\u0131\u015f\u0131kl\u0131k sistemi, bebe\u011fin hem fiziksel hem de zihinsel geli\u015fimini do\u011frudan etkiliyor. \u00d6zellikle ba\u011f\u0131\u015f\u0131kl\u0131k sistemi g\u00fc\u00e7l\u00fc olan annelerin bebeklerinde, enfeksiyonlara kar\u015f\u0131 daha diren\u00e7li bir yap\u0131 g\u00f6zlemleniyor.<\/p>\n<p><img loading=\"lazy\" decoding=\"async\" class=\"aligncenter size-full wp-image-316124\" src=\"https:\/\/www.tgrthaber.com\/mavikadin\/wp-content\/uploads\/2026\/04\/anne-cocuk-1.png\" alt=\"\" width=\"1208\" height=\"680\" title=\"\" srcset=\"https:\/\/www.tgrthaber.com\/mavikadin\/wp-content\/uploads\/2026\/04\/anne-cocuk-1.png 1208w, https:\/\/www.tgrthaber.com\/mavikadin\/wp-content\/uploads\/2026\/04\/anne-cocuk-1-300x169.png 300w, https:\/\/www.tgrthaber.com\/mavikadin\/wp-content\/uploads\/2026\/04\/anne-cocuk-1-1024x576.png 1024w, https:\/\/www.tgrthaber.com\/mavikadin\/wp-content\/uploads\/2026\/04\/anne-cocuk-1-768x432.png 768w\" sizes=\"(max-width: 1208px) 100vw, 1208px\" \/><\/p>\n<hr \/>\n<p>Hamilelik s\u00fcrecinde ge\u00e7irilen hastal\u0131klar, yetersiz beslenme veya vitamin eksiklikleri ise bebe\u011fin geli\u015fimini olumsuz y\u00f6nde etkileyebiliyor. Bu nedenle uzmanlar, anne adaylar\u0131n\u0131n gebelik \u00f6ncesinden itibaren d\u00fczenli sa\u011fl\u0131k kontrollerini ihmal etmemesi gerekti\u011fini vurguluyor.<\/p>\n<h3>BA\u011eI\u015eIKLIK S\u0130STEM\u0130 ZAYIF ANNELER R\u0130SK ALTINDA<\/h3>\n<p>Ba\u011f\u0131\u015f\u0131kl\u0131k sistemi zay\u0131f olan anneler, hem kendi sa\u011fl\u0131klar\u0131 hem de bebeklerinin sa\u011fl\u0131\u011f\u0131 a\u00e7\u0131s\u0131ndan risk alt\u0131nda bulunuyor. Uzmanlara g\u00f6re bu durum, gebelikte enfeksiyon riskini art\u0131r\u0131rken, bebe\u011fin de ba\u011f\u0131\u015f\u0131kl\u0131k sisteminin zay\u0131f geli\u015fmesine neden olabiliyor.<\/p>\n<p><img loading=\"lazy\" decoding=\"async\" class=\"aligncenter size-full wp-image-316125\" src=\"https:\/\/www.tgrthaber.com\/mavikadin\/wp-content\/uploads\/2026\/04\/anne-cocuk-2.png\" alt=\"\" width=\"1208\" height=\"680\" title=\"\" srcset=\"https:\/\/www.tgrthaber.com\/mavikadin\/wp-content\/uploads\/2026\/04\/anne-cocuk-2.png 1208w, https:\/\/www.tgrthaber.com\/mavikadin\/wp-content\/uploads\/2026\/04\/anne-cocuk-2-300x169.png 300w, https:\/\/www.tgrthaber.com\/mavikadin\/wp-content\/uploads\/2026\/04\/anne-cocuk-2-1024x576.png 1024w, https:\/\/www.tgrthaber.com\/mavikadin\/wp-content\/uploads\/2026\/04\/anne-cocuk-2-768x432.png 768w\" sizes=\"(max-width: 1208px) 100vw, 1208px\" \/><\/p>\n<hr \/>\n<p>\u00d6zellikle k\u0131\u015f aylar\u0131nda artan grip, so\u011fuk alg\u0131nl\u0131\u011f\u0131 ve viral enfeksiyonlar, anne adaylar\u0131 i\u00e7in ciddi tehdit olu\u015fturuyor. Bu t\u00fcr hastal\u0131klar, erken do\u011fum riskini art\u0131rabilece\u011fi gibi bebe\u011fin do\u011fum sonras\u0131 sa\u011fl\u0131k durumunu da etkileyebiliyor.<\/p>\n<h3>SA\u011eLIKLI B\u0130R BA\u011eI\u015eIKLIK S\u0130STEM\u0130 \u0130\u00c7\u0130N NELER YAPILMALI?<\/h3>\n<p>Uzmanlar, annelerin ba\u011f\u0131\u015f\u0131kl\u0131k sistemini g\u00fc\u00e7lendirmek i\u00e7in baz\u0131 temel al\u0131\u015fkanl\u0131klara dikkat etmesi gerekti\u011fini belirtiyor. \u0130\u015fte \u00f6ne \u00e7\u0131kan \u00f6neriler:<\/p>\n<p><strong>Dengeli ve d\u00fczenli beslenme:<\/strong> Vitamin ve mineral a\u00e7\u0131s\u0131ndan zengin bir diyet, ba\u011f\u0131\u015f\u0131kl\u0131k sisteminin temelini olu\u015fturur. \u00d6zellikle C vitamini, D vitamini ve \u00e7inko a\u00e7\u0131s\u0131ndan zengin besinler t\u00fcketilmelidir.<\/p>\n<p><img loading=\"lazy\" decoding=\"async\" class=\"aligncenter size-full wp-image-316126\" src=\"https:\/\/www.tgrthaber.com\/mavikadin\/wp-content\/uploads\/2026\/04\/anne-cocuk-4.png\" alt=\"\" width=\"1208\" height=\"680\" title=\"\" srcset=\"https:\/\/www.tgrthaber.com\/mavikadin\/wp-content\/uploads\/2026\/04\/anne-cocuk-4.png 1208w, https:\/\/www.tgrthaber.com\/mavikadin\/wp-content\/uploads\/2026\/04\/anne-cocuk-4-300x169.png 300w, https:\/\/www.tgrthaber.com\/mavikadin\/wp-content\/uploads\/2026\/04\/anne-cocuk-4-1024x576.png 1024w, https:\/\/www.tgrthaber.com\/mavikadin\/wp-content\/uploads\/2026\/04\/anne-cocuk-4-768x432.png 768w\" sizes=\"(max-width: 1208px) 100vw, 1208px\" \/><\/p>\n<hr \/>\n<p><strong>Yeterli uyku:<\/strong> Ba\u011f\u0131\u015f\u0131kl\u0131k sisteminin d\u00fczg\u00fcn \u00e7al\u0131\u015fabilmesi i\u00e7in g\u00fcnde en az 7-8 saat uyku b\u00fcy\u00fck \u00f6nem ta\u015f\u0131r.<br \/>\n<strong>Stresten uzak durmak:<\/strong> Kronik stres, ba\u011f\u0131\u015f\u0131kl\u0131k sistemini zay\u0131flat\u0131r. Meditasyon, y\u00fcr\u00fcy\u00fc\u015f ve nefes egzersizleri faydal\u0131 olabilir.<br \/>\n<strong>D\u00fczenli doktor kontrolleri:<\/strong> Gebelik s\u00fcrecinde yap\u0131lan rutin kontroller, olas\u0131 risklerin erken tespit edilmesini sa\u011flar.<br \/>\n<strong>Hijyen kurallar\u0131na dikkat:<\/strong> Enfeksiyonlardan korunmak i\u00e7in ki\u015fisel hijyen b\u00fcy\u00fck \u00f6nem ta\u015f\u0131r.<\/p>\n<p><img loading=\"lazy\" decoding=\"async\" class=\"aligncenter size-full wp-image-316127\" src=\"https:\/\/www.tgrthaber.com\/mavikadin\/wp-content\/uploads\/2026\/04\/anne-cocuk-5.png\" alt=\"\" width=\"1208\" height=\"680\" title=\"\" srcset=\"https:\/\/www.tgrthaber.com\/mavikadin\/wp-content\/uploads\/2026\/04\/anne-cocuk-5.png 1208w, https:\/\/www.tgrthaber.com\/mavikadin\/wp-content\/uploads\/2026\/04\/anne-cocuk-5-300x169.png 300w, https:\/\/www.tgrthaber.com\/mavikadin\/wp-content\/uploads\/2026\/04\/anne-cocuk-5-1024x576.png 1024w, https:\/\/www.tgrthaber.com\/mavikadin\/wp-content\/uploads\/2026\/04\/anne-cocuk-5-768x432.png 768w\" sizes=\"(max-width: 1208px) 100vw, 1208px\" \/><\/p>\n<hr \/>\n<h3>EMZ\u0130RME D\u00d6NEM\u0130 DE KR\u0130T\u0130K<\/h3>\n<p>Uzmanlar, anne sa\u011fl\u0131\u011f\u0131n\u0131n do\u011fumla birlikte sona eren bir s\u00fcre\u00e7 olmad\u0131\u011f\u0131n\u0131, emzirme d\u00f6neminde de b\u00fcy\u00fck \u00f6nem ta\u015f\u0131d\u0131\u011f\u0131n\u0131 vurguluyor. Anne s\u00fct\u00fc, bebe\u011fin ba\u011f\u0131\u015f\u0131kl\u0131k sistemini g\u00fc\u00e7lendiren en \u00f6nemli besin kayna\u011f\u0131 olarak \u00f6ne \u00e7\u0131k\u0131yor. Ancak annenin sa\u011fl\u0131ks\u0131z beslenmesi veya ba\u011f\u0131\u015f\u0131kl\u0131k sisteminin zay\u0131f olmas\u0131, s\u00fct kalitesini de etkileyebiliyor.<\/p>\n<p>Bu nedenle annelerin do\u011fum sonras\u0131nda da sa\u011fl\u0131kl\u0131 ya\u015fam al\u0131\u015fkanl\u0131klar\u0131n\u0131 s\u00fcrd\u00fcrmesi gerekti\u011fi belirtiliyor. Yeterli s\u0131v\u0131 t\u00fcketimi, dengeli beslenme ve dinlenme, hem annenin hem de bebe\u011fin sa\u011fl\u0131\u011f\u0131 i\u00e7in kritik rol oynuyor.<\/p>\n<p><img loading=\"lazy\" decoding=\"async\" class=\"aligncenter size-full wp-image-316128\" src=\"https:\/\/www.tgrthaber.com\/mavikadin\/wp-content\/uploads\/2026\/04\/anne-cocuk-6.png\" alt=\"\" width=\"1208\" height=\"680\" title=\"\" srcset=\"https:\/\/www.tgrthaber.com\/mavikadin\/wp-content\/uploads\/2026\/04\/anne-cocuk-6.png 1208w, https:\/\/www.tgrthaber.com\/mavikadin\/wp-content\/uploads\/2026\/04\/anne-cocuk-6-300x169.png 300w, https:\/\/www.tgrthaber.com\/mavikadin\/wp-content\/uploads\/2026\/04\/anne-cocuk-6-1024x576.png 1024w, https:\/\/www.tgrthaber.com\/mavikadin\/wp-content\/uploads\/2026\/04\/anne-cocuk-6-768x432.png 768w\" sizes=\"(max-width: 1208px) 100vw, 1208px\" \/><\/p>\n<hr \/>\n<h3>\u00d6NCE ANNE SA\u011eLI\u011eI<\/h3>\n<p>Uzmanlar, \u00e7ocuk sa\u011fl\u0131\u011f\u0131n\u0131 koruman\u0131n en etkili yolunun anne sa\u011fl\u0131\u011f\u0131n\u0131 korumaktan ge\u00e7ti\u011fi konusunda hemfikir. Sa\u011fl\u0131kl\u0131 bir annenin, sa\u011fl\u0131kl\u0131 bir neslin temelini olu\u015fturdu\u011funu belirten uzmanlar, \u00f6zellikle anne adaylar\u0131n\u0131n bu s\u00fcre\u00e7te bilin\u00e7li hareket etmesi gerekti\u011fini ifade ediyor.<\/p>\n<p>G\u00fcn\u00fcm\u00fczde artan sa\u011fl\u0131k sorunlar\u0131 ve ya\u015fam ko\u015fullar\u0131 g\u00f6z \u00f6n\u00fcnde bulunduruldu\u011funda, annelerin kendi sa\u011fl\u0131klar\u0131n\u0131 ihmal etmemesi her zamankinden daha b\u00fcy\u00fck \u00f6nem ta\u015f\u0131yor. Unutulmamal\u0131 ki, sa\u011fl\u0131kl\u0131 bir gelecek, sa\u011fl\u0131kl\u0131 annelerle ba\u015fl\u0131yor.<\/p>\n","protected":false},"excerpt":{"rendered":"<p>\u00c7ocuk sa\u011fl\u0131\u011f\u0131 yaln\u0131zca do\u011fum sonras\u0131 bak\u0131m ile s\u0131n\u0131rl\u0131 bir s\u00fcre\u00e7 de\u011fil. Uzmanlara g\u00f6re sa\u011fl\u0131kl\u0131 bir ya\u015fam\u0131n temeli, annenin gebelik \u00f6ncesi ve hamilelik d\u00f6nemindeki genel sa\u011fl\u0131k durumuyla do\u011frudan ili\u015fki ta\u015f\u0131yor. Ba\u011f\u0131\u015f\u0131kl\u0131k sistemi g\u00fc\u00e7l\u00fc olan annelerin, bebeklerine daha sa\u011fl\u0131kl\u0131 bir ba\u015flang\u0131\u00e7 sundu\u011fu \u00f6zellikle vurgulan\u0131yor. Son d\u00f6nemde art\u0131\u015f g\u00f6steren enfeksiyon hastal\u0131klar\u0131 ve ba\u011f\u0131\u015f\u0131kl\u0131k sorunlar\u0131 ise anne sa\u011fl\u0131\u011f\u0131n\u0131n kritik rol\u00fcn\u00fc yeniden g\u00fcndeme getiriyor.<\/p>\n","protected":false},"author":5,"featured_media":316129,"comment_status":"closed","ping_status":"closed","sticky":false,"template":"","format":"standard","meta":{"rank_math_lock_modified_date":false,"footnotes":""},"categories":[111],"tags":[2946,29202,113,26843],"class_list":["post-316123","post","type-post","status-publish","format-standard","has-post-thumbnail","hentry","category-anne-cocuk","tag-anne-cocuk","tag-anne-sagligi","tag-cocuk","tag-cocuk-sagligi"],"_links":{"self":[{"href":"https:\/\/www.tgrthaber.com\/mavikadin\/wp-json\/wp\/v2\/posts\/316123"}],"collection":[{"href":"https:\/\/www.tgrthaber.com\/mavikadin\/wp-json\/wp\/v2\/posts"}],"about":[{"href":"https:\/\/www.tgrthaber.com\/mavikadin\/wp-json\/wp\/v2\/types\/post"}],"author":[{"embeddable":true,"href":"https:\/\/www.tgrthaber.com\/mavikadin\/wp-json\/wp\/v2\/users\/5"}],"replies":[{"embeddable":true,"href":"https:\/\/www.tgrthaber.com\/mavikadin\/wp-json\/wp\/v2\/comments?post=316123"}],"version-history":[{"count":1,"href":"https:\/\/www.tgrthaber.com\/mavikadin\/wp-json\/wp\/v2\/posts\/316123\/revisions"}],"predecessor-version":[{"id":316130,"href":"https:\/\/www.tgrthaber.com\/mavikadin\/wp-json\/wp\/v2\/posts\/316123\/revisions\/316130"}],"wp:featuredmedia":[{"embeddable":true,"href":"https:\/\/www.tgrthaber.com\/mavikadin\/wp-json\/wp\/v2\/media\/316129"}],"wp:attachment":[{"href":"https:\/\/www.tgrthaber.com\/mavikadin\/wp-json\/wp\/v2\/media?parent=316123"}],"wp:term":[{"taxonomy":"category","embeddable":true,"href":"https:\/\/www.tgrthaber.com\/mavikadin\/wp-json\/wp\/v2\/categories?post=316123"},{"taxonomy":"post_tag","embeddable":true,"href":"https:\/\/www.tgrthaber.com\/mavikadin\/wp-json\/wp\/v2\/tags?post=316123"}],"curies":[{"name":"wp","href":"https:\/\/api.w.org\/{rel}","templated":true}]}}