{"id":316131,"date":"2026-04-29T18:32:37","date_gmt":"2026-04-29T15:32:37","guid":{"rendered":"https:\/\/www.tgrthaber.com\/mavikadin\/?p=316131"},"modified":"2026-04-29T18:32:37","modified_gmt":"2026-04-29T15:32:37","slug":"haftanin-en-populer-kadin-oyunculari-aciklandi-zirvede-demet-ozdemir-yer-aldi","status":"publish","type":"post","link":"https:\/\/www.tgrthaber.com\/mavikadin\/haftanin-en-populer-kadin-oyunculari-aciklandi-zirvede-demet-ozdemir-yer-aldi\/","title":{"rendered":"Haftan\u0131n en pop\u00fcler kad\u0131n oyuncular\u0131 a\u00e7\u0131kland\u0131! Zirvede Demet \u00d6zdemir yer ald\u0131"},"content":{"rendered":"<p>Ge\u00e7ti\u011fimiz haftan\u0131n en \u00e7ok konu\u015fulan ve en pop\u00fcler <a href=\"https:\/\/www.tgrthaber.com\/mavikadin\/demet-ozdemir-trendyolmillanin-yeni-marka-yuzu-oldu\/\">kad\u0131n oyuncular\u0131<\/a> belli oldu. Sosyal medya etkile\u015fimleri, dijital platformlardaki izlenme oranlar\u0131 ve haber g\u00fcndemindeki g\u00f6r\u00fcn\u00fcrl\u00fckleri dikkate al\u0131narak haz\u0131rlanan liste, yine dikkat \u00e7ekici isimleri bir araya getirdi. Son d\u00f6nemde yer ald\u0131klar\u0131 projelerle \u00f6ne \u00e7\u0131kan oyuncular\u0131n \u00fcst s\u0131ralarda yer almas\u0131 ise, sekt\u00f6r i\u00e7erisindeki rekabetin giderek daha da artt\u0131\u011f\u0131n\u0131 bir kez daha ortaya koydu.<\/p>\n<h3>HAFTANIN EN POP\u00dcLER KADIN OYUNCULARI A\u00c7IKLANDI<\/h3>\n<p>Adba TV verilerine g\u00f6re listenin zirvesinde, ba\u015far\u0131l\u0131 oyunculu\u011fu ve geni\u015f hayran kitlesiyle ad\u0131ndan s\u00f6z ettirmeye devam eden Demet \u00d6zdemir yer ald\u0131. Hem yurt i\u00e7inde hem de yurt d\u0131\u015f\u0131nda b\u00fcy\u00fck bir ilgi g\u00f6ren \u00d6zdemir, son projeleri ve sosyal medya payla\u015f\u0131mlar\u0131yla pop\u00fclerli\u011fini s\u00fcrd\u00fcr\u00fcyor.<\/p>\n<p><img loading=\"lazy\" decoding=\"async\" class=\"aligncenter size-full wp-image-316132\" src=\"https:\/\/www.tgrthaber.com\/mavikadin\/wp-content\/uploads\/2026\/04\/unluler-9.webp\" alt=\"\" width=\"1280\" height=\"720\" title=\"\" srcset=\"https:\/\/www.tgrthaber.com\/mavikadin\/wp-content\/uploads\/2026\/04\/unluler-9.webp 1280w, https:\/\/www.tgrthaber.com\/mavikadin\/wp-content\/uploads\/2026\/04\/unluler-9-300x169.webp 300w, https:\/\/www.tgrthaber.com\/mavikadin\/wp-content\/uploads\/2026\/04\/unluler-9-1024x576.webp 1024w, https:\/\/www.tgrthaber.com\/mavikadin\/wp-content\/uploads\/2026\/04\/unluler-9-768x432.webp 768w\" sizes=\"(max-width: 1280px) 100vw, 1280px\" \/><\/p>\n<hr \/>\n<p>\u0130kinci s\u0131rada ise g\u00fc\u00e7l\u00fc performanslar\u0131yla dikkat \u00e7eken Deniz Baysal bulunuyor. Rol ald\u0131\u011f\u0131 yap\u0131mlardaki ba\u015far\u0131l\u0131 oyunculu\u011fu sayesinde geni\u015f bir izleyici kitlesine ula\u015fan Baysal, haftan\u0131n en \u00e7ok konu\u015fulan isimlerinden biri olmay\u0131 ba\u015fard\u0131.<\/p>\n<p><img loading=\"lazy\" decoding=\"async\" class=\"aligncenter size-full wp-image-316134\" src=\"https:\/\/www.tgrthaber.com\/mavikadin\/wp-content\/uploads\/2026\/04\/Deniz-baysal.webp\" alt=\"\" width=\"1280\" height=\"720\" title=\"\" srcset=\"https:\/\/www.tgrthaber.com\/mavikadin\/wp-content\/uploads\/2026\/04\/Deniz-baysal.webp 1280w, https:\/\/www.tgrthaber.com\/mavikadin\/wp-content\/uploads\/2026\/04\/Deniz-baysal-300x169.webp 300w, https:\/\/www.tgrthaber.com\/mavikadin\/wp-content\/uploads\/2026\/04\/Deniz-baysal-1024x576.webp 1024w, https:\/\/www.tgrthaber.com\/mavikadin\/wp-content\/uploads\/2026\/04\/Deniz-baysal-768x432.webp 768w\" sizes=\"(max-width: 1280px) 100vw, 1280px\" \/><\/p>\n<hr \/>\n<p>Listenin \u00fc\u00e7\u00fcnc\u00fc s\u0131ras\u0131nda gen\u00e7 ya\u015f\u0131na ra\u011fmen dikkatleri \u00fczerine \u00e7eken Ava Yaman yer ald\u0131. Yeni nesil oyuncular aras\u0131nda \u00f6ne \u00e7\u0131kan isimlerden biri olan Yaman, \u00f6zellikle sosyal medyadaki y\u00fckseli\u015fiyle dikkat \u00e7ekiyor.<\/p>\n<p><img loading=\"lazy\" decoding=\"async\" class=\"aligncenter size-full wp-image-316135\" src=\"https:\/\/www.tgrthaber.com\/mavikadin\/wp-content\/uploads\/2026\/04\/unluler-2.jpg\" alt=\"\" width=\"785\" height=\"510\" title=\"\" srcset=\"https:\/\/www.tgrthaber.com\/mavikadin\/wp-content\/uploads\/2026\/04\/unluler-2.jpg 785w, https:\/\/www.tgrthaber.com\/mavikadin\/wp-content\/uploads\/2026\/04\/unluler-2-300x195.jpg 300w, https:\/\/www.tgrthaber.com\/mavikadin\/wp-content\/uploads\/2026\/04\/unluler-2-768x499.jpg 768w\" sizes=\"(max-width: 785px) 100vw, 785px\" \/><\/p>\n<hr \/>\n<p>D\u00f6rd\u00fcnc\u00fc s\u0131rada ise son d\u00f6nemin parlayan y\u0131ld\u0131zlar\u0131ndan Afra Sara\u00e7o\u011flu bulunuyor. Yer ald\u0131\u011f\u0131 projelerdeki performans\u0131 ve geni\u015f hayran kitlesiyle g\u00fcndemden d\u00fc\u015fmeyen Sara\u00e7o\u011flu, listede \u00fcst s\u0131ralardaki yerini korumaya devam ediyor.<\/p>\n<p><img loading=\"lazy\" decoding=\"async\" class=\"aligncenter size-full wp-image-316136\" src=\"https:\/\/www.tgrthaber.com\/mavikadin\/wp-content\/uploads\/2026\/04\/unluler-7.webp\" alt=\"\" width=\"1280\" height=\"720\" title=\"\" srcset=\"https:\/\/www.tgrthaber.com\/mavikadin\/wp-content\/uploads\/2026\/04\/unluler-7.webp 1280w, https:\/\/www.tgrthaber.com\/mavikadin\/wp-content\/uploads\/2026\/04\/unluler-7-300x169.webp 300w, https:\/\/www.tgrthaber.com\/mavikadin\/wp-content\/uploads\/2026\/04\/unluler-7-1024x576.webp 1024w, https:\/\/www.tgrthaber.com\/mavikadin\/wp-content\/uploads\/2026\/04\/unluler-7-768x432.webp 768w\" sizes=\"(max-width: 1280px) 100vw, 1280px\" \/><\/p>\n<hr \/>\n<p>\u0130lk be\u015fi tamamlayan isim ise ba\u015far\u0131l\u0131 oyunculu\u011fuyla ad\u0131ndan s\u00f6z ettiren Devrim \u00d6zkan oldu. Farkl\u0131 karakterlere hayat verme konusundaki ba\u015far\u0131s\u0131yla dikkat \u00e7eken \u00d6zkan, haftan\u0131n en pop\u00fcler isimleri aras\u0131nda yer ald\u0131.<\/p>\n<p><img loading=\"lazy\" decoding=\"async\" class=\"aligncenter size-full wp-image-316140\" src=\"https:\/\/www.tgrthaber.com\/mavikadin\/wp-content\/uploads\/2026\/04\/unluler-8.webp\" alt=\"\" width=\"1280\" height=\"720\" title=\"\" srcset=\"https:\/\/www.tgrthaber.com\/mavikadin\/wp-content\/uploads\/2026\/04\/unluler-8.webp 1280w, https:\/\/www.tgrthaber.com\/mavikadin\/wp-content\/uploads\/2026\/04\/unluler-8-300x169.webp 300w, https:\/\/www.tgrthaber.com\/mavikadin\/wp-content\/uploads\/2026\/04\/unluler-8-1024x576.webp 1024w, https:\/\/www.tgrthaber.com\/mavikadin\/wp-content\/uploads\/2026\/04\/unluler-8-768x432.webp 768w\" sizes=\"(max-width: 1280px) 100vw, 1280px\" \/><\/p>\n<hr \/>\n<h3>L\u0130STEN\u0130N DEVAMINDA D\u0130KKAT \u00c7EKEN \u0130S\u0130MLER<\/h3>\n<p>\u0130lk be\u015fin ard\u0131ndan listenin devam\u0131nda da birbirinden ba\u015far\u0131l\u0131 oyuncular yer ald\u0131. Biran Damla Y\u0131lmaz, g\u00fc\u00e7l\u00fc oyunculuk performans\u0131yla listede kendine yer bulurken; Miray Daner da \u00f6zellikle gen\u00e7 izleyici kitlesi aras\u0131ndaki pop\u00fclerli\u011fini s\u00fcrd\u00fcrd\u00fc.<\/p>\n<p><img loading=\"lazy\" decoding=\"async\" class=\"aligncenter size-full wp-image-316137\" src=\"https:\/\/www.tgrthaber.com\/mavikadin\/wp-content\/uploads\/2026\/04\/unluler-3.webp\" alt=\"\" width=\"1280\" height=\"879\" title=\"\" srcset=\"https:\/\/www.tgrthaber.com\/mavikadin\/wp-content\/uploads\/2026\/04\/unluler-3.webp 1280w, https:\/\/www.tgrthaber.com\/mavikadin\/wp-content\/uploads\/2026\/04\/unluler-3-300x206.webp 300w, https:\/\/www.tgrthaber.com\/mavikadin\/wp-content\/uploads\/2026\/04\/unluler-3-1024x703.webp 1024w, https:\/\/www.tgrthaber.com\/mavikadin\/wp-content\/uploads\/2026\/04\/unluler-3-768x527.webp 768w\" sizes=\"(max-width: 1280px) 100vw, 1280px\" \/><\/p>\n<hr \/>\n<p>\u00d6te yandan Sinem \u00dcnsal, projelerindeki istikrarl\u0131 performans\u0131yla dikkat \u00e7ekerken, Mina Demirta\u015f y\u00fckselen grafi\u011fiyle listeye girmeyi ba\u015fard\u0131. Listenin son s\u0131ras\u0131nda ise uluslararas\u0131 alanda da tan\u0131nan Hande Er\u00e7el yer ald\u0131.<\/p>\n<p><img loading=\"lazy\" decoding=\"async\" class=\"aligncenter size-full wp-image-316138\" src=\"https:\/\/www.tgrthaber.com\/mavikadin\/wp-content\/uploads\/2026\/04\/unluler-1.webp\" alt=\"\" width=\"1280\" height=\"720\" title=\"\" srcset=\"https:\/\/www.tgrthaber.com\/mavikadin\/wp-content\/uploads\/2026\/04\/unluler-1.webp 1280w, https:\/\/www.tgrthaber.com\/mavikadin\/wp-content\/uploads\/2026\/04\/unluler-1-300x169.webp 300w, https:\/\/www.tgrthaber.com\/mavikadin\/wp-content\/uploads\/2026\/04\/unluler-1-1024x576.webp 1024w, https:\/\/www.tgrthaber.com\/mavikadin\/wp-content\/uploads\/2026\/04\/unluler-1-768x432.webp 768w\" sizes=\"(max-width: 1280px) 100vw, 1280px\" \/><\/p>\n<hr \/>\n<h3>D\u0130J\u0130TAL ETK\u0130 VE POP\u00dcLERL\u0130K YARI\u015eI KIZI\u015eIYOR<\/h3>\n<p>Uzmanlara g\u00f6re bu t\u00fcr listeler, yaln\u0131zca televizyon projeleriyle de\u011fil, ayn\u0131 zamanda sosyal medya etkile\u015fimleri ve dijital platformlardaki g\u00f6r\u00fcn\u00fcrl\u00fckle de do\u011frudan ba\u011flant\u0131l\u0131. Oyuncular\u0131n hayran kitlesiyle kurdu\u011fu ileti\u015fim, marka i\u015f birlikleri ve g\u00fcndemde kalma s\u00fcreleri, s\u0131ralamalar\u0131 \u00f6nemli \u00f6l\u00e7\u00fcde etkiliyor.<\/p>\n<p><img loading=\"lazy\" decoding=\"async\" class=\"aligncenter size-full wp-image-316141\" src=\"https:\/\/www.tgrthaber.com\/mavikadin\/wp-content\/uploads\/2026\/04\/unluler-12.webp\" alt=\"\" width=\"1280\" height=\"720\" title=\"\" srcset=\"https:\/\/www.tgrthaber.com\/mavikadin\/wp-content\/uploads\/2026\/04\/unluler-12.webp 1280w, https:\/\/www.tgrthaber.com\/mavikadin\/wp-content\/uploads\/2026\/04\/unluler-12-300x169.webp 300w, https:\/\/www.tgrthaber.com\/mavikadin\/wp-content\/uploads\/2026\/04\/unluler-12-1024x576.webp 1024w, https:\/\/www.tgrthaber.com\/mavikadin\/wp-content\/uploads\/2026\/04\/unluler-12-768x432.webp 768w\" sizes=\"(max-width: 1280px) 100vw, 1280px\" \/><\/p>\n<hr \/>\n<p>Her hafta g\u00fcncellenen bu liste, hem sekt\u00f6r profesyonelleri hem de izleyiciler taraf\u0131ndan yak\u0131ndan takip ediliyor. \u00d6n\u00fcm\u00fczdeki haftalarda s\u0131ralamada nas\u0131l de\u011fi\u015fiklikler ya\u015fanaca\u011f\u0131 ise merak konusu.<\/p>\n","protected":false},"excerpt":{"rendered":"<p>Ge\u00e7ti\u011fimiz haftan\u0131n en \u00e7ok konu\u015fulan ve en pop\u00fcler kad\u0131n oyuncular\u0131 belli oldu. Sosyal medya etkile\u015fimleri, dijital platformlardaki izlenme oranlar\u0131 ve haber ak\u0131\u015f\u0131ndaki g\u00f6r\u00fcn\u00fcrl\u00fckleri baz al\u0131narak haz\u0131rlanan liste, yine dikkat \u00e7ekici isimleri bir araya getirdi. Listenin ba\u015f\u0131nda Demet \u00d6zdemir yer al\u0131rken son d\u00f6nemde projeleriyle \u00f6ne \u00e7\u0131kan oyuncular da dikkat \u00e7ekti.<\/p>\n","protected":false},"author":5,"featured_media":316139,"comment_status":"closed","ping_status":"closed","sticky":false,"template":"","format":"standard","meta":{"rank_math_lock_modified_date":false,"footnotes":""},"categories":[76],"tags":[60415,2570,2848,21250],"class_list":["post-316131","post","type-post","status-publish","format-standard","has-post-thumbnail","hentry","category-magazin","tag-ava-yaman","tag-demet-ozdemir","tag-deniz-baysal","tag-kadin-oyuncular"],"_links":{"self":[{"href":"https:\/\/www.tgrthaber.com\/mavikadin\/wp-json\/wp\/v2\/posts\/316131"}],"collection":[{"href":"https:\/\/www.tgrthaber.com\/mavikadin\/wp-json\/wp\/v2\/posts"}],"about":[{"href":"https:\/\/www.tgrthaber.com\/mavikadin\/wp-json\/wp\/v2\/types\/post"}],"author":[{"embeddable":true,"href":"https:\/\/www.tgrthaber.com\/mavikadin\/wp-json\/wp\/v2\/users\/5"}],"replies":[{"embeddable":true,"href":"https:\/\/www.tgrthaber.com\/mavikadin\/wp-json\/wp\/v2\/comments?post=316131"}],"version-history":[{"count":2,"href":"https:\/\/www.tgrthaber.com\/mavikadin\/wp-json\/wp\/v2\/posts\/316131\/revisions"}],"predecessor-version":[{"id":316143,"href":"https:\/\/www.tgrthaber.com\/mavikadin\/wp-json\/wp\/v2\/posts\/316131\/revisions\/316143"}],"wp:featuredmedia":[{"embeddable":true,"href":"https:\/\/www.tgrthaber.com\/mavikadin\/wp-json\/wp\/v2\/media\/316139"}],"wp:attachment":[{"href":"https:\/\/www.tgrthaber.com\/mavikadin\/wp-json\/wp\/v2\/media?parent=316131"}],"wp:term":[{"taxonomy":"category","embeddable":true,"href":"https:\/\/www.tgrthaber.com\/mavikadin\/wp-json\/wp\/v2\/categories?post=316131"},{"taxonomy":"post_tag","embeddable":true,"href":"https:\/\/www.tgrthaber.com\/mavikadin\/wp-json\/wp\/v2\/tags?post=316131"}],"curies":[{"name":"wp","href":"https:\/\/api.w.org\/{rel}","templated":true}]}}