{"id":316144,"date":"2026-04-29T22:52:20","date_gmt":"2026-04-29T19:52:20","guid":{"rendered":"https:\/\/www.tgrthaber.com\/mavikadin\/?p=316144"},"modified":"2026-04-29T22:52:20","modified_gmt":"2026-04-29T19:52:20","slug":"yerli-vis-a-vis-uyarlamasi-ertelendi-uyarlama-dizinin-yayinlanmama-sebebi","status":"publish","type":"post","link":"https:\/\/www.tgrthaber.com\/mavikadin\/yerli-vis-a-vis-uyarlamasi-ertelendi-uyarlama-dizinin-yayinlanmama-sebebi\/","title":{"rendered":"Yerli \u201cVis A Vis\u201d uyarlamas\u0131 ertelendi! Uyarlama dizinin yay\u0131nlanmama sebebi"},"content":{"rendered":"<p>Televizyon d\u00fcnyas\u0131n\u0131 heyecanland\u0131ran projelerden biri olan yerli <a href=\"https:\/\/www.tgrthaber.com\/medya\/sema-ergenekondan-vis-a-visin-yerli-uyarlamasi-geliyor-3286737\">Vis A Vis <\/a>uyarlamas\u0131, hen\u00fcz ekran yolculu\u011funa ba\u015flamadan ertelenme karar\u0131yla g\u00fcndeme geldi. Senaryosunu Sema Ergenekon\u2019un \u00fcstlendi\u011fi, y\u00f6netmen koltu\u011funda ise Neslihan Ye\u015filyurt\u2019un oturaca\u011f\u0131 \u00f6\u011frenilen proje i\u00e7in ATV ile yap\u0131lan g\u00f6r\u00fc\u015fmeler s\u00fcr\u00fcyordu. Son gelen kulis bilgilerine g\u00f6re dizi, yay\u0131n plan\u0131ndan \u00e7\u0131kar\u0131ld\u0131. Projenin ne zaman yeniden g\u00fcndeme gelece\u011fi ise \u015fimdilik belirsizli\u011fini koruyor.<\/p>\n<h3>YERL\u0130 V\u0130S A V\u0130S D\u0130Z\u0130S\u0130NE ERTELEME<\/h3>\n<p>\u0130spanyol yap\u0131m\u0131 Vis A Vis dizisinden uyarlanan yerli proje, yay\u0131n haz\u0131rl\u0131klar\u0131 s\u00fcrerken beklenmedik bir kararla ertelendi. Sema Ergenekon\u2019un kaleme ald\u0131\u011f\u0131, Neslihan Ye\u015filyurt\u2019un y\u00f6netmen koltu\u011funda oturmas\u0131 planlanan dizi i\u00e7in Ay Yap\u0131m ile ATV aras\u0131nda g\u00f6r\u00fc\u015fmeler devam ederken gelen erteleme haberi sekt\u00f6r g\u00fcndeminde geni\u015f yank\u0131 uyand\u0131rd\u0131. Birsen Altunta\u015f\u2019\u0131n haberine g\u00f6re, uzun s\u00fcredir haz\u0131rl\u0131klar\u0131 s\u00fcrd\u00fcr\u00fclen ve merakla beklenen proje, \u015fimdilik yay\u0131n takviminden \u00e7\u0131kar\u0131ld\u0131. Erteleme karar\u0131n\u0131n arkas\u0131nda dizinin yo\u011fun ve sert \u015fiddet sahnelerinin yer almas\u0131 oldu\u011fu iddia ediliyor.<\/p>\n<p><img loading=\"lazy\" decoding=\"async\" class=\"alignnone wp-image-316148 size-full\" src=\"https:\/\/www.tgrthaber.com\/mavikadin\/wp-content\/uploads\/2026\/04\/Adsiz-tasarim-20.jpg\" alt=\"\" width=\"1208\" height=\"680\" title=\"\" srcset=\"https:\/\/www.tgrthaber.com\/mavikadin\/wp-content\/uploads\/2026\/04\/Adsiz-tasarim-20.jpg 1208w, https:\/\/www.tgrthaber.com\/mavikadin\/wp-content\/uploads\/2026\/04\/Adsiz-tasarim-20-300x169.jpg 300w, https:\/\/www.tgrthaber.com\/mavikadin\/wp-content\/uploads\/2026\/04\/Adsiz-tasarim-20-1024x576.jpg 1024w, https:\/\/www.tgrthaber.com\/mavikadin\/wp-content\/uploads\/2026\/04\/Adsiz-tasarim-20-768x432.jpg 768w\" sizes=\"(max-width: 1208px) 100vw, 1208px\" \/><\/p>\n<hr \/>\n<p>G\u00fc\u00e7l\u00fc senaryosu ve y\u00fcksek prod\u00fcksiyon beklentisiyle dikkat \u00e7eken uyarlama, \u00f6zellikle dijital ve televizyon izleyicisi taraf\u0131ndan merakla bekleniyordu. Al\u0131nan karar, yap\u0131m\u0131n gelece\u011fine dair soru i\u015faretlerini de beraberinde getirdi.<\/p>\n<p><img loading=\"lazy\" decoding=\"async\" class=\"alignnone wp-image-316147 size-full\" src=\"https:\/\/www.tgrthaber.com\/mavikadin\/wp-content\/uploads\/2026\/04\/Adsiz-tasarim-19-1.jpg\" alt=\"\" width=\"1208\" height=\"680\" title=\"\" srcset=\"https:\/\/www.tgrthaber.com\/mavikadin\/wp-content\/uploads\/2026\/04\/Adsiz-tasarim-19-1.jpg 1208w, https:\/\/www.tgrthaber.com\/mavikadin\/wp-content\/uploads\/2026\/04\/Adsiz-tasarim-19-1-300x169.jpg 300w, https:\/\/www.tgrthaber.com\/mavikadin\/wp-content\/uploads\/2026\/04\/Adsiz-tasarim-19-1-1024x576.jpg 1024w, https:\/\/www.tgrthaber.com\/mavikadin\/wp-content\/uploads\/2026\/04\/Adsiz-tasarim-19-1-768x432.jpg 768w\" sizes=\"(max-width: 1208px) 100vw, 1208px\" \/><\/p>\n<hr \/>\n<p>Dizinin ne zaman yeniden g\u00fcndeme gelece\u011fi ya da tamamen rafa kald\u0131r\u0131l\u0131p kald\u0131r\u0131lmayaca\u011f\u0131 ise hen\u00fcz netlik kazanmad\u0131. Yap\u0131m \u015firketi ve kanal cephesinden resmi bir a\u00e7\u0131klama yap\u0131lmas\u0131 beklenirken, proje \u015fimdilik belirsizli\u011fini koruyor.<\/p>\n<h3>YERL\u0130 V\u0130S A V\u0130S D\u0130Z\u0130S\u0130 NEDEN ERTELEND\u0130?<\/h3>\n<p>\u0130spanyol yap\u0131m\u0131 Vis A Vis dizisinden uyarlanan yerli proje, yay\u0131n haz\u0131rl\u0131klar\u0131 s\u00fcrerken al\u0131nan erteleme karar\u0131yla g\u00fcndeme geldi. Erteleme karar\u0131n\u0131n en \u00f6nemli nedeni, dizide yer alan yo\u011fun ve sert \u015fiddet sahneleri oldu.<\/p>\n<p><img loading=\"lazy\" decoding=\"async\" class=\"alignnone wp-image-316149 size-full\" src=\"https:\/\/www.tgrthaber.com\/mavikadin\/wp-content\/uploads\/2026\/04\/Adsiz-tasarim-21-1.jpg\" alt=\"\" width=\"1208\" height=\"680\" title=\"\" srcset=\"https:\/\/www.tgrthaber.com\/mavikadin\/wp-content\/uploads\/2026\/04\/Adsiz-tasarim-21-1.jpg 1208w, https:\/\/www.tgrthaber.com\/mavikadin\/wp-content\/uploads\/2026\/04\/Adsiz-tasarim-21-1-300x169.jpg 300w, https:\/\/www.tgrthaber.com\/mavikadin\/wp-content\/uploads\/2026\/04\/Adsiz-tasarim-21-1-1024x576.jpg 1024w, https:\/\/www.tgrthaber.com\/mavikadin\/wp-content\/uploads\/2026\/04\/Adsiz-tasarim-21-1-768x432.jpg 768w\" sizes=\"(max-width: 1208px) 100vw, 1208px\" \/><\/p>\n<hr \/>\n<p>Son d\u00f6nemde Urfa ve Mara\u015f\u2019ta ya\u015fanan ve kamuoyunu derinden sarsan okul sald\u0131r\u0131lar\u0131n\u0131n ard\u0131ndan, yap\u0131mlardaki \u015fiddet i\u00e7erikleri yeniden tart\u0131\u015fma konusu haline geldi. Bu geli\u015fmelerin ard\u0131ndan bir\u00e7ok dizide silahl\u0131 sahnelerin azalt\u0131ld\u0131\u011f\u0131 veya tamamen \u00e7\u0131kar\u0131ld\u0131\u011f\u0131 biliniyor. Sekt\u00f6r kaynaklar\u0131, hassas kamu g\u00fcndemi nedeniyle baz\u0131 projelerde revizyona gidildi\u011fini belirtirken, Vis A Vis uyarlamas\u0131n\u0131n da bu s\u00fcre\u00e7ten etkilendi\u011fi ifade ediliyor.<\/p>\n<p><img loading=\"lazy\" decoding=\"async\" class=\"alignnone wp-image-316150 size-full\" src=\"https:\/\/www.tgrthaber.com\/mavikadin\/wp-content\/uploads\/2026\/04\/Adsiz-tasarim-22-1.jpg\" alt=\"\" width=\"1208\" height=\"680\" title=\"\" srcset=\"https:\/\/www.tgrthaber.com\/mavikadin\/wp-content\/uploads\/2026\/04\/Adsiz-tasarim-22-1.jpg 1208w, https:\/\/www.tgrthaber.com\/mavikadin\/wp-content\/uploads\/2026\/04\/Adsiz-tasarim-22-1-300x169.jpg 300w, https:\/\/www.tgrthaber.com\/mavikadin\/wp-content\/uploads\/2026\/04\/Adsiz-tasarim-22-1-1024x576.jpg 1024w, https:\/\/www.tgrthaber.com\/mavikadin\/wp-content\/uploads\/2026\/04\/Adsiz-tasarim-22-1-768x432.jpg 768w\" sizes=\"(max-width: 1208px) 100vw, 1208px\" \/><\/p>\n<hr \/>\n<h3>V\u0130S A V\u0130S D\u0130Z\u0130S\u0130N\u0130N KONUSU<\/h3>\n<p>Macarena&#8217;n\u0131n sevgilisi Macarena&#8217;dan para \u00e7almas\u0131n\u0131 istiyor ve Macarena bunu ba\u015faram\u0131yor ve k\u0131sa bir s\u00fcre i\u00e7inde yakalan\u0131r. Bu olaydan sonra ise, eski sevgilisi t\u00fcm su\u00e7u Macarena&#8217;n\u0131n \u00fczerine y\u0131karak olaydan kendini s\u0131y\u0131r\u0131r. Bunun sonucunda ise, Macarena hapse girer. Hapishanenin i\u00e7inde yasakl\u0131 madde, cinayet gibi pek \u00e7ok illegal olay yer almaktad\u0131r.<\/p>\n<p><img loading=\"lazy\" decoding=\"async\" class=\"alignnone wp-image-316151 size-full\" src=\"https:\/\/www.tgrthaber.com\/mavikadin\/wp-content\/uploads\/2026\/04\/Adsiz-tasarim-23-1.jpg\" alt=\"\" width=\"1208\" height=\"680\" title=\"\" srcset=\"https:\/\/www.tgrthaber.com\/mavikadin\/wp-content\/uploads\/2026\/04\/Adsiz-tasarim-23-1.jpg 1208w, https:\/\/www.tgrthaber.com\/mavikadin\/wp-content\/uploads\/2026\/04\/Adsiz-tasarim-23-1-300x169.jpg 300w, https:\/\/www.tgrthaber.com\/mavikadin\/wp-content\/uploads\/2026\/04\/Adsiz-tasarim-23-1-1024x576.jpg 1024w, https:\/\/www.tgrthaber.com\/mavikadin\/wp-content\/uploads\/2026\/04\/Adsiz-tasarim-23-1-768x432.jpg 768w\" sizes=\"(max-width: 1208px) 100vw, 1208px\" \/><\/p>\n<hr \/>\n<p>Hapishanede \u00e7al\u0131\u015fan ki\u015filer de bu su\u00e7lara kimi zaman ortak oluyor. Bu tarz olaylara ve durumlara al\u0131\u015f\u0131k olmayan Macarena i\u00e7in onu zor bir s\u00fcre\u00e7 bekler. Macarena hapishaneye geldi\u011finde ona sar\u0131\u015f\u0131n ve sar\u0131 gibi lakaplar tak\u0131l\u0131r. Macarena, hapishane hayat\u0131n\u0131 su\u00e7suz oldu\u011funu d\u00fc\u015f\u00fcnerek ge\u00e7irmek istemez. Macarena i\u00e7in her ge\u00e7en g\u00fcn daha da zorla\u015fan ve bitirmesi gereken daha 7 senelik bir hapis s\u00fcresi vard\u0131r.<\/p>\n","protected":false},"excerpt":{"rendered":"<p>Ay Yap\u0131m\u2019\u0131n, \u0130spanyol yap\u0131m\u0131 Vis A Vis dizisinden uyarlayaca\u011f\u0131 yeni proje, yay\u0131n \u00f6ncesi beklenmedik bir geli\u015fmeyle g\u00fcndeme geldi. Sema Ergenekon\u2019un kaleme ald\u0131\u011f\u0131 ve Neslihan Ye\u015filyurt\u2019un y\u00f6netmesi planlanan dizi i\u00e7in atv ile g\u00f6r\u00fc\u015fmeler s\u00fcrerken, projenin ertelendi\u011fi \u00f6\u011frenildi. Merakla beklenen uyarlaman\u0131n ak\u0131beti \u015fimdiden izleyiciler aras\u0131nda tart\u0131\u015fma konusu oldu.<\/p>\n","protected":false},"author":10,"featured_media":316145,"comment_status":"closed","ping_status":"closed","sticky":false,"template":"","format":"standard","meta":{"rank_math_lock_modified_date":false,"footnotes":""},"categories":[602],"tags":[32159,2628,4421,74175,74176,74177],"class_list":["post-316144","post","type-post","status-publish","format-standard","has-post-thumbnail","hentry","category-diziler","tag-dizi","tag-dizi-haberleri","tag-sema-ergenekon","tag-vis-a-vis","tag-vis-a-vis-dizisi","tag-vis-a-vis-uyarlama"],"_links":{"self":[{"href":"https:\/\/www.tgrthaber.com\/mavikadin\/wp-json\/wp\/v2\/posts\/316144"}],"collection":[{"href":"https:\/\/www.tgrthaber.com\/mavikadin\/wp-json\/wp\/v2\/posts"}],"about":[{"href":"https:\/\/www.tgrthaber.com\/mavikadin\/wp-json\/wp\/v2\/types\/post"}],"author":[{"embeddable":true,"href":"https:\/\/www.tgrthaber.com\/mavikadin\/wp-json\/wp\/v2\/users\/10"}],"replies":[{"embeddable":true,"href":"https:\/\/www.tgrthaber.com\/mavikadin\/wp-json\/wp\/v2\/comments?post=316144"}],"version-history":[{"count":2,"href":"https:\/\/www.tgrthaber.com\/mavikadin\/wp-json\/wp\/v2\/posts\/316144\/revisions"}],"predecessor-version":[{"id":316153,"href":"https:\/\/www.tgrthaber.com\/mavikadin\/wp-json\/wp\/v2\/posts\/316144\/revisions\/316153"}],"wp:featuredmedia":[{"embeddable":true,"href":"https:\/\/www.tgrthaber.com\/mavikadin\/wp-json\/wp\/v2\/media\/316145"}],"wp:attachment":[{"href":"https:\/\/www.tgrthaber.com\/mavikadin\/wp-json\/wp\/v2\/media?parent=316144"}],"wp:term":[{"taxonomy":"category","embeddable":true,"href":"https:\/\/www.tgrthaber.com\/mavikadin\/wp-json\/wp\/v2\/categories?post=316144"},{"taxonomy":"post_tag","embeddable":true,"href":"https:\/\/www.tgrthaber.com\/mavikadin\/wp-json\/wp\/v2\/tags?post=316144"}],"curies":[{"name":"wp","href":"https:\/\/api.w.org\/{rel}","templated":true}]}}