{"id":316154,"date":"2026-04-29T23:31:27","date_gmt":"2026-04-29T20:31:27","guid":{"rendered":"https:\/\/www.tgrthaber.com\/mavikadin\/?p=316154"},"modified":"2026-04-29T23:31:28","modified_gmt":"2026-04-29T20:31:28","slug":"baris-murat-yagcinin-ariadniye-bakisi-sosyal-medyayi-karistirdi-o-an-gundem-oldu","status":"publish","type":"post","link":"https:\/\/www.tgrthaber.com\/mavikadin\/baris-murat-yagcinin-ariadniye-bakisi-sosyal-medyayi-karistirdi-o-an-gundem-oldu\/","title":{"rendered":"Bar\u0131\u015f Murat Ya\u011fc\u0131\u2019n\u0131n Ariadni\u2019ye bak\u0131\u015f\u0131 sosyal medyay\u0131 kar\u0131\u015ft\u0131rd\u0131! \u201cO an\u201d g\u00fcndem oldu"},"content":{"rendered":"<p>Survivor 2026 T\u00fcrkiye \u2013 Yunanistan \u00f6d\u00fcl oyunu \u00f6ncesinde yar\u0131\u015fmac\u0131lar\u0131n birbirlerini tan\u0131d\u0131\u011f\u0131 anlar dikkat \u00e7ekti. Bar\u0131\u015f Murat Ya\u011fc\u0131 ile Yunan yar\u0131\u015fmac\u0131 Ariadni aras\u0131nda ge\u00e7en bak\u0131\u015fma, k\u0131sa s\u00fcrede sosyal medyan\u0131n en \u00e7ok konu\u015fulan anlar\u0131ndan biri oldu. \u0130kilinin birbirine bak\u0131\u015flar\u0131 izleyiciler taraf\u0131ndan farkl\u0131 yorumlan\u0131rken, sosyal medyada \u201cAhmet Kural\u2019\u0131n S\u0131la\u2019ya bakt\u0131\u011f\u0131 gibi bak\u0131yor\u201d yorumlar\u0131 yap\u0131ld\u0131. Baz\u0131 kullan\u0131c\u0131lar bu sahneyi esprili \u015fekilde yorumlarken, baz\u0131lar\u0131 ise tamamen do\u011fal bir an oldu\u011funu savundu. O anlar sosyal medyada geni\u015f yank\u0131 uyand\u0131rd\u0131.<\/p>\n<h3>BARI\u015e MURAT YA\u011eCI\u2019NIN AR\u0130ADN\u0130\u2019YE BAKI\u015eI<\/h3>\n<p>Survivor 2026 T\u00fcrkiye Yunan \u00f6d\u00fcl oyununda keyifli anlar ya\u015fand\u0131. Yar\u0131\u015fmac\u0131lar\u0131n birbirlerini tan\u0131\u015fmas\u0131 s\u0131ras\u0131nda baz\u0131 yar\u0131\u015fmac\u0131lar\u0131n bak\u0131\u015flar\u0131 sosyal medyada olay oldu. Yar\u0131\u015fmac\u0131lar aras\u0131ndan Bar\u0131\u015f Murat Ya\u011fc\u0131\u2019n\u0131n ve Yunan yar\u0131\u015fmac\u0131 Ariadni\u2019nin bak\u0131\u015flar\u0131 izleyenlerin dikkatinden ka\u00e7mad\u0131. \u0130kilinin kar\u015f\u0131l\u0131kl\u0131 olarak cilveli bak\u0131\u015flar\u0131 ve Bar\u0131\u015f Murat Ya\u011fc\u0131\u2019n\u0131n hayranl\u0131kla bak\u0131\u015f\u0131 ikilinin yak\u0131\u015ft\u0131r\u0131lmas\u0131na yol a\u00e7t\u0131.<\/p>\n<div style=\"width: 640px;\" class=\"wp-video\"><!--[if lt IE 9]><script>document.createElement('video');<\/script><![endif]-->\n<video class=\"wp-video-shortcode\" id=\"video-316154-1\" width=\"640\" height=\"343\" preload=\"metadata\" controls=\"controls\"><source type=\"video\/mp4\" src=\"https:\/\/www.tgrthaber.com\/mavikadin\/wp-content\/uploads\/2026\/04\/Baris-Murat-Yagcinin-Ariadniye-bakisi.mp4?_=1\" \/><a href=\"https:\/\/www.tgrthaber.com\/mavikadin\/wp-content\/uploads\/2026\/04\/Baris-Murat-Yagcinin-Ariadniye-bakisi.mp4\">https:\/\/www.tgrthaber.com\/mavikadin\/wp-content\/uploads\/2026\/04\/Baris-Murat-Yagcinin-Ariadniye-bakisi.mp4<\/a><\/video><\/div>\n<hr \/>\n<p>Bar\u0131\u015f Murat Ya\u011fc\u0131\u2019n\u0131n o anlar\u0131 sosyal medyada g\u00fcndem oldu. Bir\u00e7ok kullan\u0131c\u0131 o anlar\u0131 yorum ya\u011fmuruna tuttu. Kullan\u0131c\u0131lardan biri Bar\u0131\u015f Murat Ya\u011fc\u0131\u2019n\u0131n bak\u0131\u015flar\u0131n\u0131 \u00fcnl\u00fc oyuncu Ahmet Kural\u2019a benzetti. \u201cBar\u0131\u015f Murat Ya\u011fc\u0131 Yunan yar\u0131\u015fmac\u0131 Ariadni\u2019ye Ahmet Kural\u2019\u0131n S\u0131la\u2019ya bakt\u0131\u011f\u0131 gibi bak\u0131yor.\u201d<\/p>\n<p><img loading=\"lazy\" decoding=\"async\" class=\"alignnone wp-image-316156 size-full\" src=\"https:\/\/www.tgrthaber.com\/mavikadin\/wp-content\/uploads\/2026\/04\/Adsiz-tasarim-26.jpg\" alt=\"\" width=\"1208\" height=\"680\" title=\"\" srcset=\"https:\/\/www.tgrthaber.com\/mavikadin\/wp-content\/uploads\/2026\/04\/Adsiz-tasarim-26.jpg 1208w, https:\/\/www.tgrthaber.com\/mavikadin\/wp-content\/uploads\/2026\/04\/Adsiz-tasarim-26-300x169.jpg 300w, https:\/\/www.tgrthaber.com\/mavikadin\/wp-content\/uploads\/2026\/04\/Adsiz-tasarim-26-1024x576.jpg 1024w, https:\/\/www.tgrthaber.com\/mavikadin\/wp-content\/uploads\/2026\/04\/Adsiz-tasarim-26-768x432.jpg 768w\" sizes=\"(max-width: 1208px) 100vw, 1208px\" \/><\/p>\n<hr \/>\n<h3>SURV\u0130VOR 2026 KIRMIZI VE MAV\u0130 TAKIM KADROSU<\/h3>\n<p><strong>Survivor 2026 K\u0131rm\u0131z\u0131 tak\u0131m kadrosu\u00a0<\/strong><\/p>\n<ul>\n<li>Bayhan G\u00fcrhan<\/li>\n<li>Deniz \u00c7atalba\u015f<\/li>\n<li>Nefise Karatay<\/li>\n<li>Sercan Y\u0131ld\u0131r\u0131m<\/li>\n<li>Mert Nobre<\/li>\n<li>Lina Hourieh<\/li>\n<li>Murat Ark\u0131n<\/li>\n<li>Can Berkay Ertemiz<\/li>\n<\/ul>\n<p><strong>Survivor 2026 Mavi tak\u0131m kadrosu\u00a0<\/strong><\/p>\n<ul>\n<li>Ramazan Sar\u0131<\/li>\n<li>Beyza Gemici<\/li>\n<li>Bar\u0131\u015f Murat Ya\u011fc\u0131<\/li>\n<li>Nagihan Karadere<\/li>\n<li>Osman Can Ural<\/li>\n<li>Sude Demir<\/li>\n<li>Seda Albayrak<\/li>\n<\/ul>\n<p><img loading=\"lazy\" decoding=\"async\" class=\"alignnone wp-image-316158 size-full\" src=\"https:\/\/www.tgrthaber.com\/mavikadin\/wp-content\/uploads\/2026\/04\/Survivor-2026-3-5.jpg\" alt=\"\" width=\"1208\" height=\"680\" title=\"\" srcset=\"https:\/\/www.tgrthaber.com\/mavikadin\/wp-content\/uploads\/2026\/04\/Survivor-2026-3-5.jpg 1208w, https:\/\/www.tgrthaber.com\/mavikadin\/wp-content\/uploads\/2026\/04\/Survivor-2026-3-5-300x169.jpg 300w, https:\/\/www.tgrthaber.com\/mavikadin\/wp-content\/uploads\/2026\/04\/Survivor-2026-3-5-1024x576.jpg 1024w, https:\/\/www.tgrthaber.com\/mavikadin\/wp-content\/uploads\/2026\/04\/Survivor-2026-3-5-768x432.jpg 768w\" sizes=\"(max-width: 1208px) 100vw, 1208px\" \/><\/p>\n<hr \/>\n<h3><strong>SURV\u0130VOR 2026\u2019YA VEDA EDEN YARI\u015eMACILAR<\/strong><\/h3>\n<ul>\n<li>Dilan \u00c7\u0131tak<\/li>\n<li>Keremcem D\u00fcr\u00fck<\/li>\n<li>Selen G\u00f6rg\u00fczel<\/li>\n<li>Erkan Bilben<\/li>\n<li>Tu\u011f\u00e7e Melis Demir<\/li>\n<li>Do\u011fu\u015f<\/li>\n<li>Meryem Boz<\/li>\n<li>Eren Semerci<\/li>\n<li>B\u00fc\u015fra Yal\u00e7\u0131n<\/li>\n<li>Onur Alp \u00c7am<\/li>\n<li>Nisanur G\u00fcler<\/li>\n<li>Serhan Onat<\/li>\n<li>G\u00f6zde Bozkurt<\/li>\n<li>Engincan Tura<\/li>\n<li>Seren Ay \u00c7etin<\/li>\n<\/ul>\n<p><img loading=\"lazy\" decoding=\"async\" class=\"alignnone wp-image-316157 size-full\" src=\"https:\/\/www.tgrthaber.com\/mavikadin\/wp-content\/uploads\/2026\/04\/survivor-2026-unluler-gonulluler-2.jpg\" alt=\"\" width=\"1208\" height=\"680\" title=\"\" srcset=\"https:\/\/www.tgrthaber.com\/mavikadin\/wp-content\/uploads\/2026\/04\/survivor-2026-unluler-gonulluler-2.jpg 1208w, https:\/\/www.tgrthaber.com\/mavikadin\/wp-content\/uploads\/2026\/04\/survivor-2026-unluler-gonulluler-2-300x169.jpg 300w, https:\/\/www.tgrthaber.com\/mavikadin\/wp-content\/uploads\/2026\/04\/survivor-2026-unluler-gonulluler-2-1024x576.jpg 1024w, https:\/\/www.tgrthaber.com\/mavikadin\/wp-content\/uploads\/2026\/04\/survivor-2026-unluler-gonulluler-2-768x432.jpg 768w\" sizes=\"(max-width: 1208px) 100vw, 1208px\" \/><\/p>\n<hr \/>\n<h3>SURV\u0130VOR 2026\u2019DA B\u0130REYSEL DOKUNULMAZLIK ALAN YARI\u015eMACILAR<\/h3>\n<ul>\n<li>Mert Nobre 2 sembol \u2013 \u00dcnl\u00fcler tak\u0131m\u0131<\/li>\n<li>Seda Albayrak 3 sembol \u2013 G\u00f6n\u00fcll\u00fcler tak\u0131m\u0131<\/li>\n<li>Ramazan Sar\u0131 \u2013 G\u00f6n\u00fcll\u00fcler tak\u0131m\u0131<\/li>\n<li>Deniz \u00c7atalba\u015f 3 sembol \u2013 \u00dcnl\u00fcler tak\u0131m\u0131<\/li>\n<li>Bar\u0131\u015f Murat Ya\u011fc\u0131 2 sembol &#8211; \u00a0G\u00f6n\u00fcll\u00fcler tak\u0131m\u0131<\/li>\n<li>Sercan Y\u0131ld\u0131r\u0131m \u2013 \u00dcnl\u00fcler Tak\u0131m\u0131<\/li>\n<li>Sude Demir \u2013 G\u00f6n\u00fcll\u00fcler Tak\u0131m\u0131<\/li>\n<\/ul>\n","protected":false},"excerpt":{"rendered":"<p>Survivor 2026 T\u00fcrkiye \u2013 Yunanistan \u00f6d\u00fcl oyunu \u00f6ncesinde yar\u0131\u015fmac\u0131lar\u0131n tan\u0131\u015fma anlar\u0131 ekranlara damga vurdu. G\u00f6n\u00fcll\u00fcler tak\u0131m\u0131ndan Bar\u0131\u015f Murat Ya\u011fc\u0131 ile Yunan yar\u0131\u015fmac\u0131 Ariadni aras\u0131nda ge\u00e7en bak\u0131\u015fma an\u0131 sosyal medyada b\u00fcy\u00fck yank\u0131 uyand\u0131rd\u0131. \u0130kilinin birbirlerine bak\u0131\u015flar\u0131 k\u0131sa s\u00fcrede yorum ya\u011fmuruna tutulurken, izleyiciler sahneyi farkl\u0131 \u015fekillerde yorumlad\u0131. Sosyal medyada yap\u0131lan baz\u0131 payla\u015f\u0131mlarda o an\u0131n \u201c\u00e7ok dikkat \u00e7ekici\u201d oldu\u011fu ifade edildi.<\/p>\n","protected":false},"author":10,"featured_media":316159,"comment_status":"closed","ping_status":"closed","sticky":false,"template":"","format":"standard","meta":{"rank_math_lock_modified_date":false,"footnotes":""},"categories":[76],"tags":[74178,6589,133,63785,74179],"class_list":["post-316154","post","type-post","status-publish","format-standard","has-post-thumbnail","hentry","category-magazin","tag-ariadni","tag-baris-murat-yagci","tag-magazin","tag-survivor-2026","tag-survivor-2026-turkiye-yunan-oyunu"],"_links":{"self":[{"href":"https:\/\/www.tgrthaber.com\/mavikadin\/wp-json\/wp\/v2\/posts\/316154"}],"collection":[{"href":"https:\/\/www.tgrthaber.com\/mavikadin\/wp-json\/wp\/v2\/posts"}],"about":[{"href":"https:\/\/www.tgrthaber.com\/mavikadin\/wp-json\/wp\/v2\/types\/post"}],"author":[{"embeddable":true,"href":"https:\/\/www.tgrthaber.com\/mavikadin\/wp-json\/wp\/v2\/users\/10"}],"replies":[{"embeddable":true,"href":"https:\/\/www.tgrthaber.com\/mavikadin\/wp-json\/wp\/v2\/comments?post=316154"}],"version-history":[{"count":2,"href":"https:\/\/www.tgrthaber.com\/mavikadin\/wp-json\/wp\/v2\/posts\/316154\/revisions"}],"predecessor-version":[{"id":316161,"href":"https:\/\/www.tgrthaber.com\/mavikadin\/wp-json\/wp\/v2\/posts\/316154\/revisions\/316161"}],"wp:featuredmedia":[{"embeddable":true,"href":"https:\/\/www.tgrthaber.com\/mavikadin\/wp-json\/wp\/v2\/media\/316159"}],"wp:attachment":[{"href":"https:\/\/www.tgrthaber.com\/mavikadin\/wp-json\/wp\/v2\/media?parent=316154"}],"wp:term":[{"taxonomy":"category","embeddable":true,"href":"https:\/\/www.tgrthaber.com\/mavikadin\/wp-json\/wp\/v2\/categories?post=316154"},{"taxonomy":"post_tag","embeddable":true,"href":"https:\/\/www.tgrthaber.com\/mavikadin\/wp-json\/wp\/v2\/tags?post=316154"}],"curies":[{"name":"wp","href":"https:\/\/api.w.org\/{rel}","templated":true}]}}