{"id":316210,"date":"2026-04-30T11:51:53","date_gmt":"2026-04-30T08:51:53","guid":{"rendered":"https:\/\/www.tgrthaber.com\/mavikadin\/?p=316210"},"modified":"2026-04-30T11:51:53","modified_gmt":"2026-04-30T08:51:53","slug":"yilmaz-erdoganin-fit-goruntusu-hayran-birakti-organize-isler-3-setinden-ilk-paylasim","status":"publish","type":"post","link":"https:\/\/www.tgrthaber.com\/mavikadin\/yilmaz-erdoganin-fit-goruntusu-hayran-birakti-organize-isler-3-setinden-ilk-paylasim\/","title":{"rendered":"Y\u0131lmaz Erdo\u011fan\u2019\u0131n fit g\u00f6r\u00fcnt\u00fcs\u00fc hayran b\u0131rakt\u0131! Organize \u0130\u015fler 3 setinden ilk payla\u015f\u0131m"},"content":{"rendered":"<p>Usta oyuncu ve y\u00f6netmen <a href=\"https:\/\/www.tgrthaber.com\/mavikadin\/yilmaz-erdogan-inci-taneleri-bitince-imaj-degisikligine-gitti-yeni-hali-gundem-oldu\/\">Y\u0131lmaz Erdo\u011fan<\/a>, uzun s\u00fcredir merakla beklenen yeni film projesi \u201cOrganize \u0130\u015fler 3\u201d setinden payla\u015f\u0131lan ilk karelerle yeniden g\u00fcndeme geldi. Setten yans\u0131yan g\u00f6r\u00fcnt\u00fclerde Erdo\u011fan\u2019\u0131n fit ve din\u00e7 hali dikkat \u00e7ekerken, \u00fcnl\u00fc ismin son g\u00f6r\u00fcn\u00fcm\u00fc hem hayranlar\u0131 hem de sosyal medya kullan\u0131c\u0131lar\u0131 taraf\u0131ndan yo\u011fun ilgiyle kar\u015f\u0131land\u0131.<\/p>\n<h3>YILMAZ ERDO\u011eAN\u2019IN F\u0130T G\u00d6R\u00dcNT\u00dcS\u00dc HAYRAN BIRAKTI<\/h3>\n<p>Setten s\u0131zan karelerde <a href=\"https:\/\/www.tgrthaber.com\/mavikadin\/inci-taneleri-fragmani-ve-sarkisi-sosyal-medyayi-salladi-ebru-gundesten-yilmaz-erdogan-imzali-bende-kalacak-sarkisi\/\">Y\u0131lmaz Erdo\u011fan<\/a>\u2019\u0131n belirgin \u015fekilde formda olmas\u0131 dikkat \u00e7ekerken, \u00fcnl\u00fc ismin enerjik hali \u201cyeni film i\u00e7in \u00f6zel bir haz\u0131rl\u0131k m\u0131 yapt\u0131?\u201d sorular\u0131n\u0131 da beraberinde getirdi. Payla\u015f\u0131m k\u0131sa s\u00fcrede binlerce be\u011feni ve yorum alarak sosyal medyada trend oldu.<\/p>\n<p><img loading=\"lazy\" decoding=\"async\" class=\"aligncenter size-full wp-image-316232\" src=\"https:\/\/www.tgrthaber.com\/mavikadin\/wp-content\/uploads\/2026\/04\/Organize-Isler-2.jpg\" alt=\"\" width=\"1080\" height=\"1284\" title=\"\" srcset=\"https:\/\/www.tgrthaber.com\/mavikadin\/wp-content\/uploads\/2026\/04\/Organize-Isler-2.jpg 1080w, https:\/\/www.tgrthaber.com\/mavikadin\/wp-content\/uploads\/2026\/04\/Organize-Isler-2-252x300.jpg 252w, https:\/\/www.tgrthaber.com\/mavikadin\/wp-content\/uploads\/2026\/04\/Organize-Isler-2-861x1024.jpg 861w, https:\/\/www.tgrthaber.com\/mavikadin\/wp-content\/uploads\/2026\/04\/Organize-Isler-2-768x913.jpg 768w\" sizes=\"(max-width: 1080px) 100vw, 1080px\" \/><\/p>\n<hr \/>\n<h3>\u201cORGAN\u0130ZE \u0130\u015eLER 3\u201d GER\u0130 D\u00d6N\u00dcYOR<\/h3>\n<p>Serinin \u00fc\u00e7\u00fcnc\u00fc filmi olarak haz\u0131rlanan Organize \u0130\u015fler 3, T\u00fcrkiye\u2019nin en sevilen komedi serilerinden birinin devam\u0131 niteli\u011finde olacak. Daha \u00f6nce b\u00fcy\u00fck gi\u015fe ba\u015far\u0131s\u0131 yakalayan serinin yeni halkas\u0131, hem eski karakterleri hem de yeni y\u00fczleri bir araya getirmesiyle dikkat \u00e7ekiyor.<\/p>\n<p><img loading=\"lazy\" decoding=\"async\" class=\"aligncenter size-full wp-image-316233\" src=\"https:\/\/www.tgrthaber.com\/mavikadin\/wp-content\/uploads\/2026\/04\/Organize-Isler-1.jpg\" alt=\"\" width=\"1920\" height=\"1080\" title=\"\" srcset=\"https:\/\/www.tgrthaber.com\/mavikadin\/wp-content\/uploads\/2026\/04\/Organize-Isler-1.jpg 1920w, https:\/\/www.tgrthaber.com\/mavikadin\/wp-content\/uploads\/2026\/04\/Organize-Isler-1-300x169.jpg 300w, https:\/\/www.tgrthaber.com\/mavikadin\/wp-content\/uploads\/2026\/04\/Organize-Isler-1-1024x576.jpg 1024w, https:\/\/www.tgrthaber.com\/mavikadin\/wp-content\/uploads\/2026\/04\/Organize-Isler-1-768x432.jpg 768w, https:\/\/www.tgrthaber.com\/mavikadin\/wp-content\/uploads\/2026\/04\/Organize-Isler-1-1536x864.jpg 1536w\" sizes=\"(max-width: 1920px) 100vw, 1920px\" \/><\/p>\n<hr \/>\n<p>Film, yine \u0130stanbul\u2019un renkli su\u00e7 d\u00fcnyas\u0131n\u0131 mizahi bir dille ele almay\u0131 hedefliyor. Doland\u0131r\u0131c\u0131l\u0131k hik\u00e2yeleri, abs\u00fcrt karakterler ve s\u00fcrpriz geli\u015fmelerle dolu senaryo, serinin klasik tonunu korurken daha modern bir anlat\u0131m diliyle izleyici kar\u015f\u0131s\u0131na \u00e7\u0131kacak.<\/p>\n<p><img loading=\"lazy\" decoding=\"async\" class=\"aligncenter size-full wp-image-316235\" src=\"https:\/\/www.tgrthaber.com\/mavikadin\/wp-content\/uploads\/2026\/04\/Organize-Isler-1.webp\" alt=\"\" width=\"1280\" height=\"720\" title=\"\" srcset=\"https:\/\/www.tgrthaber.com\/mavikadin\/wp-content\/uploads\/2026\/04\/Organize-Isler-1.webp 1280w, https:\/\/www.tgrthaber.com\/mavikadin\/wp-content\/uploads\/2026\/04\/Organize-Isler-1-300x169.webp 300w, https:\/\/www.tgrthaber.com\/mavikadin\/wp-content\/uploads\/2026\/04\/Organize-Isler-1-1024x576.webp 1024w, https:\/\/www.tgrthaber.com\/mavikadin\/wp-content\/uploads\/2026\/04\/Organize-Isler-1-768x432.webp 768w\" sizes=\"(max-width: 1280px) 100vw, 1280px\" \/><\/p>\n<hr \/>\n<h3>SETTEN \u0130LK \u0130PU\u00c7LARI<\/h3>\n<p>Yap\u0131m ekibinden gelen bilgilere g\u00f6re \u201cOrganize \u0130\u015fler 3\u201d, \u00f6nceki filmlere g\u00f6re daha geni\u015f bir hik\u00e2ye evrenine sahip olacak. Teknolojinin su\u00e7 d\u00fcnyas\u0131ndaki etkisi, yeni karakterlerin planlar\u0131 ve eski ekibin geri d\u00f6n\u00fc\u015f\u00fc hik\u00e2yenin merkezinde yer alacak.<\/p>\n<p>Filmin \u00f6zellikle gen\u00e7 karakterlerle zenginle\u015fece\u011fi ve dijital \u00e7a\u011f\u0131n \u201cdoland\u0131r\u0131c\u0131l\u0131k y\u00f6ntemleri\u201d \u00fczerinden yeni bir komedi dili olu\u015fturaca\u011f\u0131 konu\u015fuluyor. Bu da serinin g\u00fcncellenmi\u015f bir versiyonu olarak izleyiciye sunulaca\u011f\u0131n\u0131 g\u00f6steriyor.<\/p>\n<p><img loading=\"lazy\" decoding=\"async\" class=\"aligncenter size-full wp-image-316236\" src=\"https:\/\/www.tgrthaber.com\/mavikadin\/wp-content\/uploads\/2026\/04\/Organize-Isler-6.webp\" alt=\"\" width=\"1230\" height=\"692\" title=\"\" srcset=\"https:\/\/www.tgrthaber.com\/mavikadin\/wp-content\/uploads\/2026\/04\/Organize-Isler-6.webp 1230w, https:\/\/www.tgrthaber.com\/mavikadin\/wp-content\/uploads\/2026\/04\/Organize-Isler-6-300x169.webp 300w, https:\/\/www.tgrthaber.com\/mavikadin\/wp-content\/uploads\/2026\/04\/Organize-Isler-6-1024x576.webp 1024w, https:\/\/www.tgrthaber.com\/mavikadin\/wp-content\/uploads\/2026\/04\/Organize-Isler-6-768x432.webp 768w\" sizes=\"(max-width: 1230px) 100vw, 1230px\" \/><\/p>\n<hr \/>\n<h3>YILMAZ ERDO\u011eAN\u2019IN D\u00d6N\u00dc\u015e\u00dc MERAK UYANDIRDI<\/h3>\n<p>Hem senarist hem de y\u00f6netmen kimli\u011fiyle projeye y\u00f6n veren Y\u0131lmaz Erdo\u011fan\u2019\u0131n son hali, filmden ba\u011f\u0131ms\u0131z olarak da g\u00fcndem oldu. Uzun s\u00fcredir daha sakin bir g\u00f6r\u00fcn\u00fcm tercih eden Erdo\u011fan\u2019\u0131n fit hali, \u201crol i\u00e7in mi haz\u0131rland\u0131?\u201d sorular\u0131n\u0131 g\u00fcndeme ta\u015f\u0131d\u0131.<\/p>\n<p><img loading=\"lazy\" decoding=\"async\" class=\"aligncenter size-full wp-image-316237\" src=\"https:\/\/www.tgrthaber.com\/mavikadin\/wp-content\/uploads\/2026\/04\/Organize-Isler-4.webp\" alt=\"\" width=\"1200\" height=\"675\" title=\"\" srcset=\"https:\/\/www.tgrthaber.com\/mavikadin\/wp-content\/uploads\/2026\/04\/Organize-Isler-4.webp 1200w, https:\/\/www.tgrthaber.com\/mavikadin\/wp-content\/uploads\/2026\/04\/Organize-Isler-4-300x169.webp 300w, https:\/\/www.tgrthaber.com\/mavikadin\/wp-content\/uploads\/2026\/04\/Organize-Isler-4-1024x576.webp 1024w, https:\/\/www.tgrthaber.com\/mavikadin\/wp-content\/uploads\/2026\/04\/Organize-Isler-4-768x432.webp 768w\" sizes=\"(max-width: 1200px) 100vw, 1200px\" \/><\/p>\n<hr \/>\n<p>Sekt\u00f6r kaynaklar\u0131, Erdo\u011fan\u2019\u0131n film i\u00e7in yo\u011fun bir haz\u0131rl\u0131k s\u00fcrecinden ge\u00e7ti\u011fini ve set temposuna olduk\u00e7a h\u0131zl\u0131 adapte oldu\u011funu belirtiyor. Bu durum, filmin prod\u00fcksiyonunun da olduk\u00e7a iddial\u0131 ilerledi\u011fini g\u00f6steriyor.<\/p>\n<p><img loading=\"lazy\" decoding=\"async\" class=\"aligncenter size-full wp-image-316238\" src=\"https:\/\/www.tgrthaber.com\/mavikadin\/wp-content\/uploads\/2026\/04\/Organize-Isler-2.webp\" alt=\"\" width=\"1280\" height=\"720\" title=\"\" srcset=\"https:\/\/www.tgrthaber.com\/mavikadin\/wp-content\/uploads\/2026\/04\/Organize-Isler-2.webp 1280w, https:\/\/www.tgrthaber.com\/mavikadin\/wp-content\/uploads\/2026\/04\/Organize-Isler-2-300x169.webp 300w, https:\/\/www.tgrthaber.com\/mavikadin\/wp-content\/uploads\/2026\/04\/Organize-Isler-2-1024x576.webp 1024w, https:\/\/www.tgrthaber.com\/mavikadin\/wp-content\/uploads\/2026\/04\/Organize-Isler-2-768x432.webp 768w\" sizes=\"(max-width: 1280px) 100vw, 1280px\" \/><\/p>\n<hr \/>\n<h3>V\u0130ZYON TAR\u0130H\u0130 BEKLEN\u0130YOR<\/h3>\n<p>\u201cOrganize \u0130\u015fler\u201d serisi bug\u00fcne kadar T\u00fcrkiye\u2019de en \u00e7ok izlenen yerli komedi yap\u0131mlar\u0131ndan biri olmay\u0131 ba\u015fard\u0131. Bu nedenle \u00fc\u00e7\u00fcnc\u00fc film i\u00e7in beklenti olduk\u00e7a y\u00fcksek.<\/p>\n<p>Hen\u00fcz resmi vizyon tarihi a\u00e7\u0131klanmasa da, \u00e7ekimlerin tamamlanmas\u0131n\u0131n ard\u0131ndan filmin gelecek sezon izleyiciyle bulu\u015fmas\u0131 bekleniyor. Sosyal medyada ise tek bir ortak g\u00f6r\u00fc\u015f var: \u201cEfsane geri d\u00f6n\u00fcyor.\u201d<\/p>\n","protected":false},"excerpt":{"rendered":"<p>Usta oyuncu ve y\u00f6netmen Y\u0131lmaz Erdo\u011fan, uzun s\u00fcredir merakla beklenen yeni film projesi \u201cOrganize \u0130\u015fler 3\u201d setinden payla\u015f\u0131lan ilk g\u00f6r\u00fcnt\u00fclerle yeniden g\u00fcndeme geldi. Erdo\u011fan\u2019\u0131n fit ve din\u00e7 g\u00f6r\u00fcn\u00fcm\u00fc, hem hayranlar\u0131 hem de sosyal medya kullan\u0131c\u0131lar\u0131 taraf\u0131ndan b\u00fcy\u00fck ilgi g\u00f6rd\u00fc.<\/p>\n","protected":false},"author":5,"featured_media":316234,"comment_status":"closed","ping_status":"closed","sticky":false,"template":"","format":"standard","meta":{"rank_math_lock_modified_date":false,"footnotes":""},"categories":[602],"tags":[3602,24659,3035],"class_list":["post-316210","post","type-post","status-publish","format-standard","has-post-thumbnail","hentry","category-diziler","tag-diziler","tag-organize-isler-3","tag-yilmaz-erdogan"],"_links":{"self":[{"href":"https:\/\/www.tgrthaber.com\/mavikadin\/wp-json\/wp\/v2\/posts\/316210"}],"collection":[{"href":"https:\/\/www.tgrthaber.com\/mavikadin\/wp-json\/wp\/v2\/posts"}],"about":[{"href":"https:\/\/www.tgrthaber.com\/mavikadin\/wp-json\/wp\/v2\/types\/post"}],"author":[{"embeddable":true,"href":"https:\/\/www.tgrthaber.com\/mavikadin\/wp-json\/wp\/v2\/users\/5"}],"replies":[{"embeddable":true,"href":"https:\/\/www.tgrthaber.com\/mavikadin\/wp-json\/wp\/v2\/comments?post=316210"}],"version-history":[{"count":1,"href":"https:\/\/www.tgrthaber.com\/mavikadin\/wp-json\/wp\/v2\/posts\/316210\/revisions"}],"predecessor-version":[{"id":316239,"href":"https:\/\/www.tgrthaber.com\/mavikadin\/wp-json\/wp\/v2\/posts\/316210\/revisions\/316239"}],"wp:featuredmedia":[{"embeddable":true,"href":"https:\/\/www.tgrthaber.com\/mavikadin\/wp-json\/wp\/v2\/media\/316234"}],"wp:attachment":[{"href":"https:\/\/www.tgrthaber.com\/mavikadin\/wp-json\/wp\/v2\/media?parent=316210"}],"wp:term":[{"taxonomy":"category","embeddable":true,"href":"https:\/\/www.tgrthaber.com\/mavikadin\/wp-json\/wp\/v2\/categories?post=316210"},{"taxonomy":"post_tag","embeddable":true,"href":"https:\/\/www.tgrthaber.com\/mavikadin\/wp-json\/wp\/v2\/tags?post=316210"}],"curies":[{"name":"wp","href":"https:\/\/api.w.org\/{rel}","templated":true}]}}