{"id":316241,"date":"2026-04-30T13:15:23","date_gmt":"2026-04-30T10:15:23","guid":{"rendered":"https:\/\/www.tgrthaber.com\/mavikadin\/?p=316241"},"modified":"2026-04-30T13:16:23","modified_gmt":"2026-04-30T10:16:23","slug":"turkan-soraydan-yillar-sonra-gelen-itiraf-biz-sette-peynir-ekmek-yerdik","status":"publish","type":"post","link":"https:\/\/www.tgrthaber.com\/mavikadin\/turkan-soraydan-yillar-sonra-gelen-itiraf-biz-sette-peynir-ekmek-yerdik\/","title":{"rendered":"T\u00fcrkan \u015eoray\u2019dan y\u0131llar sonra gelen itiraf! Biz sette peynir ekmek yerdik"},"content":{"rendered":"<p>Ye\u015fil\u00e7am\u2019\u0131n unutulmaz y\u0131ld\u0131z\u0131 <a href=\"https:\/\/www.tgrthaber.com\/mavikadin\/turkan-soraydan-yillar-sonra-gelen-itiraf-selvi-boylum-al-yazmalimin-sonunu-degistirmek-istedim\/\">T\u00fcrkan \u015eoray<\/a>, kat\u0131ld\u0131\u011f\u0131 bir etkinlikte hem sinema kariyerine hem de Ye\u015fil\u00e7am d\u00f6neminin set ko\u015fullar\u0131na dair dikkat \u00e7eken a\u00e7\u0131klamalarda bulundu. Usta sanat\u00e7\u0131, ge\u00e7mi\u015fte film \u00e7ekimlerinin g\u00fcn\u00fcm\u00fczle k\u0131yasland\u0131\u011f\u0131nda \u00e7ok daha s\u0131n\u0131rl\u0131 imk\u00e2nlarla ger\u00e7ekle\u015ftirildi\u011fini belirterek samimi de\u011ferlendirmeler yapt\u0131.<\/p>\n<h3>T\u00dcRKAN \u015eORAY\u2019DAN YILLAR SONRA GELEN \u0130T\u0130RAF<\/h3>\n<p>Ba\u015far\u0131m Sensin Derne\u011fi\u2019nin burs verdi\u011fi \u00fcniversite \u00f6\u011frencileri yarar\u0131na d\u00fczenlenen etkinlik, \u0130stanbul\u2019daki Four Seasons Hotel Istanbul at the Bosphorus\u2019ta ger\u00e7ekle\u015fti. <a href=\"https:\/\/www.tgrthaber.com\/mavikadin\/usta-isim-turkan-soraydan-hayranlarina-muzik-keyfi-yesilcamin-efsane-sarkilarini-soyleyecek\/\">T\u00fcrkan \u015eoray<\/a>, etkinli\u011fe k\u0131z\u0131 Ya\u011fmur \u00dcnal ile birlikte kat\u0131ld\u0131.<\/p>\n<p><img loading=\"lazy\" decoding=\"async\" class=\"aligncenter size-full wp-image-316243\" src=\"https:\/\/www.tgrthaber.com\/mavikadin\/wp-content\/uploads\/2026\/04\/turkan-soray-1.jpeg\" alt=\"\" width=\"1024\" height=\"742\" title=\"\" srcset=\"https:\/\/www.tgrthaber.com\/mavikadin\/wp-content\/uploads\/2026\/04\/turkan-soray-1.jpeg 1024w, https:\/\/www.tgrthaber.com\/mavikadin\/wp-content\/uploads\/2026\/04\/turkan-soray-1-300x217.jpeg 300w, https:\/\/www.tgrthaber.com\/mavikadin\/wp-content\/uploads\/2026\/04\/turkan-soray-1-768x557.jpeg 768w\" sizes=\"(max-width: 1024px) 100vw, 1024px\" \/><\/p>\n<hr \/>\n<p>Konu\u015fmas\u0131nda Ye\u015fil\u00e7am y\u0131llar\u0131n\u0131 anlatan T\u00fcrkan \u015eoray, o d\u00f6nemin sinemas\u0131n\u0131n temelinde sevgi ve dayan\u0131\u015fma oldu\u011funu vurgulad\u0131. \u015eoray, \u201cYe\u015fil\u00e7am denince akla a\u015fk, d\u00fcr\u00fcstl\u00fck, sevgi ve mutluluk gelir. O y\u00fczden Ye\u015fil\u00e7am hi\u00e7bir zaman unutulmaz. O ruh; samimiyetten, iyilikten ve payla\u015fmaktan geliyordu\u201d s\u00f6zleriyle o y\u0131llara duydu\u011fu \u00f6zlemi dile getirdi.<\/p>\n<h3>\u201cARABADA G\u0130Y\u0130N\u0130P SOYUNUYORDUK\u201d<\/h3>\n<p>Ye\u015fil\u00e7am d\u00f6nemindeki set ko\u015fullar\u0131n\u0131n olduk\u00e7a farkl\u0131 oldu\u011funu anlatan usta sanat\u00e7\u0131, bug\u00fcn\u00fcn imkanlar\u0131yla k\u0131yasland\u0131\u011f\u0131nda b\u00fcy\u00fck bir de\u011fi\u015fim ya\u015fand\u0131\u011f\u0131n\u0131 ifade etti. \u015eoray, o g\u00fcnleri \u015f\u00f6yle anlatt\u0131:<\/p>\n<p>\u201cArabalar\u0131n i\u00e7inde soyunup giyiniyorduk. Set yemeklerini ekip arkada\u015flar\u0131m\u0131zla birlikte yerdik. Bazen peynir ekmek, bazen ekmek aras\u0131 d\u00f6ner olurdu. Ama o anlar\u0131n hepsi \u00e7ok k\u0131ymetliydi. \u015eimdi d\u00fc\u015f\u00fcnd\u00fck\u00e7e g\u00fcl\u00fcms\u00fcyorum.\u201d<\/p>\n<p><img loading=\"lazy\" decoding=\"async\" class=\"aligncenter size-full wp-image-316244\" src=\"https:\/\/www.tgrthaber.com\/mavikadin\/wp-content\/uploads\/2026\/04\/turkan-soray-3.webp\" alt=\"\" width=\"1280\" height=\"720\" title=\"\" srcset=\"https:\/\/www.tgrthaber.com\/mavikadin\/wp-content\/uploads\/2026\/04\/turkan-soray-3.webp 1280w, https:\/\/www.tgrthaber.com\/mavikadin\/wp-content\/uploads\/2026\/04\/turkan-soray-3-300x169.webp 300w, https:\/\/www.tgrthaber.com\/mavikadin\/wp-content\/uploads\/2026\/04\/turkan-soray-3-1024x576.webp 1024w, https:\/\/www.tgrthaber.com\/mavikadin\/wp-content\/uploads\/2026\/04\/turkan-soray-3-768x432.webp 768w\" sizes=\"(max-width: 1280px) 100vw, 1280px\" \/><\/p>\n<hr \/>\n<p>O d\u00f6nem karavan gibi modern set imk\u00e2nlar\u0131n\u0131n bulunmad\u0131\u011f\u0131n\u0131 hat\u0131rlatan \u015eoray, ara\u00e7lar\u0131n perdelerle kapat\u0131larak k\u00fc\u00e7\u00fck soyunma alanlar\u0131na d\u00f6n\u00fc\u015ft\u00fcr\u00fcld\u00fc\u011f\u00fcn\u00fc s\u00f6yledi. \u201cBug\u00fcn oyuncular\u0131n karavanlar\u0131, maky\u00f6zleri var. Elbette bu olmas\u0131 gereken bir \u015fey. Ama bizim d\u00f6nemimizin yokluk i\u00e7inde geli\u015fen \u00e7ok g\u00fc\u00e7l\u00fc bir dayan\u0131\u015fma ruhu vard\u0131\u201d dedi.<\/p>\n<p><img loading=\"lazy\" decoding=\"async\" class=\"aligncenter size-full wp-image-316245\" src=\"https:\/\/www.tgrthaber.com\/mavikadin\/wp-content\/uploads\/2026\/04\/turkan-soray-4.webp\" alt=\"\" width=\"776\" height=\"436\" title=\"\" srcset=\"https:\/\/www.tgrthaber.com\/mavikadin\/wp-content\/uploads\/2026\/04\/turkan-soray-4.webp 776w, https:\/\/www.tgrthaber.com\/mavikadin\/wp-content\/uploads\/2026\/04\/turkan-soray-4-300x169.webp 300w, https:\/\/www.tgrthaber.com\/mavikadin\/wp-content\/uploads\/2026\/04\/turkan-soray-4-768x432.webp 768w\" sizes=\"(max-width: 776px) 100vw, 776px\" \/><\/p>\n<hr \/>\n<h3>\u201cB\u0130R SAHNEY\u0130 EN FAZLA \u0130K\u0130 KEZ \u00c7EKERD\u0130K\u201d<\/h3>\n<p>\u015eoray, Ye\u015fil\u00e7am\u2019da film \u00e7ekim s\u00fcre\u00e7lerinin de bug\u00fcne g\u00f6re \u00e7ok daha k\u0131s\u0131tl\u0131 oldu\u011funu belirtti. Film maliyetlerinin y\u00fcksek olmas\u0131 nedeniyle sahnelerin defalarca \u00e7ekilemedi\u011fini ifade eden sanat\u00e7\u0131, \u201cBir sahneyi en fazla iki kere tekrar edebilirdik. O y\u00fczden her \u00e7ekimde \u00e7ok dikkatli olmak zorundayd\u0131k\u201d diye konu\u015ftu.<\/p>\n<p><img loading=\"lazy\" decoding=\"async\" class=\"aligncenter size-full wp-image-316246\" src=\"https:\/\/www.tgrthaber.com\/mavikadin\/wp-content\/uploads\/2026\/04\/turkan-soray-5.webp\" alt=\"\" width=\"1280\" height=\"720\" title=\"\" srcset=\"https:\/\/www.tgrthaber.com\/mavikadin\/wp-content\/uploads\/2026\/04\/turkan-soray-5.webp 1280w, https:\/\/www.tgrthaber.com\/mavikadin\/wp-content\/uploads\/2026\/04\/turkan-soray-5-300x169.webp 300w, https:\/\/www.tgrthaber.com\/mavikadin\/wp-content\/uploads\/2026\/04\/turkan-soray-5-1024x576.webp 1024w, https:\/\/www.tgrthaber.com\/mavikadin\/wp-content\/uploads\/2026\/04\/turkan-soray-5-768x432.webp 768w\" sizes=\"(max-width: 1280px) 100vw, 1280px\" \/><\/p>\n<hr \/>\n<h3>ANNE\u2013KIZ \u0130L\u0130\u015eK\u0130S\u0130 DE G\u00dcNDEMDEYD\u0130<\/h3>\n<p>Etkinlikte T\u00fcrkan \u015eoray ile k\u0131z\u0131 Ya\u011fmur \u00dcnal aras\u0131ndaki ili\u015fki de g\u00fcndeme geldi. \u00dcnal, annesinin kendisine kar\u015f\u0131 a\u015f\u0131r\u0131 hassas ve evhaml\u0131 oldu\u011funu belirterek, \u201cAnnemin her \u015feyi \u00e7ok b\u00fcy\u00fctmesinden dolay\u0131 bazen \u00fcz\u00fcl\u00fcyorum\u201d dedi.<\/p>\n<p><img loading=\"lazy\" decoding=\"async\" class=\"aligncenter size-full wp-image-316242\" src=\"https:\/\/www.tgrthaber.com\/mavikadin\/wp-content\/uploads\/2026\/04\/turkan-soray-2.webp\" alt=\"\" width=\"1280\" height=\"720\" title=\"\" srcset=\"https:\/\/www.tgrthaber.com\/mavikadin\/wp-content\/uploads\/2026\/04\/turkan-soray-2.webp 1280w, https:\/\/www.tgrthaber.com\/mavikadin\/wp-content\/uploads\/2026\/04\/turkan-soray-2-300x169.webp 300w, https:\/\/www.tgrthaber.com\/mavikadin\/wp-content\/uploads\/2026\/04\/turkan-soray-2-1024x576.webp 1024w, https:\/\/www.tgrthaber.com\/mavikadin\/wp-content\/uploads\/2026\/04\/turkan-soray-2-768x432.webp 768w\" sizes=\"(max-width: 1280px) 100vw, 1280px\" \/><\/p>\n<hr \/>\n<p>\u015eoray ise k\u0131z\u0131n\u0131n s\u00f6zlerine g\u00fcl\u00fcmseyerek kar\u015f\u0131l\u0131k vererek, \u201cYa\u011fmur beni \u00fczecek hi\u00e7bir \u015fey yapm\u0131yor. Ama u\u00e7a\u011fa binip indi\u011fi zaman en b\u00fcy\u00fck stresim oluyor\u201d ifadelerini kulland\u0131.<\/p>\n<p>Ye\u015fil\u00e7am\u2019\u0131n efsane ismi, hem nostaljik anlat\u0131mlar\u0131 hem de samimi aile diyaloglar\u0131yla etkinli\u011fin en \u00e7ok ilgi g\u00f6ren ismi oldu.<\/p>\n","protected":false},"excerpt":{"rendered":"<p>Ye\u015fil\u00e7am\u2019\u0131n unutulmaz ismi T\u00fcrkan \u015eoray, kat\u0131ld\u0131\u011f\u0131 bir etkinlikte hem sinema kariyerine hem de Ye\u015fil\u00e7am d\u00f6neminin zorlu set ko\u015fullar\u0131na dair dikkat \u00e7eken a\u00e7\u0131klamalarda bulundu. Usta sanat\u00e7\u0131, ge\u00e7mi\u015fte film \u00e7ekimlerinin bug\u00fcne k\u0131yasla olduk\u00e7a s\u0131n\u0131rl\u0131 imk\u00e2nlarla yap\u0131ld\u0131\u011f\u0131n\u0131 belirterek samimi itiraflarda bulundu.<\/p>\n","protected":false},"author":5,"featured_media":316247,"comment_status":"closed","ping_status":"closed","sticky":false,"template":"","format":"standard","meta":{"rank_math_lock_modified_date":false,"footnotes":""},"categories":[76],"tags":[133,3295,70219],"class_list":["post-316241","post","type-post","status-publish","format-standard","has-post-thumbnail","hentry","category-magazin","tag-magazin","tag-turkan-soray","tag-turkan-soray-yesilcam"],"_links":{"self":[{"href":"https:\/\/www.tgrthaber.com\/mavikadin\/wp-json\/wp\/v2\/posts\/316241"}],"collection":[{"href":"https:\/\/www.tgrthaber.com\/mavikadin\/wp-json\/wp\/v2\/posts"}],"about":[{"href":"https:\/\/www.tgrthaber.com\/mavikadin\/wp-json\/wp\/v2\/types\/post"}],"author":[{"embeddable":true,"href":"https:\/\/www.tgrthaber.com\/mavikadin\/wp-json\/wp\/v2\/users\/5"}],"replies":[{"embeddable":true,"href":"https:\/\/www.tgrthaber.com\/mavikadin\/wp-json\/wp\/v2\/comments?post=316241"}],"version-history":[{"count":3,"href":"https:\/\/www.tgrthaber.com\/mavikadin\/wp-json\/wp\/v2\/posts\/316241\/revisions"}],"predecessor-version":[{"id":316250,"href":"https:\/\/www.tgrthaber.com\/mavikadin\/wp-json\/wp\/v2\/posts\/316241\/revisions\/316250"}],"wp:featuredmedia":[{"embeddable":true,"href":"https:\/\/www.tgrthaber.com\/mavikadin\/wp-json\/wp\/v2\/media\/316247"}],"wp:attachment":[{"href":"https:\/\/www.tgrthaber.com\/mavikadin\/wp-json\/wp\/v2\/media?parent=316241"}],"wp:term":[{"taxonomy":"category","embeddable":true,"href":"https:\/\/www.tgrthaber.com\/mavikadin\/wp-json\/wp\/v2\/categories?post=316241"},{"taxonomy":"post_tag","embeddable":true,"href":"https:\/\/www.tgrthaber.com\/mavikadin\/wp-json\/wp\/v2\/tags?post=316241"}],"curies":[{"name":"wp","href":"https:\/\/api.w.org\/{rel}","templated":true}]}}