{"id":316261,"date":"2026-04-30T14:16:23","date_gmt":"2026-04-30T11:16:23","guid":{"rendered":"https:\/\/www.tgrthaber.com\/mavikadin\/?p=316261"},"modified":"2026-04-30T14:16:23","modified_gmt":"2026-04-30T11:16:23","slug":"yilmaz-morgulden-ebru-gundese-sert-cikis-agza-alinmayacak-kelimeler-soyledi","status":"publish","type":"post","link":"https:\/\/www.tgrthaber.com\/mavikadin\/yilmaz-morgulden-ebru-gundese-sert-cikis-agza-alinmayacak-kelimeler-soyledi\/","title":{"rendered":"Y\u0131lmaz Morg\u00fcl&#8217;den Ebru G\u00fcnde\u015f&#8217;e sert \u00e7\u0131k\u0131\u015f! &#8220;A\u011fza al\u0131nmayacak kelimeler s\u00f6yledi&#8221;"},"content":{"rendered":"<p>M\u00fczik hayat\u0131ndaki ba\u015far\u0131s\u0131 ve g\u00fc\u00e7l\u00fc sesiyle dikkatleri \u00fczerine \u00e7eken Y\u0131lmaz Morg\u00fcl, Ebru G\u00fcnde\u015f hakk\u0131nda \u00e7ok konu\u015fulacak a\u00e7\u0131klamalarda bulundu. \u00d6zellikle T\u00fcrk sanat m\u00fczi\u011fi alan\u0131nda sergilemi\u015f oldu\u011fu ba\u015far\u0131l\u0131 m\u00fczik kariyeriyle ad\u0131n\u0131 geni\u015f kitlelere duyuran Morg\u00fcl, bu kez kat\u0131ld\u0131\u011f\u0131 programda yapm\u0131\u015f oldu\u011fu \u00e7arp\u0131c\u0131 a\u00e7\u0131klamalar\u0131yla magazin g\u00fcndemine oturdu. Ebru G\u00fcnde\u015f hakk\u0131nda \u00e7arp\u0131c\u0131 a\u00e7\u0131klamalarda bulunan Y\u0131lmaz Morg\u00fcl, meslekta\u015f\u0131na sert \u00e7\u0131kt\u0131. Kat\u0131ld\u0131\u011f\u0131 bir programda yapt\u0131\u011f\u0131 itiraflarla magazin g\u00fcndemine bomba gibi d\u00fc\u015fen \u00fcnl\u00fc sanat\u00e7\u0131, Ebru G\u00fcnde\u015f\u2019in kendisine \u201cA\u011fza al\u0131nmayacak kelimeler s\u00f6yledi\u011fini\u201d a\u00e7\u0131klad\u0131. \u0130\u015fte Y\u0131lmaz Morg\u00fcl&#8217;\u00fcn Ebru G\u00fcnde\u015f&#8217;e sert \u00e7\u0131k\u0131\u015f\u0131\u2026<\/p>\n<h3>YILMAZ MORG\u00dcL&#8217;DEN EBRU G\u00dcNDE\u015e&#8217;E SERT \u00c7IKI\u015e!<\/h3>\n<p>T\u00fcrk sanat m\u00fczi\u011finin usta isimleri aras\u0131nda yer alan Y\u0131lmaz Morg\u00fcl, meslekta\u015f\u0131 <a href=\"https:\/\/www.tgrthaber.com\/mavikadin\/ebru-gundesten-sasirtan-estetik-itirafi-yarim-yuz-gerdirme-yaptim\/\">Ebru G\u00fcnde\u015f<\/a> hakk\u0131nda \u00e7arp\u0131c\u0131 a\u00e7\u0131klamalarda bulundu. Ba\u015far\u0131l\u0131 m\u00fczik kariyeri ve g\u00fc\u00e7l\u00fc sesiyle dikkatleri \u00fczerine \u00e7eken Morg\u00fcl, bu kez G\u00fcnde\u015f hakk\u0131nda \u00e7ok konu\u015fulacak a\u00e7\u0131klamalar\u0131yla magazin g\u00fcndemine bomba gibi oturdu.<\/p>\n<p><img loading=\"lazy\" decoding=\"async\" class=\"size-full wp-image-316277\" src=\"https:\/\/www.tgrthaber.com\/mavikadin\/wp-content\/uploads\/2026\/04\/Yilmaz-Morgul-6.jpg\" alt=\"Y\u0131lmaz Morg\u00fcl&#039;den Ebru G\u00fcnde\u015f&#039;e sert \u00e7\u0131k\u0131\u015f! &quot;A\u011fza al\u0131nmayacak kelimeler s\u00f6yledi&quot;\" width=\"1208\" height=\"680\" title=\"\" srcset=\"https:\/\/www.tgrthaber.com\/mavikadin\/wp-content\/uploads\/2026\/04\/Yilmaz-Morgul-6.jpg 1208w, https:\/\/www.tgrthaber.com\/mavikadin\/wp-content\/uploads\/2026\/04\/Yilmaz-Morgul-6-300x169.jpg 300w, https:\/\/www.tgrthaber.com\/mavikadin\/wp-content\/uploads\/2026\/04\/Yilmaz-Morgul-6-1024x576.jpg 1024w, https:\/\/www.tgrthaber.com\/mavikadin\/wp-content\/uploads\/2026\/04\/Yilmaz-Morgul-6-768x432.jpg 768w\" sizes=\"(max-width: 1208px) 100vw, 1208px\" \/><\/p>\n<hr \/>\n<p>\u00d6zellikle T\u00fcrk sanat m\u00fczi\u011fi alan\u0131nda sergilemi\u015f oldu\u011fu ba\u015far\u0131l\u0131 m\u00fczik kariyeriyle ad\u0131n\u0131 geni\u015f kitlelere duyuran Y\u0131lmaz Morg\u00fcl, CNBC-e\u2019de izleyici kar\u015f\u0131s\u0131na \u00e7\u0131kan, sunuculu\u011funu Saba T\u00fcmer\u2019in \u00fcstlendi\u011fi \u201cSaba T\u00fcmer\u2019le\u201d program\u0131na konuk oldu. Konuk oldu\u011fu programda \u00e7arp\u0131c\u0131 a\u00e7\u0131klamalar\u0131yla ad\u0131ndan s\u00f6z ettiren Morg\u00fcl, Ebru G\u00fcnde\u015f\u2019e sert \u00e7\u0131k\u0131\u015f\u0131yla da dikkatleri \u00fczerine \u00e7ekti.<\/p>\n<p><img loading=\"lazy\" decoding=\"async\" class=\"size-full wp-image-316276\" src=\"https:\/\/www.tgrthaber.com\/mavikadin\/wp-content\/uploads\/2026\/04\/Yilmaz-Morgul-5.jpg\" alt=\"Y\u0131lmaz Morg\u00fcl&#039;den Ebru G\u00fcnde\u015f&#039;e sert \u00e7\u0131k\u0131\u015f! &quot;A\u011fza al\u0131nmayacak kelimeler s\u00f6yledi&quot;\" width=\"1208\" height=\"680\" title=\"\" srcset=\"https:\/\/www.tgrthaber.com\/mavikadin\/wp-content\/uploads\/2026\/04\/Yilmaz-Morgul-5.jpg 1208w, https:\/\/www.tgrthaber.com\/mavikadin\/wp-content\/uploads\/2026\/04\/Yilmaz-Morgul-5-300x169.jpg 300w, https:\/\/www.tgrthaber.com\/mavikadin\/wp-content\/uploads\/2026\/04\/Yilmaz-Morgul-5-1024x576.jpg 1024w, https:\/\/www.tgrthaber.com\/mavikadin\/wp-content\/uploads\/2026\/04\/Yilmaz-Morgul-5-768x432.jpg 768w\" sizes=\"(max-width: 1208px) 100vw, 1208px\" \/><\/p>\n<hr \/>\n<h3>&#8220;A\u011eZA ALINMAYACAK KEL\u0130MELER S\u00d6YLED\u0130&#8221;<\/h3>\n<p>Ebru G\u00fcnde\u015f hakk\u0131nda \u00e7arp\u0131c\u0131 a\u00e7\u0131klamalarda bulunan Y\u0131lmaz Morg\u00fcl, meslekta\u015f\u0131na sert \u00e7\u0131kt\u0131. \u201cSaba T\u00fcmer\u2019le\u201d program\u0131nda yapt\u0131\u011f\u0131 itiraflarla magazin g\u00fcndemine bomba gibi d\u00fc\u015ft\u00fc. \u00dcnl\u00fc sanat\u00e7\u0131, <a href=\"https:\/\/www.tgrthaber.com\/mavikadin\/estetik-yaptiran-ebru-gundes-gundem-oldu-dikis-izleri-belli-oldu\/\">Ebru G\u00fcnde\u015f\u2019in<\/a> kendisine \u201cA\u011fza al\u0131nmayacak kelimeler s\u00f6yledi\u011fini\u201d a\u00e7\u0131klad\u0131. Morg\u00fcl, sert \u00e7\u0131kt\u0131\u011f\u0131 a\u00e7\u0131klamalarda \u015fu ifadelere yer verdi:<\/p>\n<p><img loading=\"lazy\" decoding=\"async\" class=\"size-full wp-image-316279\" src=\"https:\/\/www.tgrthaber.com\/mavikadin\/wp-content\/uploads\/2026\/04\/Yilmaz-Morgul-8.jpg\" alt=\"Y\u0131lmaz Morg\u00fcl&#039;den Ebru G\u00fcnde\u015f&#039;e sert \u00e7\u0131k\u0131\u015f! &quot;A\u011fza al\u0131nmayacak kelimeler s\u00f6yledi&quot;\" width=\"1208\" height=\"680\" title=\"\" srcset=\"https:\/\/www.tgrthaber.com\/mavikadin\/wp-content\/uploads\/2026\/04\/Yilmaz-Morgul-8.jpg 1208w, https:\/\/www.tgrthaber.com\/mavikadin\/wp-content\/uploads\/2026\/04\/Yilmaz-Morgul-8-300x169.jpg 300w, https:\/\/www.tgrthaber.com\/mavikadin\/wp-content\/uploads\/2026\/04\/Yilmaz-Morgul-8-1024x576.jpg 1024w, https:\/\/www.tgrthaber.com\/mavikadin\/wp-content\/uploads\/2026\/04\/Yilmaz-Morgul-8-768x432.jpg 768w\" sizes=\"(max-width: 1208px) 100vw, 1208px\" \/><\/p>\n<hr \/>\n<p>\u201cEbru G\u00fcnde\u015f\u2019in ilk sahne \u00e7al\u0131\u015fmas\u0131na ben \u00f6n ayak oldum. Onu kadroya ald\u0131rd\u0131m, ilk sahne tuvaletini bile ben diktirdim. Ben assolist olunca sava\u015f ba\u015flad\u0131. Ben bir erke\u011fim, adam gibi adam\u0131m. Ama benim a\u011fz\u0131ma almad\u0131\u011f\u0131m kelimeleri bana ald\u0131. Ona \u00e7ok k\u0131rg\u0131n\u0131m. Hi\u00e7bir \u015fekilde hakk\u0131m\u0131 helal etmeyece\u011fim\u2026\u201d<\/p>\n<p><img loading=\"lazy\" decoding=\"async\" class=\"size-full wp-image-316275\" src=\"https:\/\/www.tgrthaber.com\/mavikadin\/wp-content\/uploads\/2026\/04\/Yilmaz-Morgul-4.jpg\" alt=\"Y\u0131lmaz Morg\u00fcl&#039;den Ebru G\u00fcnde\u015f&#039;e sert \u00e7\u0131k\u0131\u015f! &quot;A\u011fza al\u0131nmayacak kelimeler s\u00f6yledi&quot;\" width=\"1208\" height=\"680\" title=\"\" srcset=\"https:\/\/www.tgrthaber.com\/mavikadin\/wp-content\/uploads\/2026\/04\/Yilmaz-Morgul-4.jpg 1208w, https:\/\/www.tgrthaber.com\/mavikadin\/wp-content\/uploads\/2026\/04\/Yilmaz-Morgul-4-300x169.jpg 300w, https:\/\/www.tgrthaber.com\/mavikadin\/wp-content\/uploads\/2026\/04\/Yilmaz-Morgul-4-1024x576.jpg 1024w, https:\/\/www.tgrthaber.com\/mavikadin\/wp-content\/uploads\/2026\/04\/Yilmaz-Morgul-4-768x432.jpg 768w\" sizes=\"(max-width: 1208px) 100vw, 1208px\" \/><\/p>\n<hr \/>\n<h3>\u201cAJDA PEKKAN YOLUMU HEP KEST\u0130\u201d<\/h3>\n<p>Son zamanlarda kat\u0131ld\u0131\u011f\u0131 programlarda meslekta\u015flar\u0131na y\u00f6nelik sert s\u00f6zleri ve dikkat \u00e7eken iddialar\u0131yla magazin g\u00fcndeminde ve sosyal medyada geni\u015f yank\u0131 uyand\u0131ran Y\u0131lmaz Morg\u00fcl, Ajda Pekkan hakk\u0131nda da \u00e7arp\u0131c\u0131 a\u00e7\u0131klamalarda bulundu. Son olarak \u201cSaba T\u00fcmer\u2019le\u201d program\u0131nda yapt\u0131\u011f\u0131 a\u00e7\u0131klamalarla ad\u0131ndan s\u00f6z ettiren \u00fcnl\u00fc sanat\u00e7\u0131, Pekkan hakk\u0131nda \u015fu ifadeleri kulland\u0131:<\/p>\n<p><img loading=\"lazy\" decoding=\"async\" class=\"size-full wp-image-316273\" src=\"https:\/\/www.tgrthaber.com\/mavikadin\/wp-content\/uploads\/2026\/04\/Yilmaz-Morgul-2.jpg\" alt=\"Y\u0131lmaz Morg\u00fcl&#039;den Ebru G\u00fcnde\u015f&#039;e sert \u00e7\u0131k\u0131\u015f! &quot;A\u011fza al\u0131nmayacak kelimeler s\u00f6yledi&quot;Y\u0131lmaz Morg\u00fcl&#039;den Ebru G\u00fcnde\u015f&#039;e sert \u00e7\u0131k\u0131\u015f! &quot;A\u011fza al\u0131nmayacak kelimeler s\u00f6yledi&quot;\" width=\"1208\" height=\"680\" title=\"\" srcset=\"https:\/\/www.tgrthaber.com\/mavikadin\/wp-content\/uploads\/2026\/04\/Yilmaz-Morgul-2.jpg 1208w, https:\/\/www.tgrthaber.com\/mavikadin\/wp-content\/uploads\/2026\/04\/Yilmaz-Morgul-2-300x169.jpg 300w, https:\/\/www.tgrthaber.com\/mavikadin\/wp-content\/uploads\/2026\/04\/Yilmaz-Morgul-2-1024x576.jpg 1024w, https:\/\/www.tgrthaber.com\/mavikadin\/wp-content\/uploads\/2026\/04\/Yilmaz-Morgul-2-768x432.jpg 768w\" sizes=\"(max-width: 1208px) 100vw, 1208px\" \/><\/p>\n<hr \/>\n<p>\u201cT\u00fcrkiye\u2019deki \u00f6nemli tenorlardan biriyim ama yolumu hep engellediler. \u015eark\u0131m \u00e7\u0131kmadan beni plak \u015firketinde ilk dinleyen iki ki\u015fi Ajda Pekkan ve Adnan \u015eenses\u2019ti. Yolumu hep kestiler. Sonra Ajda Han\u0131m gelip \u2018Seni \u00e7ok seviyorum, annem de seni \u00e7ok severdi\u2019 diyor. Ke\u015fke annenizin sevgi k\u0131r\u0131nt\u0131s\u0131 sizde olsayd\u0131 da beni biraz sevseydiniz. Hayallerimi y\u0131kt\u0131n\u0131z.\u201d<\/p>\n","protected":false},"excerpt":{"rendered":"<p>T\u00fcrk sanat m\u00fczi\u011finin sevilen isimleri aras\u0131nda yer alan Y\u0131lmaz Morg\u00fcl, Ebru G\u00fcnde\u015f hakk\u0131nda \u00e7arp\u0131c\u0131 a\u00e7\u0131klamalarda bulundu. Kat\u0131ld\u0131\u011f\u0131 bir programda yapt\u0131\u011f\u0131 itiraflarla magazin g\u00fcndemine bomba gibi d\u00fc\u015fen \u00fcnl\u00fc sanat\u00e7\u0131, meslekta\u015f\u0131 Ebru G\u00fcnde\u015f\u2019e sert \u00e7\u0131kt\u0131. \u0130\u015fte detaylar\u2026<\/p>\n","protected":false},"author":26,"featured_media":316280,"comment_status":"closed","ping_status":"closed","sticky":false,"template":"","format":"standard","meta":{"rank_math_lock_modified_date":false,"footnotes":""},"categories":[76],"tags":[3084,133,2218,3284,74193],"class_list":["post-316261","post","type-post","status-publish","format-standard","has-post-thumbnail","hentry","category-magazin","tag-ebru-gundes","tag-magazin","tag-magazin-haberleri","tag-yilmaz-morgul","tag-yilmaz-morgul-ebru-gundes"],"_links":{"self":[{"href":"https:\/\/www.tgrthaber.com\/mavikadin\/wp-json\/wp\/v2\/posts\/316261"}],"collection":[{"href":"https:\/\/www.tgrthaber.com\/mavikadin\/wp-json\/wp\/v2\/posts"}],"about":[{"href":"https:\/\/www.tgrthaber.com\/mavikadin\/wp-json\/wp\/v2\/types\/post"}],"author":[{"embeddable":true,"href":"https:\/\/www.tgrthaber.com\/mavikadin\/wp-json\/wp\/v2\/users\/26"}],"replies":[{"embeddable":true,"href":"https:\/\/www.tgrthaber.com\/mavikadin\/wp-json\/wp\/v2\/comments?post=316261"}],"version-history":[{"count":2,"href":"https:\/\/www.tgrthaber.com\/mavikadin\/wp-json\/wp\/v2\/posts\/316261\/revisions"}],"predecessor-version":[{"id":316283,"href":"https:\/\/www.tgrthaber.com\/mavikadin\/wp-json\/wp\/v2\/posts\/316261\/revisions\/316283"}],"wp:featuredmedia":[{"embeddable":true,"href":"https:\/\/www.tgrthaber.com\/mavikadin\/wp-json\/wp\/v2\/media\/316280"}],"wp:attachment":[{"href":"https:\/\/www.tgrthaber.com\/mavikadin\/wp-json\/wp\/v2\/media?parent=316261"}],"wp:term":[{"taxonomy":"category","embeddable":true,"href":"https:\/\/www.tgrthaber.com\/mavikadin\/wp-json\/wp\/v2\/categories?post=316261"},{"taxonomy":"post_tag","embeddable":true,"href":"https:\/\/www.tgrthaber.com\/mavikadin\/wp-json\/wp\/v2\/tags?post=316261"}],"curies":[{"name":"wp","href":"https:\/\/api.w.org\/{rel}","templated":true}]}}