{"id":316311,"date":"2026-04-30T16:11:49","date_gmt":"2026-04-30T13:11:49","guid":{"rendered":"https:\/\/www.tgrthaber.com\/mavikadin\/?p=316311"},"modified":"2026-04-30T16:11:49","modified_gmt":"2026-04-30T13:11:49","slug":"theo-james-ve-aaron-taylor-johnson-istanbulda-dunyaca-unlu-isimleri-eminonune-getiren-film","status":"publish","type":"post","link":"https:\/\/www.tgrthaber.com\/mavikadin\/theo-james-ve-aaron-taylor-johnson-istanbulda-dunyaca-unlu-isimleri-eminonune-getiren-film\/","title":{"rendered":"Theo James ve Aaron Taylor-Johnson \u0130stanbul\u2019da! D\u00fcnyaca \u00fcnl\u00fc isimleri Emin\u00f6n\u00fc\u2019ne getiren film"},"content":{"rendered":"<p>Hollywood\u2019un sevilen isimlerinden olan <a href=\"https:\/\/www.tgrthaber.com\/mavikadin\/theo-jamesin-gizemli-istanbul-ziyareti-sosyal-medyayi-sallayan-karsilasma\/\">Theo James<\/a> ve Aaron Taylor-Johnson \u2018Fuze\/F\u00fcnye\u2019 filmiyle hayranlar\u0131yla bulu\u015facaklar. Film geri say\u0131ma ba\u015flarken \u00fcnl\u00fc isimler, Emin\u00f6n\u00fc\u2019nde g\u00f6r\u00fcnt\u00fclendiler. G\u00f6renleri \u015fa\u015fk\u0131na \u00e7eviren ikilinin yeni filmi 8 May\u0131s Cuma g\u00fcn\u00fc vizyona giriyor. \u0130\u015fte detaylar\u2026<\/p>\n<h3>THEO JAMES VE AARON TAYLOR-JOHNSON \u0130STANBUL\u2019DA!<\/h3>\n<p>D\u00fcnyaca sevilen oyuncular Theo James ve Aaron Taylor-Johnson \u2018Fuze\/F\u00fcnye\u2019 filmi i\u00e7in \u0130stanbul\u2019a geldiler. Filmin final sahnesinin \u00e7ekimleri i\u00e7in \u0130stanbul\u2019a geldiler. \u0130kiliyi g\u00f6renler g\u00f6zlerine inanamad\u0131.<\/p>\n<p><img loading=\"lazy\" decoding=\"async\" class=\"alignnone size-full wp-image-316318\" src=\"https:\/\/www.tgrthaber.com\/mavikadin\/wp-content\/uploads\/2026\/04\/ARZU-2026-04-30T160609.651.jpg\" alt=\"Theo James ve Aaron Taylor-Johnson \u0130stanbul\u2019da! D\u00fcnyaca \u00fcnl\u00fc isimleri Emin\u00f6n\u00fc\u2019ne getiren film\" width=\"1208\" height=\"680\" title=\"\" srcset=\"https:\/\/www.tgrthaber.com\/mavikadin\/wp-content\/uploads\/2026\/04\/ARZU-2026-04-30T160609.651.jpg 1208w, https:\/\/www.tgrthaber.com\/mavikadin\/wp-content\/uploads\/2026\/04\/ARZU-2026-04-30T160609.651-300x169.jpg 300w, https:\/\/www.tgrthaber.com\/mavikadin\/wp-content\/uploads\/2026\/04\/ARZU-2026-04-30T160609.651-1024x576.jpg 1024w, https:\/\/www.tgrthaber.com\/mavikadin\/wp-content\/uploads\/2026\/04\/ARZU-2026-04-30T160609.651-768x432.jpg 768w\" sizes=\"(max-width: 1208px) 100vw, 1208px\" \/><\/p>\n<hr \/>\n<p>Ge\u00e7ti\u011fimiz y\u0131l \u0130stanbul\u2019a gelen Theo James ve Aaron Taylor-Johnson, \u0130stanbul\u2019un tarihi yar\u0131madas\u0131nda filmin sahnelerini \u00e7ektiler. AZ Celric Film\u2019in kurucusu Zeynep Sant\u0131ro\u011flu Sutherland ekini getirerek Emin\u00f6n\u00fc, Sirkeci, Yeni Cami ve M\u0131s\u0131r \u00c7ar\u015f\u0131s\u0131 etraf\u0131nda \u00e7ekimlerini yapt\u0131lar.<\/p>\n<p><img loading=\"lazy\" decoding=\"async\" class=\"alignnone size-full wp-image-316317\" src=\"https:\/\/www.tgrthaber.com\/mavikadin\/wp-content\/uploads\/2026\/04\/ARZU-2026-04-30T160620.421.jpg\" alt=\"Theo James ve Aaron Taylor-Johnson \u0130stanbul\u2019da! D\u00fcnyaca \u00fcnl\u00fc isimleri Emin\u00f6n\u00fc\u2019ne getiren film\" width=\"1208\" height=\"680\" title=\"\" srcset=\"https:\/\/www.tgrthaber.com\/mavikadin\/wp-content\/uploads\/2026\/04\/ARZU-2026-04-30T160620.421.jpg 1208w, https:\/\/www.tgrthaber.com\/mavikadin\/wp-content\/uploads\/2026\/04\/ARZU-2026-04-30T160620.421-300x169.jpg 300w, https:\/\/www.tgrthaber.com\/mavikadin\/wp-content\/uploads\/2026\/04\/ARZU-2026-04-30T160620.421-1024x576.jpg 1024w, https:\/\/www.tgrthaber.com\/mavikadin\/wp-content\/uploads\/2026\/04\/ARZU-2026-04-30T160620.421-768x432.jpg 768w\" sizes=\"(max-width: 1208px) 100vw, 1208px\" \/><\/p>\n<hr \/>\n<p>Zeynep Sant\u0131ro\u011flu Sutherland, \u201cBu film i\u00e7in bir\u00e7ok \u00fclkeye bak\u0131ld\u0131. H\u0131zl\u0131 hareket kabiliyetimiz ve y\u00fcksek prod\u00fcksiyon kalitemiz sayesinde final sahnesini T\u00fcrkiye\u2019de \u00e7ekmeye karar verdiler. Ekip \u00e7ok mutlu ayr\u0131ld\u0131. Theo James, \u0130stanbul\u2019dan \u00e7ok etkilendi\u011fini, bir daha gelmek istedi\u011fini s\u00f6yledi.\u201d ifadelerini kullanm\u0131\u015ft\u0131.<\/p>\n<h3><img loading=\"lazy\" decoding=\"async\" class=\"alignnone size-full wp-image-316315\" src=\"https:\/\/www.tgrthaber.com\/mavikadin\/wp-content\/uploads\/2026\/04\/ARZU-2026-04-30T160633.213.jpg\" alt=\"Theo James ve Aaron Taylor-Johnson \u0130stanbul\u2019da! D\u00fcnyaca \u00fcnl\u00fc isimleri Emin\u00f6n\u00fc\u2019ne getiren film\" width=\"1208\" height=\"680\" title=\"\" srcset=\"https:\/\/www.tgrthaber.com\/mavikadin\/wp-content\/uploads\/2026\/04\/ARZU-2026-04-30T160633.213.jpg 1208w, https:\/\/www.tgrthaber.com\/mavikadin\/wp-content\/uploads\/2026\/04\/ARZU-2026-04-30T160633.213-300x169.jpg 300w, https:\/\/www.tgrthaber.com\/mavikadin\/wp-content\/uploads\/2026\/04\/ARZU-2026-04-30T160633.213-1024x576.jpg 1024w, https:\/\/www.tgrthaber.com\/mavikadin\/wp-content\/uploads\/2026\/04\/ARZU-2026-04-30T160633.213-768x432.jpg 768w\" sizes=\"(max-width: 1208px) 100vw, 1208px\" \/><\/h3>\n<hr \/>\n<h3>D\u00dcNYA \u00dcNL\u00dc \u0130S\u0130MLER\u0130 EM\u0130N\u00d6N\u00dc\u2019NE GET\u0130REN F\u0130LM<\/h3>\n<p>Londra\u2019n\u0131n merkezindeki hareketli bir in\u015faat alan\u0131nda, \u0130kinci D\u00fcnya Sava\u015f\u0131\u2019ndan kalma patlamam\u0131\u015f bir bomba bulunur. Ordu ve polis ekipleri, zamana kar\u015f\u0131 bir yar\u0131\u015f i\u00e7erisine girerler. Zamana kar\u015f\u0131 yar\u0131\u015fan ekip b\u00f6lgede geni\u015f \u00e7apl\u0131 bir tahliyeye ba\u015flar.<\/p>\n<p><img loading=\"lazy\" decoding=\"async\" class=\"alignnone size-full wp-image-316316\" src=\"https:\/\/www.tgrthaber.com\/mavikadin\/wp-content\/uploads\/2026\/04\/ARZU-2026-04-30T160624.928.jpg\" alt=\"Theo James ve Aaron Taylor-Johnson \u0130stanbul\u2019da! D\u00fcnyaca \u00fcnl\u00fc isimleri Emin\u00f6n\u00fc\u2019ne getiren film\" width=\"1208\" height=\"680\" title=\"\" srcset=\"https:\/\/www.tgrthaber.com\/mavikadin\/wp-content\/uploads\/2026\/04\/ARZU-2026-04-30T160624.928.jpg 1208w, https:\/\/www.tgrthaber.com\/mavikadin\/wp-content\/uploads\/2026\/04\/ARZU-2026-04-30T160624.928-300x169.jpg 300w, https:\/\/www.tgrthaber.com\/mavikadin\/wp-content\/uploads\/2026\/04\/ARZU-2026-04-30T160624.928-1024x576.jpg 1024w, https:\/\/www.tgrthaber.com\/mavikadin\/wp-content\/uploads\/2026\/04\/ARZU-2026-04-30T160624.928-768x432.jpg 768w\" sizes=\"(max-width: 1208px) 100vw, 1208px\" \/><\/p>\n<hr \/>\n<p>Kaosun ortas\u0131nda, tehlikenin ge\u00e7irilmesi i\u00e7in verilen m\u00fccadele ve \u015fa\u015f\u0131rt\u0131c\u0131 olaylar\u0131n olaca\u011f\u0131 Fuze\/F\u00fcnye aksiyon ve gerilim t\u00fcr\u00fcyle olduk\u00e7a dikkat \u00e7ekiyor. Merakla yay\u0131n tarifi beklenen Fuze\/F\u00fcnye filmi, 8 May\u0131s Cuma g\u00fcn\u00fc vizyona girecek.<\/p>\n<p><img loading=\"lazy\" decoding=\"async\" class=\"alignnone size-full wp-image-316313\" src=\"https:\/\/www.tgrthaber.com\/mavikadin\/wp-content\/uploads\/2026\/04\/ARZU-2026-04-30T160717.758.jpg\" alt=\"\" width=\"1208\" height=\"680\" title=\"\" srcset=\"https:\/\/www.tgrthaber.com\/mavikadin\/wp-content\/uploads\/2026\/04\/ARZU-2026-04-30T160717.758.jpg 1208w, https:\/\/www.tgrthaber.com\/mavikadin\/wp-content\/uploads\/2026\/04\/ARZU-2026-04-30T160717.758-300x169.jpg 300w, https:\/\/www.tgrthaber.com\/mavikadin\/wp-content\/uploads\/2026\/04\/ARZU-2026-04-30T160717.758-1024x576.jpg 1024w, https:\/\/www.tgrthaber.com\/mavikadin\/wp-content\/uploads\/2026\/04\/ARZU-2026-04-30T160717.758-768x432.jpg 768w\" sizes=\"(max-width: 1208px) 100vw, 1208px\" \/><\/p>\n<hr \/>\n<p>David Mackenzie imzal\u0131, filmin ba\u015frollerinde Aaron Taylor-Johnson ile Theo James yer al\u0131yor. \u00c7ekimlerinin bir b\u00f6l\u00fcm\u00fc \u0130stanbul\u2019da ger\u00e7ekle\u015fen Fuze\/F\u00fcnye gerilimi ve y\u00fcksek tempoyu bir araya getirerek anlatacak.<\/p>\n<p><img loading=\"lazy\" decoding=\"async\" class=\"alignnone size-full wp-image-316312\" src=\"https:\/\/www.tgrthaber.com\/mavikadin\/wp-content\/uploads\/2026\/04\/ARZU-2026-04-30T160740.353.jpg\" alt=\"Theo James ve Aaron Taylor-Johnson \u0130stanbul\u2019da! D\u00fcnyaca \u00fcnl\u00fc isimleri Emin\u00f6n\u00fc\u2019ne getiren film\" width=\"1208\" height=\"680\" title=\"\" srcset=\"https:\/\/www.tgrthaber.com\/mavikadin\/wp-content\/uploads\/2026\/04\/ARZU-2026-04-30T160740.353.jpg 1208w, https:\/\/www.tgrthaber.com\/mavikadin\/wp-content\/uploads\/2026\/04\/ARZU-2026-04-30T160740.353-300x169.jpg 300w, https:\/\/www.tgrthaber.com\/mavikadin\/wp-content\/uploads\/2026\/04\/ARZU-2026-04-30T160740.353-1024x576.jpg 1024w, https:\/\/www.tgrthaber.com\/mavikadin\/wp-content\/uploads\/2026\/04\/ARZU-2026-04-30T160740.353-768x432.jpg 768w\" sizes=\"(max-width: 1208px) 100vw, 1208px\" \/><\/p>\n<hr \/>\n<p>T\u00fcrkiye pr\u00f6miyerini 45. \u0130stanbul Film Festivali\u2019nde yapan film, merakla bekleniyor. D\u00fcnyaca \u00fcnl\u00fc isimlerin yer ald\u0131\u011f\u0131 yap\u0131m \u00e7ok yak\u0131nda sevenleriyle bulu\u015fuyor.<\/p>\n","protected":false},"excerpt":{"rendered":"<p>D\u00fcnyaca \u00fcnl\u00fc isimler Theo James ve Aaron Taylor-Johnson, T\u00fcrkiye pr\u00f6miyerini 45. \u0130stanbul Film Festivali\u2019nde yapan ve bir b\u00f6l\u00fcm\u00fc \u0130stanbul\u2019da \u00e7ekilen \u2018Fuze\u2019 filmi i\u00e7in Emin\u00f6n\u00fc\u2019ne geldiler. \u0130\u015fte detaylar\u2026<\/p>\n","protected":false},"author":34,"featured_media":316316,"comment_status":"closed","ping_status":"closed","sticky":false,"template":"","format":"standard","meta":{"rank_math_lock_modified_date":false,"footnotes":""},"categories":[602],"tags":[57964,74196,74195,4960],"class_list":["post-316311","post","type-post","status-publish","format-standard","has-post-thumbnail","hentry","category-diziler","tag-aaron-taylor-johnson","tag-david-mackenzie","tag-fuze-funye","tag-theo-james"],"_links":{"self":[{"href":"https:\/\/www.tgrthaber.com\/mavikadin\/wp-json\/wp\/v2\/posts\/316311"}],"collection":[{"href":"https:\/\/www.tgrthaber.com\/mavikadin\/wp-json\/wp\/v2\/posts"}],"about":[{"href":"https:\/\/www.tgrthaber.com\/mavikadin\/wp-json\/wp\/v2\/types\/post"}],"author":[{"embeddable":true,"href":"https:\/\/www.tgrthaber.com\/mavikadin\/wp-json\/wp\/v2\/users\/34"}],"replies":[{"embeddable":true,"href":"https:\/\/www.tgrthaber.com\/mavikadin\/wp-json\/wp\/v2\/comments?post=316311"}],"version-history":[{"count":1,"href":"https:\/\/www.tgrthaber.com\/mavikadin\/wp-json\/wp\/v2\/posts\/316311\/revisions"}],"predecessor-version":[{"id":316319,"href":"https:\/\/www.tgrthaber.com\/mavikadin\/wp-json\/wp\/v2\/posts\/316311\/revisions\/316319"}],"wp:featuredmedia":[{"embeddable":true,"href":"https:\/\/www.tgrthaber.com\/mavikadin\/wp-json\/wp\/v2\/media\/316316"}],"wp:attachment":[{"href":"https:\/\/www.tgrthaber.com\/mavikadin\/wp-json\/wp\/v2\/media?parent=316311"}],"wp:term":[{"taxonomy":"category","embeddable":true,"href":"https:\/\/www.tgrthaber.com\/mavikadin\/wp-json\/wp\/v2\/categories?post=316311"},{"taxonomy":"post_tag","embeddable":true,"href":"https:\/\/www.tgrthaber.com\/mavikadin\/wp-json\/wp\/v2\/tags?post=316311"}],"curies":[{"name":"wp","href":"https:\/\/api.w.org\/{rel}","templated":true}]}}