{"id":316352,"date":"2026-04-30T22:27:54","date_gmt":"2026-04-30T19:27:54","guid":{"rendered":"https:\/\/www.tgrthaber.com\/mavikadin\/?p=316352"},"modified":"2026-04-30T22:27:55","modified_gmt":"2026-04-30T19:27:55","slug":"gassal-4-sezon-cekimleri-bitti-gassal-4-sezon-ne-zaman-yayinlanacak","status":"publish","type":"post","link":"https:\/\/www.tgrthaber.com\/mavikadin\/gassal-4-sezon-cekimleri-bitti-gassal-4-sezon-ne-zaman-yayinlanacak\/","title":{"rendered":"Gassal 4 sezon \u00e7ekimleri bitti! Gassal 4 sezon ne zaman yay\u0131nlanacak?"},"content":{"rendered":"<p>Son d\u00f6nemin dikkat \u00e7eken dijital projelerinden <a href=\"https:\/\/www.tgrthaber.com\/medya\/bulent-sakrak-gassal-4-sezon-kadrosuna-katildi-basarili-oyuncu-masallah-karakteriyle-3291650?s=3\">Gassal<\/a> 4. sezon \u00e7ekimlerini tamamlayarak yeni sezon i\u00e7in geri say\u0131ma ge\u00e7ti. Yay\u0131nland\u0131\u011f\u0131 ilk g\u00fcnden bu yana farkl\u0131 hik\u00e2yesi ve atmosferiyle \u00f6ne \u00e7\u0131kan dizi, yeni b\u00f6l\u00fcmleriyle izleyici kar\u015f\u0131s\u0131na \u00e7\u0131kmaya haz\u0131rlan\u0131yor. \u00c7ekim s\u00fcrecinin sona ermesi, dizinin hayranlar\u0131 aras\u0131nda heyecan olu\u015ftururken, en \u00e7ok merak edilen konu ise yay\u0131n tarihi oldu. Gassal 3 sezon b\u00f6l\u00fcmleri yeni bitmi\u015fken, yap\u0131m ekibi ve platform cephesinden hen\u00fcz net bir tarih payla\u015f\u0131lmad\u0131. \u0130zleyiciler, Gassal\u0131n yeni sezonunun ne zaman yay\u0131nlanaca\u011f\u0131n\u0131 \u00f6\u011frenmek i\u00e7in resmi a\u00e7\u0131klamalar\u0131 bekliyor. Peki, Gassal 4 sezon ne zaman yay\u0131nlanacak?<\/p>\n<h3>GASSAL 4. SEZON \u00c7EK\u0130MLER\u0130 TAMAMLANDI<\/h3>\n<p>Merakla beklenen Gassal 4. sezon \u00e7ekimlerini tamamlayarak yeni sezon i\u00e7in geri say\u0131ma ge\u00e7ti. Ba\u015frol\u00fcnde Ahmet Kural\u2019\u0131n yer ald\u0131\u011f\u0131 dizi, s\u00fcr\u00fckleyici hik\u00e2yesi ve g\u00fc\u00e7l\u00fc oyuncu kadrosuyla izleyicinin ilgisini \u00e7ekmeye devam ediyor.<\/p>\n<p><img loading=\"lazy\" decoding=\"async\" class=\"alignnone wp-image-316354 size-full\" src=\"https:\/\/www.tgrthaber.com\/mavikadin\/wp-content\/uploads\/2026\/04\/gassal-4-sezon-ne-zaman.jpg\" alt=\"\" width=\"1208\" height=\"680\" title=\"\" srcset=\"https:\/\/www.tgrthaber.com\/mavikadin\/wp-content\/uploads\/2026\/04\/gassal-4-sezon-ne-zaman.jpg 1208w, https:\/\/www.tgrthaber.com\/mavikadin\/wp-content\/uploads\/2026\/04\/gassal-4-sezon-ne-zaman-300x169.jpg 300w, https:\/\/www.tgrthaber.com\/mavikadin\/wp-content\/uploads\/2026\/04\/gassal-4-sezon-ne-zaman-1024x576.jpg 1024w, https:\/\/www.tgrthaber.com\/mavikadin\/wp-content\/uploads\/2026\/04\/gassal-4-sezon-ne-zaman-768x432.jpg 768w\" sizes=\"(max-width: 1208px) 100vw, 1208px\" \/><\/p>\n<hr \/>\n<p>Yeni sezonda kadroya kat\u0131lan isimler de merak uyand\u0131rm\u0131m\u015ft\u0131. B\u00fclent \u015eakrak\u2019\u0131n \u201cMa\u015fallah\u201d karakteriyle izleyici kar\u015f\u0131s\u0131na \u00e7\u0131kaca\u011f\u0131 \u00f6\u011frenilirken, dizide G\u00fcl\u015fen karakterini oynayan oyuncu \u00d6zlem Tokaslan da dikkat \u00e7ekiyor. Hik\u00e2yede \u00f6nemli bir yere sahip olacak karakterlerin, olay \u00f6rg\u00fcs\u00fcne farkl\u0131 bir soluk getirmesi bekleniyor.<\/p>\n<p><img loading=\"lazy\" decoding=\"async\" class=\"alignnone wp-image-316355 size-full\" src=\"https:\/\/www.tgrthaber.com\/mavikadin\/wp-content\/uploads\/2026\/04\/gassal-4-sezon-ne-zaman-baslayacak.jpg\" alt=\"\" width=\"1208\" height=\"680\" title=\"\" srcset=\"https:\/\/www.tgrthaber.com\/mavikadin\/wp-content\/uploads\/2026\/04\/gassal-4-sezon-ne-zaman-baslayacak.jpg 1208w, https:\/\/www.tgrthaber.com\/mavikadin\/wp-content\/uploads\/2026\/04\/gassal-4-sezon-ne-zaman-baslayacak-300x169.jpg 300w, https:\/\/www.tgrthaber.com\/mavikadin\/wp-content\/uploads\/2026\/04\/gassal-4-sezon-ne-zaman-baslayacak-1024x576.jpg 1024w, https:\/\/www.tgrthaber.com\/mavikadin\/wp-content\/uploads\/2026\/04\/gassal-4-sezon-ne-zaman-baslayacak-768x432.jpg 768w\" sizes=\"(max-width: 1208px) 100vw, 1208px\" \/><\/p>\n<hr \/>\n<p>Senaryoda Baki karakterine hayat veren Ahmet Kural\u2019\u0131n, mahalledeki \u201cmerakl\u0131 kom\u015fusu\u201d ile ya\u015fayaca\u011f\u0131 diyaloglar ise yeni sezonun dikkat \u00e7eken detaylar\u0131 aras\u0131nda yer al\u0131yor. \u00c7ekimlerin tamamlanmas\u0131yla birlikte g\u00f6zler dizinin yay\u0131n tarihine \u00e7evrildi. Hen\u00fcz resmi bir a\u00e7\u0131klama yap\u0131lmazken, Gassal\u0131n 4. sezonunun k\u0131sa s\u00fcre i\u00e7inde izleyiciyle bulu\u015fmas\u0131 bekleniyor. Yeni sezon, hem hik\u00e2yesi hem de kadrosuyla \u015fimdiden b\u00fcy\u00fck merak uyand\u0131rm\u0131\u015f durumda.<\/p>\n<p><img loading=\"lazy\" decoding=\"async\" class=\"alignnone wp-image-316358 size-full\" src=\"https:\/\/www.tgrthaber.com\/mavikadin\/wp-content\/uploads\/2026\/04\/Adsiz-tasarim-11-7.jpg\" alt=\"\" width=\"1208\" height=\"680\" title=\"\" srcset=\"https:\/\/www.tgrthaber.com\/mavikadin\/wp-content\/uploads\/2026\/04\/Adsiz-tasarim-11-7.jpg 1208w, https:\/\/www.tgrthaber.com\/mavikadin\/wp-content\/uploads\/2026\/04\/Adsiz-tasarim-11-7-300x169.jpg 300w, https:\/\/www.tgrthaber.com\/mavikadin\/wp-content\/uploads\/2026\/04\/Adsiz-tasarim-11-7-1024x576.jpg 1024w, https:\/\/www.tgrthaber.com\/mavikadin\/wp-content\/uploads\/2026\/04\/Adsiz-tasarim-11-7-768x432.jpg 768w\" sizes=\"(max-width: 1208px) 100vw, 1208px\" \/><\/p>\n<hr \/>\n<h3>GASSAL 4 SEZON NE ZAMAN YAYINLANACAK?<\/h3>\n<p>Gassal 3. sezonun final yapmas\u0131n\u0131n ard\u0131ndan yeniden g\u00fcndeme geldi. Yeni b\u00f6l\u00fcmlerin yay\u0131nlanmas\u0131yla birlikte izleyiciler, Gassal 4. sezonunun ne zaman ekrana gelece\u011fini merak etmeye ba\u015flad\u0131. 3. sezonun final sahneleri sonras\u0131 hik\u00e2yenin nas\u0131l devam edece\u011fi b\u00fcy\u00fck bir soru i\u015fareti olu\u015ftururken, g\u00f6zler yap\u0131m ekibinden gelecek a\u00e7\u0131klamalara \u00e7evrildi.<\/p>\n<p><img loading=\"lazy\" decoding=\"async\" class=\"alignnone wp-image-316356 size-full\" src=\"https:\/\/www.tgrthaber.com\/mavikadin\/wp-content\/uploads\/2026\/04\/gassal-4-sezon-ne-zaman-yayinlanacak.jpg\" alt=\"\" width=\"1208\" height=\"680\" title=\"\" srcset=\"https:\/\/www.tgrthaber.com\/mavikadin\/wp-content\/uploads\/2026\/04\/gassal-4-sezon-ne-zaman-yayinlanacak.jpg 1208w, https:\/\/www.tgrthaber.com\/mavikadin\/wp-content\/uploads\/2026\/04\/gassal-4-sezon-ne-zaman-yayinlanacak-300x169.jpg 300w, https:\/\/www.tgrthaber.com\/mavikadin\/wp-content\/uploads\/2026\/04\/gassal-4-sezon-ne-zaman-yayinlanacak-1024x576.jpg 1024w, https:\/\/www.tgrthaber.com\/mavikadin\/wp-content\/uploads\/2026\/04\/gassal-4-sezon-ne-zaman-yayinlanacak-768x432.jpg 768w\" sizes=\"(max-width: 1208px) 100vw, 1208px\" \/><\/p>\n<hr \/>\n<p>Gassal\u2019\u0131n 4. sezon \u00e7ekimlerinin tamamlanmas\u0131, beklentiyi daha da art\u0131rd\u0131. Dizinin yeni sezonunun haz\u0131r oldu\u011fu konu\u015fulurken, yay\u0131n tarihine ili\u015fkin hen\u00fcz resmi bir a\u00e7\u0131klama yap\u0131lmad\u0131. Bu durum, sosyal medyada \u201cGassal 4. sezon ne zaman yay\u0131nlanacak?\u201d sorusunun s\u0131k\u00e7a sorulmas\u0131na neden oldu.<\/p>\n<p><img loading=\"lazy\" decoding=\"async\" class=\"alignnone wp-image-316357 size-full\" src=\"https:\/\/www.tgrthaber.com\/mavikadin\/wp-content\/uploads\/2026\/04\/Adsiz-tasarim-10-8.jpg\" alt=\"\" width=\"1208\" height=\"680\" title=\"\" srcset=\"https:\/\/www.tgrthaber.com\/mavikadin\/wp-content\/uploads\/2026\/04\/Adsiz-tasarim-10-8.jpg 1208w, https:\/\/www.tgrthaber.com\/mavikadin\/wp-content\/uploads\/2026\/04\/Adsiz-tasarim-10-8-300x169.jpg 300w, https:\/\/www.tgrthaber.com\/mavikadin\/wp-content\/uploads\/2026\/04\/Adsiz-tasarim-10-8-1024x576.jpg 1024w, https:\/\/www.tgrthaber.com\/mavikadin\/wp-content\/uploads\/2026\/04\/Adsiz-tasarim-10-8-768x432.jpg 768w\" sizes=\"(max-width: 1208px) 100vw, 1208px\" \/><\/p>\n<hr \/>\n<p>Ba\u015far\u0131l\u0131 oyuncu kadrosu ve farkl\u0131 hik\u00e2yesiyle dikkat \u00e7eken dizi, her sezonuyla izleyiciyi ekran ba\u015f\u0131na kilitlemeyi ba\u015fard\u0131. Yeni sezonda ya\u015fanacak geli\u015fmeler ve kadroya kat\u0131lan yeni isimler ise \u015fimdiden merak konusu oldu. Yap\u0131m ekibinden gelecek resmi a\u00e7\u0131klaman\u0131n ard\u0131ndan Gassal 4. sezonun yay\u0131n takviminin netle\u015fmesi bekleniyor.<\/p>\n","protected":false},"excerpt":{"rendered":"<p>Dijital platformun dikkat \u00e7eken yap\u0131mlar\u0131ndan Gassal dizisinin 4. sezon \u00e7ekimleri tamamland\u0131. Yeni sezonun ne zaman yay\u0131nlanaca\u011f\u0131 ise izleyiciler taraf\u0131ndan merak konusu oldu. Ba\u015far\u0131l\u0131 oyuncu kadrosu ve s\u00fcr\u00fckleyici hik\u00e2yesiyle geni\u015f bir hayran kitlesine ula\u015fan dizi, yeni b\u00f6l\u00fcmleriyle yeniden g\u00fcndeme gelmeye haz\u0131rlan\u0131yor. \u00c7ekimlerin sona ermesiyle birlikte g\u00f6zler yay\u0131n tarihine \u00e7evrilirken, platformdan gelecek resmi a\u00e7\u0131klama bekleniyor. Peki, Gassal 4 sezon ne zaman yay\u0131nlanacak?<\/p>\n","protected":false},"author":10,"featured_media":316353,"comment_status":"closed","ping_status":"closed","sticky":false,"template":"","format":"standard","meta":{"rank_math_lock_modified_date":false,"footnotes":""},"categories":[602],"tags":[32159,10390,26091,74201,74200],"class_list":["post-316352","post","type-post","status-publish","format-standard","has-post-thumbnail","hentry","category-diziler","tag-dizi","tag-dizi-magazin","tag-gassal-3-sezon","tag-gassal-4-sezon-bolumleri","tag-gassal-4-sezon"],"_links":{"self":[{"href":"https:\/\/www.tgrthaber.com\/mavikadin\/wp-json\/wp\/v2\/posts\/316352"}],"collection":[{"href":"https:\/\/www.tgrthaber.com\/mavikadin\/wp-json\/wp\/v2\/posts"}],"about":[{"href":"https:\/\/www.tgrthaber.com\/mavikadin\/wp-json\/wp\/v2\/types\/post"}],"author":[{"embeddable":true,"href":"https:\/\/www.tgrthaber.com\/mavikadin\/wp-json\/wp\/v2\/users\/10"}],"replies":[{"embeddable":true,"href":"https:\/\/www.tgrthaber.com\/mavikadin\/wp-json\/wp\/v2\/comments?post=316352"}],"version-history":[{"count":2,"href":"https:\/\/www.tgrthaber.com\/mavikadin\/wp-json\/wp\/v2\/posts\/316352\/revisions"}],"predecessor-version":[{"id":316360,"href":"https:\/\/www.tgrthaber.com\/mavikadin\/wp-json\/wp\/v2\/posts\/316352\/revisions\/316360"}],"wp:featuredmedia":[{"embeddable":true,"href":"https:\/\/www.tgrthaber.com\/mavikadin\/wp-json\/wp\/v2\/media\/316353"}],"wp:attachment":[{"href":"https:\/\/www.tgrthaber.com\/mavikadin\/wp-json\/wp\/v2\/media?parent=316352"}],"wp:term":[{"taxonomy":"category","embeddable":true,"href":"https:\/\/www.tgrthaber.com\/mavikadin\/wp-json\/wp\/v2\/categories?post=316352"},{"taxonomy":"post_tag","embeddable":true,"href":"https:\/\/www.tgrthaber.com\/mavikadin\/wp-json\/wp\/v2\/tags?post=316352"}],"curies":[{"name":"wp","href":"https:\/\/api.w.org\/{rel}","templated":true}]}}