{"id":316361,"date":"2026-04-30T22:48:24","date_gmt":"2026-04-30T19:48:24","guid":{"rendered":"https:\/\/www.tgrthaber.com\/mavikadin\/?p=316361"},"modified":"2026-04-30T22:48:25","modified_gmt":"2026-04-30T19:48:25","slug":"giorgostan-dikkat-ceken-itiraf-nefiseyi-begendigini-acikladi","status":"publish","type":"post","link":"https:\/\/www.tgrthaber.com\/mavikadin\/giorgostan-dikkat-ceken-itiraf-nefiseyi-begendigini-acikladi\/","title":{"rendered":"Giorgos\u2019tan dikkat \u00e7eken itiraf! Nefise\u2019yi be\u011fendi\u011fini a\u00e7\u0131klad\u0131"},"content":{"rendered":"<p>Survivor 2026\u2019da T\u00fcrkiye Yunan oyunu sonras\u0131 yar\u0131\u015fmac\u0131lar aras\u0131ndaki diyaloglar g\u00fcndem olmaya devam ediyor. Yunan yar\u0131\u015fmac\u0131 Giorgos, yapt\u0131\u011f\u0131 a\u00e7\u0131klamada Seda ve Beyza hakk\u0131nda de\u011ferlendirmelerde bulunurken, Nefise ile ilgili s\u00f6zleriyle dikkat \u00e7ekti. Giorgos, Nefise\u2019yi be\u011fendi\u011fini ifade ederek izleyicileri \u015fa\u015f\u0131rtt\u0131. A\u00e7\u0131klama k\u0131sa s\u00fcrede sosyal medyada yay\u0131ld\u0131.<\/p>\n<h3>G\u0130ORGOS\u2019TAN NEF\u0130SE \u0130T\u0130RAFI!<\/h3>\n<p>Survivor 2026 T\u00fcrkiye Yunan oyunu \u00f6ncesi ve sonras\u0131 ya\u015fan\u0131lanlar konu\u015fulmaya devam ediyor. Bar\u0131\u015f Murat Ya\u011fc\u0131\u2019dan sonra Nefise Karatay\u2019\u0131nda ismi Yunan bir yar\u0131\u015fmac\u0131 ile an\u0131ld\u0131. Oyun s\u0131ras\u0131nda Nefise\u2019nin Yunan yar\u0131\u015fmac\u0131lara kar\u015f\u0131 olan tavr\u0131 izleyenlerin dikkatinden ka\u00e7mazken, Yunan erkek yar\u0131\u015fmac\u0131lar\u0131n\u0131n Nefise\u2019ye sar\u0131lmalar\u0131 ve bak\u0131\u015flar\u0131 sosyal medyada yank\u0131 buldu.<\/p>\n<div style=\"width: 640px;\" class=\"wp-video\"><!--[if lt IE 9]><script>document.createElement('video');<\/script><![endif]-->\n<video class=\"wp-video-shortcode\" id=\"video-316361-1\" width=\"640\" height=\"360\" preload=\"metadata\" controls=\"controls\"><source type=\"video\/mp4\" src=\"https:\/\/www.tgrthaber.com\/mavikadin\/wp-content\/uploads\/2026\/04\/Yunan-yarismaci-Giorgostan-Nefise-itirafi.mp4?_=1\" \/><a href=\"https:\/\/www.tgrthaber.com\/mavikadin\/wp-content\/uploads\/2026\/04\/Yunan-yarismaci-Giorgostan-Nefise-itirafi.mp4\">https:\/\/www.tgrthaber.com\/mavikadin\/wp-content\/uploads\/2026\/04\/Yunan-yarismaci-Giorgostan-Nefise-itirafi.mp4<\/a><\/video><\/div>\n<hr \/>\n<p>Survivor 2026 T\u00fcrkiye Yunan oyunu sonras\u0131 adaya d\u00f6nen Yunan yar\u0131\u015fmac\u0131lardan Giorgos \u00f6zel r\u00f6portaj verdi. Giorgos, r\u00f6portaj s\u0131ras\u0131nda elindeki ka\u011f\u0131tlardan Survivor 2026 kad\u0131n yar\u0131\u015fmac\u0131lar\u0131n foto\u011fraflar\u0131na bakarak yorumlarda bulundu. Beyza ve Seda hakk\u0131nda de\u011ferlendirmelerde bulunan Giorgos, Nefise\u2019yi be\u011fendi\u011fini dile getiren ifadeler kulland\u0131.<\/p>\n<p><img loading=\"lazy\" decoding=\"async\" class=\"alignnone wp-image-316366 size-full\" src=\"https:\/\/www.tgrthaber.com\/mavikadin\/wp-content\/uploads\/2026\/04\/Adsiz-tasarim-13-7.jpg\" alt=\"\" width=\"1208\" height=\"680\" title=\"\" srcset=\"https:\/\/www.tgrthaber.com\/mavikadin\/wp-content\/uploads\/2026\/04\/Adsiz-tasarim-13-7.jpg 1208w, https:\/\/www.tgrthaber.com\/mavikadin\/wp-content\/uploads\/2026\/04\/Adsiz-tasarim-13-7-300x169.jpg 300w, https:\/\/www.tgrthaber.com\/mavikadin\/wp-content\/uploads\/2026\/04\/Adsiz-tasarim-13-7-1024x576.jpg 1024w, https:\/\/www.tgrthaber.com\/mavikadin\/wp-content\/uploads\/2026\/04\/Adsiz-tasarim-13-7-768x432.jpg 768w\" sizes=\"(max-width: 1208px) 100vw, 1208px\" \/><\/p>\n<hr \/>\n<h3>SURV\u0130VOR 2026 KIRMIZI VE MAV\u0130 TAKIM KADROSU<\/h3>\n<p><strong>Survivor 2026 K\u0131rm\u0131z\u0131 tak\u0131m kadrosu\u00a0<\/strong><\/p>\n<ul>\n<li>Bayhan G\u00fcrhan<\/li>\n<li>Deniz \u00c7atalba\u015f<\/li>\n<li>Nefise Karatay<\/li>\n<li>Sercan Y\u0131ld\u0131r\u0131m<\/li>\n<li>Mert Nobre<\/li>\n<li>Lina Hourieh<\/li>\n<li>Murat Ark\u0131n<\/li>\n<li>Can Berkay Ertemiz<\/li>\n<\/ul>\n<p><strong>Survivor 2026 Mavi tak\u0131m kadrosu\u00a0<\/strong><\/p>\n<ul>\n<li>Ramazan Sar\u0131<\/li>\n<li>Beyza Gemici<\/li>\n<li>Bar\u0131\u015f Murat Ya\u011fc\u0131<\/li>\n<li>Nagihan Karadere<\/li>\n<li>Osman Can Ural<\/li>\n<li>Sude Demir<\/li>\n<li>Seda Albayrak<\/li>\n<\/ul>\n<p><img loading=\"lazy\" decoding=\"async\" class=\"alignnone wp-image-316364 size-full\" src=\"https:\/\/www.tgrthaber.com\/mavikadin\/wp-content\/uploads\/2026\/04\/Survivor-2026-3-6.jpg\" alt=\"\" width=\"1208\" height=\"680\" title=\"\" srcset=\"https:\/\/www.tgrthaber.com\/mavikadin\/wp-content\/uploads\/2026\/04\/Survivor-2026-3-6.jpg 1208w, https:\/\/www.tgrthaber.com\/mavikadin\/wp-content\/uploads\/2026\/04\/Survivor-2026-3-6-300x169.jpg 300w, https:\/\/www.tgrthaber.com\/mavikadin\/wp-content\/uploads\/2026\/04\/Survivor-2026-3-6-1024x576.jpg 1024w, https:\/\/www.tgrthaber.com\/mavikadin\/wp-content\/uploads\/2026\/04\/Survivor-2026-3-6-768x432.jpg 768w\" sizes=\"(max-width: 1208px) 100vw, 1208px\" \/><\/p>\n<hr \/>\n<h3><strong>SURV\u0130VOR 2026\u2019YA VEDA EDEN YARI\u015eMACILAR<\/strong><\/h3>\n<ul>\n<li>Dilan \u00c7\u0131tak<\/li>\n<li>Keremcem D\u00fcr\u00fck<\/li>\n<li>Selen G\u00f6rg\u00fczel<\/li>\n<li>Erkan Bilben<\/li>\n<li>Tu\u011f\u00e7e Melis Demir<\/li>\n<li>Do\u011fu\u015f<\/li>\n<li>Meryem Boz<\/li>\n<li>Eren Semerci<\/li>\n<li>B\u00fc\u015fra Yal\u00e7\u0131n<\/li>\n<li>Onur Alp \u00c7am<\/li>\n<li>Nisanur G\u00fcler<\/li>\n<li>Serhan Onat<\/li>\n<li>G\u00f6zde Bozkurt<\/li>\n<li>Engincan Tura<\/li>\n<li>Seren Ay \u00c7etin<\/li>\n<\/ul>\n<p><img loading=\"lazy\" decoding=\"async\" class=\"alignnone wp-image-316363 size-full\" src=\"https:\/\/www.tgrthaber.com\/mavikadin\/wp-content\/uploads\/2026\/04\/survivor-2026-unluler-gonulluler-3.jpg\" alt=\"\" width=\"1208\" height=\"680\" title=\"\" srcset=\"https:\/\/www.tgrthaber.com\/mavikadin\/wp-content\/uploads\/2026\/04\/survivor-2026-unluler-gonulluler-3.jpg 1208w, https:\/\/www.tgrthaber.com\/mavikadin\/wp-content\/uploads\/2026\/04\/survivor-2026-unluler-gonulluler-3-300x169.jpg 300w, https:\/\/www.tgrthaber.com\/mavikadin\/wp-content\/uploads\/2026\/04\/survivor-2026-unluler-gonulluler-3-1024x576.jpg 1024w, https:\/\/www.tgrthaber.com\/mavikadin\/wp-content\/uploads\/2026\/04\/survivor-2026-unluler-gonulluler-3-768x432.jpg 768w\" sizes=\"(max-width: 1208px) 100vw, 1208px\" \/><\/p>\n<hr \/>\n<h3>SURV\u0130VOR 2026\u2019DA B\u0130REYSEL DOKUNULMAZLIK ALAN YARI\u015eMACILAR<\/h3>\n<ul>\n<li>Mert Nobre 2 sembol \u2013 \u00dcnl\u00fcler tak\u0131m\u0131<\/li>\n<li>Seda Albayrak 3 sembol \u2013 G\u00f6n\u00fcll\u00fcler tak\u0131m\u0131<\/li>\n<li>Ramazan Sar\u0131 \u2013 G\u00f6n\u00fcll\u00fcler tak\u0131m\u0131<\/li>\n<li>Deniz \u00c7atalba\u015f 3 sembol \u2013 \u00dcnl\u00fcler tak\u0131m\u0131<\/li>\n<li>Bar\u0131\u015f Murat Ya\u011fc\u0131 2 sembol &#8211; \u00a0G\u00f6n\u00fcll\u00fcler tak\u0131m\u0131<\/li>\n<li>Sercan Y\u0131ld\u0131r\u0131m \u2013 \u00dcnl\u00fcler Tak\u0131m\u0131<\/li>\n<li>Sude Demir \u2013 G\u00f6n\u00fcll\u00fcler Tak\u0131m\u0131<\/li>\n<\/ul>\n","protected":false},"excerpt":{"rendered":"<p>Survivor 2026\u2019da Yunan yar\u0131\u015fmac\u0131 Giorgos\u2019un yapt\u0131\u011f\u0131 a\u00e7\u0131klamalar sosyal medyada g\u00fcndem oldu. Seda ve Beyza hakk\u0131nda konu\u015fan Giorgos, s\u00f6zleriyle dikkat \u00e7ekerken as\u0131l s\u00fcrprizi Nefise i\u00e7in yapt\u0131. Yunan yar\u0131\u015fmac\u0131n\u0131n Nefise\u2019yi be\u011fendi\u011fini dile getirmesi, izleyiciler aras\u0131nda geni\u015f yank\u0131 uyand\u0131rd\u0131. A\u00e7\u0131klamalar sonras\u0131 sosyal medyada yorumlar artt\u0131.<\/p>\n","protected":false},"author":10,"featured_media":316365,"comment_status":"closed","ping_status":"closed","sticky":false,"template":"","format":"standard","meta":{"rank_math_lock_modified_date":false,"footnotes":""},"categories":[76],"tags":[74202,133,2218,4151,2366,63785,9254],"class_list":["post-316361","post","type-post","status-publish","format-standard","has-post-thumbnail","hentry","category-magazin","tag-giorgos","tag-magazin","tag-magazin-haberleri","tag-nefise-karatay","tag-survivor","tag-survivor-2026","tag-survivor-nefise"],"_links":{"self":[{"href":"https:\/\/www.tgrthaber.com\/mavikadin\/wp-json\/wp\/v2\/posts\/316361"}],"collection":[{"href":"https:\/\/www.tgrthaber.com\/mavikadin\/wp-json\/wp\/v2\/posts"}],"about":[{"href":"https:\/\/www.tgrthaber.com\/mavikadin\/wp-json\/wp\/v2\/types\/post"}],"author":[{"embeddable":true,"href":"https:\/\/www.tgrthaber.com\/mavikadin\/wp-json\/wp\/v2\/users\/10"}],"replies":[{"embeddable":true,"href":"https:\/\/www.tgrthaber.com\/mavikadin\/wp-json\/wp\/v2\/comments?post=316361"}],"version-history":[{"count":2,"href":"https:\/\/www.tgrthaber.com\/mavikadin\/wp-json\/wp\/v2\/posts\/316361\/revisions"}],"predecessor-version":[{"id":316368,"href":"https:\/\/www.tgrthaber.com\/mavikadin\/wp-json\/wp\/v2\/posts\/316361\/revisions\/316368"}],"wp:featuredmedia":[{"embeddable":true,"href":"https:\/\/www.tgrthaber.com\/mavikadin\/wp-json\/wp\/v2\/media\/316365"}],"wp:attachment":[{"href":"https:\/\/www.tgrthaber.com\/mavikadin\/wp-json\/wp\/v2\/media?parent=316361"}],"wp:term":[{"taxonomy":"category","embeddable":true,"href":"https:\/\/www.tgrthaber.com\/mavikadin\/wp-json\/wp\/v2\/categories?post=316361"},{"taxonomy":"post_tag","embeddable":true,"href":"https:\/\/www.tgrthaber.com\/mavikadin\/wp-json\/wp\/v2\/tags?post=316361"}],"curies":[{"name":"wp","href":"https:\/\/api.w.org\/{rel}","templated":true}]}}