{"id":316384,"date":"2026-05-01T09:50:24","date_gmt":"2026-05-01T06:50:24","guid":{"rendered":"https:\/\/www.tgrthaber.com\/mavikadin\/?p=316384"},"modified":"2026-05-01T09:50:24","modified_gmt":"2026-05-01T06:50:24","slug":"bohem-tig-isi-parcalar-2026-modasinda-yeniden-zirvede","status":"publish","type":"post","link":"https:\/\/www.tgrthaber.com\/mavikadin\/bohem-tig-isi-parcalar-2026-modasinda-yeniden-zirvede\/","title":{"rendered":"Bohem t\u0131\u011f i\u015fi par\u00e7alar 2026 modas\u0131nda yeniden zirvede"},"content":{"rendered":"<p>Moda d\u00fcnyas\u0131 son y\u0131llarda h\u0131z kesmeden d\u00f6n\u00fc\u015f\u00fcrken, 2026 itibar\u0131yla y\u00f6n\u00fcn\u00fc yeniden ge\u00e7mi\u015fin izlerine \u00e7eviriyor. El eme\u011fi ve do\u011fall\u0131\u011f\u0131 oda\u011f\u0131na alan ak\u0131mlar\u0131n y\u00fckseli\u015fiyle birlikte bohem <a href=\"https:\/\/www.tgrthaber.com\/mavikadin\/tig-isi-sevenlerin-en-cok-yaptigi-orgu-modelleri-2026\/\">t\u0131\u011f i\u015fi<\/a> par\u00e7alar, trend listelerinde yeniden zirveye yerle\u015fti. Bir zamanlar nostaljik bir detay olarak de\u011ferlendirilen bu tasar\u0131mlar, bug\u00fcn hem sokak stilinde hem de l\u00fcks moda koleksiyonlar\u0131nda g\u00fc\u00e7l\u00fc ve iddial\u0131 bir duru\u015f sergiliyor.<\/p>\n<h3>EL EME\u011e\u0130N\u0130N DE\u011eER\u0130 YEN\u0130DEN KE\u015eFED\u0130L\u0130YOR<\/h3>\n<p>H\u0131zl\u0131 t\u00fcketim al\u0131\u015fkanl\u0131klar\u0131n\u0131n sorgulanmaya ba\u015fland\u0131\u011f\u0131 son d\u00f6nemde, moda d\u00fcnyas\u0131nda \u201cyava\u015f moda\u201d anlay\u0131\u015f\u0131 giderek daha fazla \u00f6nem kazan\u0131yor. Bu noktada <a href=\"https:\/\/www.tgrthaber.com\/mavikadin\/tig-isi-crop-top-yeniden-moda-oldu-2026\/\">t\u0131\u011f i\u015fi<\/a> par\u00e7alar, tamamen el eme\u011fine dayanmas\u0131yla \u00f6ne \u00e7\u0131k\u0131yor. Seri \u00fcretimin aksine her bir \u00fcr\u00fcn\u00fcn kendine has bir karakter ta\u015f\u0131mas\u0131, kullan\u0131c\u0131lar i\u00e7in ayr\u0131cal\u0131kl\u0131 bir deneyim sunuyor.<\/p>\n<p><img loading=\"lazy\" decoding=\"async\" class=\"aligncenter size-full wp-image-316385\" src=\"https:\/\/www.tgrthaber.com\/mavikadin\/wp-content\/uploads\/2026\/05\/Bohem-1.png\" alt=\"\" width=\"1208\" height=\"680\" title=\"\" srcset=\"https:\/\/www.tgrthaber.com\/mavikadin\/wp-content\/uploads\/2026\/05\/Bohem-1.png 1208w, https:\/\/www.tgrthaber.com\/mavikadin\/wp-content\/uploads\/2026\/05\/Bohem-1-300x169.png 300w, https:\/\/www.tgrthaber.com\/mavikadin\/wp-content\/uploads\/2026\/05\/Bohem-1-1024x576.png 1024w, https:\/\/www.tgrthaber.com\/mavikadin\/wp-content\/uploads\/2026\/05\/Bohem-1-768x432.png 768w\" sizes=\"(max-width: 1208px) 100vw, 1208px\" \/><\/p>\n<hr \/>\n<p>T\u00fcketiciler art\u0131k yaln\u0131zca \u015f\u0131k g\u00f6r\u00fcnmekle yetinmiyor; ayn\u0131 zamanda giydikleri \u00fcr\u00fcn\u00fcn bir hik\u00e2yesi olmas\u0131n\u0131 da \u00f6nemsiyor. Bohem t\u0131\u011f i\u015fi par\u00e7alar, bu ihtiyac\u0131 do\u011frudan kar\u015f\u0131layarak moday\u0131 daha ki\u015fisel ve anlaml\u0131 hale getiriyor.<\/p>\n<h3>BOHEM ST\u0130L\u0130N \u00d6ZG\u00dcR RUHU GER\u0130 D\u00d6ND\u00dc<\/h3>\n<p>Bohem stil, rahatl\u0131\u011f\u0131 ve \u00f6zg\u00fcrl\u00fc\u011f\u00fc simgeleyen yap\u0131s\u0131yla uzun y\u0131llard\u0131r moda d\u00fcnyas\u0131nda varl\u0131\u011f\u0131n\u0131 s\u00fcrd\u00fcr\u00fcyor. Ancak 2026\u2019da bu stil, t\u0131\u011f i\u015fi detaylarla daha g\u00fc\u00e7l\u00fc bir \u015fekilde geri d\u00f6n\u00fc\u015f yap\u0131yor.<\/p>\n<p><img loading=\"lazy\" decoding=\"async\" class=\"aligncenter size-full wp-image-316386\" src=\"https:\/\/www.tgrthaber.com\/mavikadin\/wp-content\/uploads\/2026\/05\/Bohem-3.png\" alt=\"\" width=\"1208\" height=\"680\" title=\"\" srcset=\"https:\/\/www.tgrthaber.com\/mavikadin\/wp-content\/uploads\/2026\/05\/Bohem-3.png 1208w, https:\/\/www.tgrthaber.com\/mavikadin\/wp-content\/uploads\/2026\/05\/Bohem-3-300x169.png 300w, https:\/\/www.tgrthaber.com\/mavikadin\/wp-content\/uploads\/2026\/05\/Bohem-3-1024x576.png 1024w, https:\/\/www.tgrthaber.com\/mavikadin\/wp-content\/uploads\/2026\/05\/Bohem-3-768x432.png 768w\" sizes=\"(max-width: 1208px) 100vw, 1208px\" \/><\/p>\n<hr \/>\n<p>\u00d6zellikle p\u00fcsk\u00fcll\u00fc h\u0131rkalar, ajurlu bluzlar, el yap\u0131m\u0131 \u00e7antalar ve renkli crop toplar, bohem esteti\u011fin modern yorumlar\u0131 olarak dikkat \u00e7ekiyor. Festival modas\u0131ndan g\u00fcnl\u00fck kombinlere kadar geni\u015f bir kullan\u0131m alan\u0131 sunan bu par\u00e7alar, hem konforlu hem de dikkat \u00e7ekici bir stil olu\u015fturmak isteyenlerin ilk tercihlerinden biri haline gelmi\u015f durumda.<\/p>\n<p><img loading=\"lazy\" decoding=\"async\" class=\"aligncenter size-full wp-image-316387\" src=\"https:\/\/www.tgrthaber.com\/mavikadin\/wp-content\/uploads\/2026\/05\/Bohem-4.png\" alt=\"\" width=\"1208\" height=\"680\" title=\"\" srcset=\"https:\/\/www.tgrthaber.com\/mavikadin\/wp-content\/uploads\/2026\/05\/Bohem-4.png 1208w, https:\/\/www.tgrthaber.com\/mavikadin\/wp-content\/uploads\/2026\/05\/Bohem-4-300x169.png 300w, https:\/\/www.tgrthaber.com\/mavikadin\/wp-content\/uploads\/2026\/05\/Bohem-4-1024x576.png 1024w, https:\/\/www.tgrthaber.com\/mavikadin\/wp-content\/uploads\/2026\/05\/Bohem-4-768x432.png 768w\" sizes=\"(max-width: 1208px) 100vw, 1208px\" \/><\/p>\n<hr \/>\n<h3>SOSYAL MEDYA TRENDLER\u0130 ETK\u0130L\u0130 OLUYOR<\/h3>\n<p>Bohem t\u0131\u011f i\u015fi par\u00e7alar\u0131n y\u00fckseli\u015finde sosyal medyan\u0131n etkisi yads\u0131namaz. \u00d6zellikle g\u00f6rsel odakl\u0131 platformlarda payla\u015f\u0131lan kombinler, bu trendin k\u0131sa s\u00fcrede geni\u015f kitlelere ula\u015fmas\u0131n\u0131 sa\u011flad\u0131. \u201cDo\u011fal g\u00f6r\u00fcn\u00fcm\u201d, \u201cel yap\u0131m\u0131 estetik\u201d ve \u201cretro dokunu\u015f\u201d gibi kavramlar, kullan\u0131c\u0131lar\u0131n ilgisini \u00e7ekerken, t\u0131\u011f i\u015fi \u00fcr\u00fcnler bu ak\u0131m\u0131n merkezinde yer ald\u0131.<\/p>\n<p><img loading=\"lazy\" decoding=\"async\" class=\"aligncenter size-full wp-image-316388\" src=\"https:\/\/www.tgrthaber.com\/mavikadin\/wp-content\/uploads\/2026\/05\/Bohem-5.png\" alt=\"\" width=\"1208\" height=\"680\" title=\"\" srcset=\"https:\/\/www.tgrthaber.com\/mavikadin\/wp-content\/uploads\/2026\/05\/Bohem-5.png 1208w, https:\/\/www.tgrthaber.com\/mavikadin\/wp-content\/uploads\/2026\/05\/Bohem-5-300x169.png 300w, https:\/\/www.tgrthaber.com\/mavikadin\/wp-content\/uploads\/2026\/05\/Bohem-5-1024x576.png 1024w, https:\/\/www.tgrthaber.com\/mavikadin\/wp-content\/uploads\/2026\/05\/Bohem-5-768x432.png 768w\" sizes=\"(max-width: 1208px) 100vw, 1208px\" \/><\/p>\n<hr \/>\n<p>Influencer\u2019lar\u0131n ve i\u00e7erik \u00fcreticilerinin s\u0131k\u00e7a tercih etti\u011fi bu par\u00e7alar, gen\u00e7 kitleler aras\u0131nda da h\u0131zla yayg\u0131nla\u015ft\u0131. B\u00f6ylece t\u0131\u011f i\u015fi, yaln\u0131zca nostaljik bir detay olmaktan \u00e7\u0131karak modern stilin \u00f6nemli bir par\u00e7as\u0131 haline geldi.<\/p>\n<h3>RENKLER VE DESENLERDE CESUR SE\u00c7\u0130MLER<\/h3>\n<p>2026 bohem t\u0131\u011f i\u015fi trendinde dikkat \u00e7eken bir di\u011fer unsur ise renk ve desen \u00e7e\u015fitlili\u011fi. Klasik krem ve bej tonlar\u0131n\u0131n yan\u0131 s\u0131ra turuncu, mor, ye\u015fil ve sar\u0131 gibi canl\u0131 renkler \u00f6n plana \u00e7\u0131k\u0131yor. \u00d6zellikle patchwork (par\u00e7a birle\u015fimi) ve granny square (kare motif) teknikleri, bu alanda en \u00e7ok tercih edilen tasar\u0131mlar aras\u0131nda yer al\u0131yor.<\/p>\n<p><img loading=\"lazy\" decoding=\"async\" class=\"aligncenter size-full wp-image-316389\" src=\"https:\/\/www.tgrthaber.com\/mavikadin\/wp-content\/uploads\/2026\/05\/Bohem-6.png\" alt=\"\" width=\"1208\" height=\"680\" title=\"\" srcset=\"https:\/\/www.tgrthaber.com\/mavikadin\/wp-content\/uploads\/2026\/05\/Bohem-6.png 1208w, https:\/\/www.tgrthaber.com\/mavikadin\/wp-content\/uploads\/2026\/05\/Bohem-6-300x169.png 300w, https:\/\/www.tgrthaber.com\/mavikadin\/wp-content\/uploads\/2026\/05\/Bohem-6-1024x576.png 1024w, https:\/\/www.tgrthaber.com\/mavikadin\/wp-content\/uploads\/2026\/05\/Bohem-6-768x432.png 768w\" sizes=\"(max-width: 1208px) 100vw, 1208px\" \/><\/p>\n<hr \/>\n<p>Farkl\u0131 renklerin bir arada kullan\u0131lmas\u0131, her par\u00e7aya enerjik ve \u00f6zg\u00fcn bir hava kat\u0131yor. Bu da kullan\u0131c\u0131lar\u0131n stilini daha ki\u015fisel bir \u015fekilde yans\u0131tmas\u0131na olanak tan\u0131yor.<\/p>\n<h3>YAZ VE KI\u015e KOMB\u0130NLER\u0130NDE \u00c7OK Y\u00d6NL\u00dc KULLANIM<\/h3>\n<p>Bohem t\u0131\u011f i\u015fi par\u00e7alar yaln\u0131zca yaz aylar\u0131yla s\u0131n\u0131rl\u0131 kalm\u0131yor. \u0130nce iplerle haz\u0131rlanan ajurlu \u00fcstler ve elbiseler yaz kombinlerinin vazge\u00e7ilmezi olurken, kal\u0131n iplerle \u00f6r\u00fclen h\u0131rka ve kazaklar k\u0131\u015f aylar\u0131nda da tercih ediliyor. Bu \u00e7ok y\u00f6nl\u00fc kullan\u0131m, t\u0131\u011f i\u015fi par\u00e7alar\u0131n gard\u0131roplarda kal\u0131c\u0131 bir yer edinmesini sa\u011fl\u0131yor. Ayn\u0131 zamanda farkl\u0131 stillerle kolayca uyum sa\u011flamas\u0131, bu trendin uzun s\u00fcre etkisini s\u00fcrd\u00fcrece\u011fine i\u015faret ediyor.<\/p>\n<p><img loading=\"lazy\" decoding=\"async\" class=\"aligncenter size-full wp-image-316390\" src=\"https:\/\/www.tgrthaber.com\/mavikadin\/wp-content\/uploads\/2026\/05\/Bohem-7.png\" alt=\"\" width=\"1208\" height=\"680\" title=\"\" srcset=\"https:\/\/www.tgrthaber.com\/mavikadin\/wp-content\/uploads\/2026\/05\/Bohem-7.png 1208w, https:\/\/www.tgrthaber.com\/mavikadin\/wp-content\/uploads\/2026\/05\/Bohem-7-300x169.png 300w, https:\/\/www.tgrthaber.com\/mavikadin\/wp-content\/uploads\/2026\/05\/Bohem-7-1024x576.png 1024w, https:\/\/www.tgrthaber.com\/mavikadin\/wp-content\/uploads\/2026\/05\/Bohem-7-768x432.png 768w\" sizes=\"(max-width: 1208px) 100vw, 1208px\" \/><\/p>\n<hr \/>\n<h3>MODA D\u00dcNYASINDA KALICI B\u0130R ETK\u0130<\/h3>\n<p>T\u00fcm bu geli\u015fmeler \u0131\u015f\u0131\u011f\u0131nda, bohem t\u0131\u011f i\u015fi par\u00e7alar\u0131n ge\u00e7ici bir trend olman\u0131n \u00f6tesine ge\u00e7ti\u011fi g\u00f6r\u00fcl\u00fcyor. Hem s\u00fcrd\u00fcr\u00fclebilir moda anlay\u0131\u015f\u0131na katk\u0131 sa\u011flamas\u0131 hem de estetik a\u00e7\u0131dan g\u00fc\u00e7l\u00fc bir duru\u015f sergilemesi, bu par\u00e7alar\u0131 2026\u2019n\u0131n en dikkat \u00e7eken moda unsurlar\u0131ndan biri haline getiriyor.<\/p>\n<p><img loading=\"lazy\" decoding=\"async\" class=\"aligncenter size-full wp-image-316391\" src=\"https:\/\/www.tgrthaber.com\/mavikadin\/wp-content\/uploads\/2026\/05\/Bohem-8.png\" alt=\"\" width=\"1208\" height=\"680\" title=\"\" srcset=\"https:\/\/www.tgrthaber.com\/mavikadin\/wp-content\/uploads\/2026\/05\/Bohem-8.png 1208w, https:\/\/www.tgrthaber.com\/mavikadin\/wp-content\/uploads\/2026\/05\/Bohem-8-300x169.png 300w, https:\/\/www.tgrthaber.com\/mavikadin\/wp-content\/uploads\/2026\/05\/Bohem-8-1024x576.png 1024w, https:\/\/www.tgrthaber.com\/mavikadin\/wp-content\/uploads\/2026\/05\/Bohem-8-768x432.png 768w\" sizes=\"(max-width: 1208px) 100vw, 1208px\" \/><\/p>\n<hr \/>\n<p>Gelecek sezonlarda da etkisini s\u00fcrd\u00fcrmesi beklenen bu ak\u0131m, modada bireyselli\u011fin ve el eme\u011finin de\u011ferini bir kez daha g\u00f6zler \u00f6n\u00fcne seriyor. Bohem t\u0131\u011f i\u015fi par\u00e7alar, yaln\u0131zca bir stil tercihi de\u011fil, ayn\u0131 zamanda bir ya\u015fam bi\u00e7iminin de yans\u0131mas\u0131 olarak \u00f6ne \u00e7\u0131k\u0131yor.<\/p>\n","protected":false},"excerpt":{"rendered":"<p>Son y\u0131llarda h\u0131zla de\u011fi\u015fen moda d\u00fcnyas\u0131, 2026 itibar\u0131yla rotas\u0131n\u0131 yeniden ge\u00e7mi\u015fin izlerine \u00e7eviriyor. \u00d6zellikle el eme\u011fini ve do\u011fall\u0131\u011f\u0131 \u00f6n plana \u00e7\u0131karan ak\u0131mlar\u0131n y\u00fckseli\u015fiyle birlikte bohem t\u0131\u011f i\u015fi par\u00e7alar yeniden trend listelerinin en \u00fcst s\u0131ralar\u0131nda yer al\u0131yor. Bir d\u00f6nem nostaljik bir detay olarak g\u00f6r\u00fclen bu par\u00e7alar, bug\u00fcn hem sokak modas\u0131nda hem de l\u00fcks koleksiyonlarda kendine g\u00fc\u00e7l\u00fc bir yer edinmi\u015f durumda.<\/p>\n","protected":false},"author":5,"featured_media":316392,"comment_status":"closed","ping_status":"closed","sticky":false,"template":"","format":"standard","meta":{"rank_math_lock_modified_date":false,"footnotes":""},"categories":[1797],"tags":[35539,74204,24835,19563],"class_list":["post-316384","post","type-post","status-publish","format-standard","has-post-thumbnail","hentry","category-orgu-hobi","tag-bohem","tag-bohem-tig-isi","tag-orgu-hobi","tag-tig-isi"],"_links":{"self":[{"href":"https:\/\/www.tgrthaber.com\/mavikadin\/wp-json\/wp\/v2\/posts\/316384"}],"collection":[{"href":"https:\/\/www.tgrthaber.com\/mavikadin\/wp-json\/wp\/v2\/posts"}],"about":[{"href":"https:\/\/www.tgrthaber.com\/mavikadin\/wp-json\/wp\/v2\/types\/post"}],"author":[{"embeddable":true,"href":"https:\/\/www.tgrthaber.com\/mavikadin\/wp-json\/wp\/v2\/users\/5"}],"replies":[{"embeddable":true,"href":"https:\/\/www.tgrthaber.com\/mavikadin\/wp-json\/wp\/v2\/comments?post=316384"}],"version-history":[{"count":2,"href":"https:\/\/www.tgrthaber.com\/mavikadin\/wp-json\/wp\/v2\/posts\/316384\/revisions"}],"predecessor-version":[{"id":316394,"href":"https:\/\/www.tgrthaber.com\/mavikadin\/wp-json\/wp\/v2\/posts\/316384\/revisions\/316394"}],"wp:featuredmedia":[{"embeddable":true,"href":"https:\/\/www.tgrthaber.com\/mavikadin\/wp-json\/wp\/v2\/media\/316392"}],"wp:attachment":[{"href":"https:\/\/www.tgrthaber.com\/mavikadin\/wp-json\/wp\/v2\/media?parent=316384"}],"wp:term":[{"taxonomy":"category","embeddable":true,"href":"https:\/\/www.tgrthaber.com\/mavikadin\/wp-json\/wp\/v2\/categories?post=316384"},{"taxonomy":"post_tag","embeddable":true,"href":"https:\/\/www.tgrthaber.com\/mavikadin\/wp-json\/wp\/v2\/tags?post=316384"}],"curies":[{"name":"wp","href":"https:\/\/api.w.org\/{rel}","templated":true}]}}