{"id":316417,"date":"2026-05-02T00:06:49","date_gmt":"2026-05-01T21:06:49","guid":{"rendered":"https:\/\/www.tgrthaber.com\/mavikadin\/?p=316417"},"modified":"2026-05-02T00:19:26","modified_gmt":"2026-05-01T21:19:26","slug":"kizilcik-serbeti-136-bolum-fragmani-yayinlandi-mi-kizilcik-serbetinde-basakin-konustugu-adam-cemonun-babasi-mi","status":"publish","type":"post","link":"https:\/\/www.tgrthaber.com\/mavikadin\/kizilcik-serbeti-136-bolum-fragmani-yayinlandi-mi-kizilcik-serbetinde-basakin-konustugu-adam-cemonun-babasi-mi\/","title":{"rendered":"K\u0131z\u0131lc\u0131k \u015eerbeti 136. B\u00f6l\u00fcm fragman\u0131 yay\u0131nland\u0131 m\u0131? K\u0131z\u0131lc\u0131k \u015eerbeti\u2019nde Ba\u015fak\u2019\u0131n konu\u015ftu\u011fu adam Cemo&#8217;nun babas\u0131 m\u0131?"},"content":{"rendered":"<p>K\u0131z\u0131lc\u0131k \u015eerbeti\u2019nin 135. b\u00f6l\u00fcm izleme detaylar\u0131 izleyicilerin g\u00fcndeminde yer almaya devam ediyor. Yeni b\u00f6l\u00fcm fragman\u0131n\u0131n yay\u0131nlan\u0131p yay\u0131nlanmad\u0131\u011f\u0131na dair merak s\u00fcrerken, diziyi ka\u00e7\u0131ran izleyiciler K\u0131z\u0131lc\u0131k \u015eerbeti 135. b\u00f6l\u00fcm\u00fc yeniden izlemek i\u00e7in ara\u015ft\u0131rma yap\u0131yor. Son b\u00f6l\u00fcmlerde ya\u015fanan olaylar karakterler aras\u0131ndaki dengeleri de\u011fi\u015ftirirken, hik\u00e2yedeki geli\u015fmeler sosyal medyada da yo\u011fun \u015fekilde konu\u015fuluyor. \u0130zleyiciler \u015fimdi yeni b\u00f6l\u00fcmde ya\u015fanacak s\u00fcrprizleri ve karakterlerin alaca\u011f\u0131 kararlar\u0131 merakla bekliyor. Peki, K\u0131z\u0131lc\u0131k \u015eerbeti 136. B\u00f6l\u00fcm fragman\u0131 yay\u0131nland\u0131 m\u0131? K\u0131z\u0131lc\u0131k \u015eerbeti\u2019nde Ba\u015fak\u2019\u0131n konu\u015ftu\u011fu adam kim?<\/p>\n<h3>KIZILCIK \u015eERBET\u0130 136. B\u00d6L\u00dcM FRAGMANI YAYINLANDI MI?<\/h3>\n<p>K\u0131z\u0131lc\u0131k \u015eerbeti 136. b\u00f6l\u00fcm fragman\u0131nda Ba\u015fak ve Fatih aras\u0131nda sular durulmuyor. Ba\u015fak&#8217;\u0131n ba\u015fka bir adamla g\u00f6ren Fatih tepkisini daha da art\u0131racak. Tayfun&#8217;un K\u0131v\u0131lc\u0131m&#8217;a yollad\u0131\u011f\u0131 hediye \u00d6mer ile aralar\u0131nda s\u0131k\u0131nt\u0131lar ya\u015famas\u0131na yol a\u00e7acak. \u00c7imen&#8217;in eski kocas\u0131 G\u00f6khan&#8217;\u0131n geri d\u00f6n\u00fc\u015f\u00fc kafalar\u0131 daha da kar\u0131\u015ft\u0131racak. Salk\u0131m&#8217;\u0131n k\u0131z\u0131 Elif hakk\u0131nda \u00e7\u0131kan s\u00f6ylemleri ortadan kald\u0131rmak i\u00e7in Fatih&#8217;e yakla\u015facak. Fatih ise Ba\u015fak ile aras\u0131ndaki evlili\u011fin ger\u00e7ek olmad\u0131\u011f\u0131n\u0131 \u00d6mer&#8217;e a\u00e7\u0131klayacak. Peki, Fatih ve Ba\u015fak bo\u015fanacak m\u0131? Ba\u015fak&#8217;\u0131n o\u011flu Cemo&#8217;nun babas\u0131 kim?<\/p>\n<p><img loading=\"lazy\" decoding=\"async\" class=\"alignnone wp-image-316425 size-full\" src=\"https:\/\/www.tgrthaber.com\/mavikadin\/wp-content\/uploads\/2026\/05\/kizilcik-serbeti-136-bolumfr-basak-ve-fatih-bosanacak-mi.jpg\" alt=\"\" width=\"1208\" height=\"680\" title=\"\" srcset=\"https:\/\/www.tgrthaber.com\/mavikadin\/wp-content\/uploads\/2026\/05\/kizilcik-serbeti-136-bolumfr-basak-ve-fatih-bosanacak-mi.jpg 1208w, https:\/\/www.tgrthaber.com\/mavikadin\/wp-content\/uploads\/2026\/05\/kizilcik-serbeti-136-bolumfr-basak-ve-fatih-bosanacak-mi-300x169.jpg 300w, https:\/\/www.tgrthaber.com\/mavikadin\/wp-content\/uploads\/2026\/05\/kizilcik-serbeti-136-bolumfr-basak-ve-fatih-bosanacak-mi-1024x576.jpg 1024w, https:\/\/www.tgrthaber.com\/mavikadin\/wp-content\/uploads\/2026\/05\/kizilcik-serbeti-136-bolumfr-basak-ve-fatih-bosanacak-mi-768x432.jpg 768w\" sizes=\"(max-width: 1208px) 100vw, 1208px\" \/><\/p>\n<hr \/>\n<h3>KIZILCIK \u015eERBET\u0130\u2019NDE BA\u015eAK\u2019IN KONU\u015eTU\u011eU ADAM K\u0130M?<\/h3>\n<p>Ba\u015fak\u2019\u0131n Fatih\u2019ten ve herkesten gizledi\u011fi o adamla bulu\u015fmas\u0131 izleyicide merak uyand\u0131rd\u0131. Fatih\u2019in Ba\u015fak\u2019\u0131 bir adamla g\u00f6zlerden uzak bir ada evinde bulmas\u0131 ikili aras\u0131nda neler ya\u015fanacak? Ba\u015fak\u2019\u0131n herkesten gizledi\u011fi o adam o\u011flu Cemo\u2019nun babas\u0131 m\u0131? Ba\u015fak\u2019\u0131n konu\u015ftu\u011fu ki\u015fi kim? \u0130zleyiciler t\u00fcm bu sorular\u0131n cevab\u0131n\u0131 merak ediyor.<\/p>\n<p><img loading=\"lazy\" decoding=\"async\" class=\"alignnone wp-image-316418 size-full\" src=\"https:\/\/www.tgrthaber.com\/mavikadin\/wp-content\/uploads\/2026\/05\/Adsiz-tasarim-32.jpg\" alt=\"\" width=\"1208\" height=\"680\" title=\"\" srcset=\"https:\/\/www.tgrthaber.com\/mavikadin\/wp-content\/uploads\/2026\/05\/Adsiz-tasarim-32.jpg 1208w, https:\/\/www.tgrthaber.com\/mavikadin\/wp-content\/uploads\/2026\/05\/Adsiz-tasarim-32-300x169.jpg 300w, https:\/\/www.tgrthaber.com\/mavikadin\/wp-content\/uploads\/2026\/05\/Adsiz-tasarim-32-1024x576.jpg 1024w, https:\/\/www.tgrthaber.com\/mavikadin\/wp-content\/uploads\/2026\/05\/Adsiz-tasarim-32-768x432.jpg 768w\" sizes=\"(max-width: 1208px) 100vw, 1208px\" \/><\/p>\n<hr \/>\n<h3>KIZILCIK \u015eERBET\u0130 135. B\u00d6L\u00dcMDE NELER OLDU?<\/h3>\n<p>\u0130lhamilerin evinde \u00e7\u0131kan yang\u0131n Asil\u2019in m\u00fcdahalesiyle can kayb\u0131 olmadan atlat\u0131lm\u0131\u015f ancak ev kullan\u0131lamaz hale gelmi\u015ftir. \u0130lhami ve Nursema birka\u00e7 g\u00fcn hastanede kald\u0131ktan sonra Abdullah evin m\u00fc\u015ftemilat\u0131na gelirler. Emir, i\u015f yerinde y\u00fckseldik\u00e7e Fatih\u2019le aras\u0131 iyice a\u00e7\u0131lmaktad\u0131r. \u00c7imen ve Ba\u015fak bu durumdan rahats\u0131z olup devreye girseler de ba\u015far\u0131l\u0131 olamazlar.<\/p>\n<p><img loading=\"lazy\" decoding=\"async\" class=\"alignnone wp-image-316419 size-full\" src=\"https:\/\/www.tgrthaber.com\/mavikadin\/wp-content\/uploads\/2026\/05\/Adsiz-tasarim-35.jpg\" alt=\"\" width=\"1208\" height=\"680\" title=\"\" srcset=\"https:\/\/www.tgrthaber.com\/mavikadin\/wp-content\/uploads\/2026\/05\/Adsiz-tasarim-35.jpg 1208w, https:\/\/www.tgrthaber.com\/mavikadin\/wp-content\/uploads\/2026\/05\/Adsiz-tasarim-35-300x169.jpg 300w, https:\/\/www.tgrthaber.com\/mavikadin\/wp-content\/uploads\/2026\/05\/Adsiz-tasarim-35-1024x576.jpg 1024w, https:\/\/www.tgrthaber.com\/mavikadin\/wp-content\/uploads\/2026\/05\/Adsiz-tasarim-35-768x432.jpg 768w\" sizes=\"(max-width: 1208px) 100vw, 1208px\" \/><\/p>\n<hr \/>\n<p>Elif\u2019in yak\u0131nla\u015fma \u00e7abalar\u0131ndan iyice rahats\u0131z olan Tuncay onunla a\u00e7\u0131k a\u00e7\u0131k konu\u015fmak zorunda kal\u0131r. Elif bu duruma \u00e7ok bozulacakt\u0131r. Tuncay yapmak istedi\u011fi bir yard\u0131m etkinli\u011fi i\u00e7in Asil ve K\u0131v\u0131lc\u0131m\u2019dan yard\u0131m ister. \u0130kisi de seve seve bu i\u015fe giri\u015fir. O\u011flu Abdullah\u2019\u0131n konu\u015fmamas\u0131n\u0131 dert eden Nilay, bu konuda kendine ak\u0131l veren Salk\u0131m ile yak\u0131nla\u015facakt\u0131r.<\/p>\n<p><img loading=\"lazy\" decoding=\"async\" class=\"alignnone wp-image-316420 size-full\" src=\"https:\/\/www.tgrthaber.com\/mavikadin\/wp-content\/uploads\/2026\/05\/Adsiz-tasarim-34.jpg\" alt=\"\" width=\"1208\" height=\"680\" title=\"\" srcset=\"https:\/\/www.tgrthaber.com\/mavikadin\/wp-content\/uploads\/2026\/05\/Adsiz-tasarim-34.jpg 1208w, https:\/\/www.tgrthaber.com\/mavikadin\/wp-content\/uploads\/2026\/05\/Adsiz-tasarim-34-300x169.jpg 300w, https:\/\/www.tgrthaber.com\/mavikadin\/wp-content\/uploads\/2026\/05\/Adsiz-tasarim-34-1024x576.jpg 1024w, https:\/\/www.tgrthaber.com\/mavikadin\/wp-content\/uploads\/2026\/05\/Adsiz-tasarim-34-768x432.jpg 768w\" sizes=\"(max-width: 1208px) 100vw, 1208px\" \/><\/p>\n<hr \/>\n<p>Ba\u015fak ve Fatih\u2019in aras\u0131 her ne kadar iyi g\u00f6r\u00fcnse de Ba\u015fak\u2019\u0131n, Cemo\u2019nun babas\u0131n\u0131n kimli\u011fini a\u00e7\u0131klamamas\u0131 Fatih i\u00e7in b\u00fcy\u00fck problemdir. Bu problemi \u00e7\u00f6zmek isteyen Fatih\u2019in yolu, ikisi i\u00e7in de b\u00fcy\u00fck bir \u00e7\u0131kmaza d\u00f6n\u00fc\u015fecektir.<\/p>\n","protected":false},"excerpt":{"rendered":"<p>Show TV ekranlar\u0131n\u0131n sevilen dizisi K\u0131z\u0131lc\u0131k \u015eerbeti yeni b\u00f6l\u00fcm\u00fcyle yine g\u00fcndemin \u00fcst s\u0131ralar\u0131nda yer al\u0131yor. K\u0131z\u0131lc\u0131k \u015eerbeti 136. b\u00f6l\u00fcm fragman\u0131n\u0131n yay\u0131nlan\u0131p yay\u0131nlanmad\u0131\u011f\u0131 izleyiciler taraf\u0131ndan merak edilirken, 135. b\u00f6l\u00fcm\u00fc ka\u00e7\u0131ran seyirciler de b\u00f6l\u00fcm\u00fc nereden izleyebileceklerini ara\u015ft\u0131r\u0131yor. Dizinin son b\u00f6l\u00fcm\u00fcnde ya\u015fanan geli\u015fmeler sosyal medyada geni\u015f yank\u0131 uyand\u0131r\u0131rken, yeni b\u00f6l\u00fcm beklentisi giderek art\u0131yor. K\u0131z\u0131lc\u0131k \u015eerbeti\u2019nde Ba\u015fak\u2019\u0131n herkesten saklad\u0131\u011f\u0131 o adam kim? <\/p>\n","protected":false},"author":10,"featured_media":316421,"comment_status":"closed","ping_status":"closed","sticky":false,"template":"","format":"standard","meta":{"rank_math_lock_modified_date":false,"footnotes":""},"categories":[602],"tags":[32159,2628,157,74209,74210,65872],"class_list":["post-316417","post","type-post","status-publish","format-standard","has-post-thumbnail","hentry","category-diziler","tag-dizi","tag-dizi-haberleri","tag-kizilcik-serbeti","tag-kizilcik-serbeti-135-bolum","tag-kizilcik-serbeti-136-bolum-fragman","tag-kizilcik-serbeti-basak"],"_links":{"self":[{"href":"https:\/\/www.tgrthaber.com\/mavikadin\/wp-json\/wp\/v2\/posts\/316417"}],"collection":[{"href":"https:\/\/www.tgrthaber.com\/mavikadin\/wp-json\/wp\/v2\/posts"}],"about":[{"href":"https:\/\/www.tgrthaber.com\/mavikadin\/wp-json\/wp\/v2\/types\/post"}],"author":[{"embeddable":true,"href":"https:\/\/www.tgrthaber.com\/mavikadin\/wp-json\/wp\/v2\/users\/10"}],"replies":[{"embeddable":true,"href":"https:\/\/www.tgrthaber.com\/mavikadin\/wp-json\/wp\/v2\/comments?post=316417"}],"version-history":[{"count":4,"href":"https:\/\/www.tgrthaber.com\/mavikadin\/wp-json\/wp\/v2\/posts\/316417\/revisions"}],"predecessor-version":[{"id":316426,"href":"https:\/\/www.tgrthaber.com\/mavikadin\/wp-json\/wp\/v2\/posts\/316417\/revisions\/316426"}],"wp:featuredmedia":[{"embeddable":true,"href":"https:\/\/www.tgrthaber.com\/mavikadin\/wp-json\/wp\/v2\/media\/316421"}],"wp:attachment":[{"href":"https:\/\/www.tgrthaber.com\/mavikadin\/wp-json\/wp\/v2\/media?parent=316417"}],"wp:term":[{"taxonomy":"category","embeddable":true,"href":"https:\/\/www.tgrthaber.com\/mavikadin\/wp-json\/wp\/v2\/categories?post=316417"},{"taxonomy":"post_tag","embeddable":true,"href":"https:\/\/www.tgrthaber.com\/mavikadin\/wp-json\/wp\/v2\/tags?post=316417"}],"curies":[{"name":"wp","href":"https:\/\/api.w.org\/{rel}","templated":true}]}}