{"id":316476,"date":"2026-05-02T14:23:10","date_gmt":"2026-05-02T11:23:10","guid":{"rendered":"https:\/\/www.tgrthaber.com\/mavikadin\/?p=316476"},"modified":"2026-05-02T14:23:10","modified_gmt":"2026-05-02T11:23:10","slug":"dugunumuz-var-dizisi-ne-zaman-yayinlanacak-dugunumuz-var-dizisi-hangi-kanalda","status":"publish","type":"post","link":"https:\/\/www.tgrthaber.com\/mavikadin\/dugunumuz-var-dizisi-ne-zaman-yayinlanacak-dugunumuz-var-dizisi-hangi-kanalda\/","title":{"rendered":"D\u00fc\u011f\u00fcn\u00fcm\u00fcz Var dizisi ne zaman yay\u0131nlanacak? D\u00fc\u011f\u00fcn\u00fcm\u00fcz Var dizisi hangi kanalda?"},"content":{"rendered":"<p>Yap\u0131mc\u0131l\u0131\u011f\u0131n\u0131 Polat Ya\u011fc\u0131\u2019n\u0131n \u00fcstlenece\u011fi D\u00fc\u011f\u00fcn\u00fcm\u00fcz Var adl\u0131 dizinin detaylar\u0131 merakla ara\u015ft\u0131r\u0131l\u0131yor. S\u0131cak bir aile komedisini ekranlara ta\u015f\u0131yacak olan D\u00fc\u011f\u00fcn\u00fcm\u00fcz Var dizisi i\u00e7in haz\u0131rl\u0131klar h\u0131z kesmeden devam ediyor. Poll Films taraf\u0131ndan haz\u0131rlanan iddial\u0131 proje son zamanlar\u0131n b\u00fcy\u00fck ses getiren dizileri aras\u0131nda yer al\u0131yor. Etkileyici hikayesi ve g\u00fc\u00e7l\u00fc oyuncu kadrosuyla dikkatleri \u00fczerine \u00e7eken D\u00fc\u011f\u00fcn\u00fcm\u00fcz Var dizisinin ne zaman yay\u0131nlanaca\u011f\u0131 da merak ediliyor. Haz\u0131rl\u0131klar\u0131na t\u00fcm h\u0131z\u0131yla devam edilen D\u00fc\u011f\u00fcn\u00fcm\u00fcz Var dizisinin hangi kanalda yer alaca\u011f\u0131 da ara\u015ft\u0131r\u0131l\u0131yor. Peki, D\u00fc\u011f\u00fcn\u00fcm\u00fcz Var dizisi ne zaman yay\u0131nlanacak? D\u00fc\u011f\u00fcn\u00fcm\u00fcz Var dizisi hangi kanalda? D\u00fc\u011f\u00fcn\u00fcm\u00fcz Var dizisi hakk\u0131nda merak edilenleri sizin i\u00e7in ara\u015ft\u0131rd\u0131k. \u0130\u015fte D\u00fc\u011f\u00fcn\u00fcm\u00fcz Var dizisine dair bilinmeyenler\u2026<\/p>\n<h3>D\u00dc\u011e\u00dcN\u00dcM\u00dcZ VAR D\u0130Z\u0130S\u0130 NE ZAMAN YAYINLANACAK?<\/h3>\n<p>Yap\u0131mc\u0131l\u0131\u011f\u0131n\u0131 Poll Films\u2019in, yap\u0131m\u0131n\u0131 ise Polat Ya\u011fc\u0131\u2019n\u0131n \u00fcstlendi\u011fi <a href=\"https:\/\/www.tgrthaber.com\/mavikadin\/girisimci-kadin-kredisine-basvurun-uygun-faiz-oranlarindan-ve-vade-seceneklerinden-yararlanin\/\">D\u00fc\u011f\u00fcn\u00fcm\u00fcz Var<\/a> dizisi, \u015fimdilerde seyirci taraf\u0131ndan b\u00fcy\u00fck bir merakla bekleniyor. Hen\u00fcz haz\u0131rl\u0131k a\u015famas\u0131nda olan iddial\u0131 proje, aile komedisi olarak izleyici kar\u015f\u0131s\u0131na \u00e7\u0131kmaya haz\u0131rlan\u0131yor. Son zamanlar\u0131n b\u00fcy\u00fck ses getiren dizi projeleri aras\u0131nda yer alan D\u00fc\u011f\u00fcn\u00fcm\u00fcz Var dizisine dair detaylar da ara\u015ft\u0131r\u0131l\u0131yor.<\/p>\n<p><img loading=\"lazy\" decoding=\"async\" class=\"size-full wp-image-316483\" src=\"https:\/\/www.tgrthaber.com\/mavikadin\/wp-content\/uploads\/2026\/05\/Adsiz-tasarim-16.jpg\" alt=\"D\u00fc\u011f\u00fcn\u00fcm\u00fcz Var dizisi ne zaman yay\u0131nlanacak? D\u00fc\u011f\u00fcn\u00fcm\u00fcz Var dizisi hangi kanalda?\" width=\"1208\" height=\"680\" title=\"\" srcset=\"https:\/\/www.tgrthaber.com\/mavikadin\/wp-content\/uploads\/2026\/05\/Adsiz-tasarim-16.jpg 1208w, https:\/\/www.tgrthaber.com\/mavikadin\/wp-content\/uploads\/2026\/05\/Adsiz-tasarim-16-300x169.jpg 300w, https:\/\/www.tgrthaber.com\/mavikadin\/wp-content\/uploads\/2026\/05\/Adsiz-tasarim-16-1024x576.jpg 1024w, https:\/\/www.tgrthaber.com\/mavikadin\/wp-content\/uploads\/2026\/05\/Adsiz-tasarim-16-768x432.jpg 768w\" sizes=\"(max-width: 1208px) 100vw, 1208px\" \/><\/p>\n<hr \/>\n<p>Haz\u0131rl\u0131klar\u0131na t\u00fcm h\u0131z\u0131yla devam edilen aile komedisi t\u00fcr\u00fcndeki D\u00fc\u011f\u00fcn\u00fcm\u00fcz Var dizisinin hen\u00fcz ne zaman yay\u0131nlanaca\u011f\u0131na dair kamuoyunda net ve resmi bir a\u00e7\u0131klama bulunmuyor. Haziran ay\u0131nda sete \u00e7\u0131kmas\u0131 beklenen D\u00fc\u011f\u00fcn\u00fcm\u00fcz Var dizisinin yeni sezonda izleyiciyle bulu\u015faca\u011f\u0131 d\u00fc\u015f\u00fcn\u00fcl\u00fcyor.<\/p>\n<p><img loading=\"lazy\" decoding=\"async\" class=\"size-full wp-image-316480\" src=\"https:\/\/www.tgrthaber.com\/mavikadin\/wp-content\/uploads\/2026\/05\/Dugunumuz-Var-dizi-5-1.jpg\" alt=\"D\u00fc\u011f\u00fcn\u00fcm\u00fcz Var dizisi ne zaman yay\u0131nlanacak? D\u00fc\u011f\u00fcn\u00fcm\u00fcz Var dizisi hangi kanalda?\" width=\"1208\" height=\"680\" title=\"\" srcset=\"https:\/\/www.tgrthaber.com\/mavikadin\/wp-content\/uploads\/2026\/05\/Dugunumuz-Var-dizi-5-1.jpg 1208w, https:\/\/www.tgrthaber.com\/mavikadin\/wp-content\/uploads\/2026\/05\/Dugunumuz-Var-dizi-5-1-300x169.jpg 300w, https:\/\/www.tgrthaber.com\/mavikadin\/wp-content\/uploads\/2026\/05\/Dugunumuz-Var-dizi-5-1-1024x576.jpg 1024w, https:\/\/www.tgrthaber.com\/mavikadin\/wp-content\/uploads\/2026\/05\/Dugunumuz-Var-dizi-5-1-768x432.jpg 768w\" sizes=\"(max-width: 1208px) 100vw, 1208px\" \/><\/p>\n<hr \/>\n<p>Senaryosunu Asl\u0131 Zengin ve Ece Yosmao\u011flu\u2019nun kaleme ald\u0131\u011f\u0131 D\u00fc\u011f\u00fcn\u00fcm\u00fcz Var dizisine dair \u00e7al\u0131\u015fmalar hen\u00fcz tamamlanmad\u0131. Aile ili\u015fkileri, d\u00fc\u011f\u00fcn haz\u0131rl\u0131klar\u0131 ve komediyi bir araya getirecek iddial\u0131 dizi, s\u0131cac\u0131k aile komedisiyle izleyiciyi ekran ba\u015f\u0131na kilitleyecek. Birbirinden ba\u015far\u0131l\u0131 bir\u00e7ok ismi ayn\u0131 projede birle\u015ftirecek olan D\u00fc\u011f\u00fcn\u00fcm\u00fcz Var dizisi, yeni sezonun reyting rekortmeni dizilerinden biri olacak.<\/p>\n<p><img loading=\"lazy\" decoding=\"async\" class=\"size-full wp-image-316479\" src=\"https:\/\/www.tgrthaber.com\/mavikadin\/wp-content\/uploads\/2026\/05\/Dugunumuz-Var-dizi-4-1.jpg\" alt=\"D\u00fc\u011f\u00fcn\u00fcm\u00fcz Var dizisi ne zaman yay\u0131nlanacak? D\u00fc\u011f\u00fcn\u00fcm\u00fcz Var dizisi hangi kanalda?\" width=\"1208\" height=\"680\" title=\"\" srcset=\"https:\/\/www.tgrthaber.com\/mavikadin\/wp-content\/uploads\/2026\/05\/Dugunumuz-Var-dizi-4-1.jpg 1208w, https:\/\/www.tgrthaber.com\/mavikadin\/wp-content\/uploads\/2026\/05\/Dugunumuz-Var-dizi-4-1-300x169.jpg 300w, https:\/\/www.tgrthaber.com\/mavikadin\/wp-content\/uploads\/2026\/05\/Dugunumuz-Var-dizi-4-1-1024x576.jpg 1024w, https:\/\/www.tgrthaber.com\/mavikadin\/wp-content\/uploads\/2026\/05\/Dugunumuz-Var-dizi-4-1-768x432.jpg 768w\" sizes=\"(max-width: 1208px) 100vw, 1208px\" \/><\/p>\n<hr \/>\n<h3>D\u00dc\u011e\u00dcN\u00dcM\u00dcZ VAR D\u0130Z\u0130S\u0130 HANG\u0130 KANALDA?<\/h3>\n<p>Poll Films taraf\u0131ndan haz\u0131rlanan ve Polat Ya\u011fc\u0131 imzas\u0131 ta\u015f\u0131yan<a href=\"https:\/\/www.tgrthaber.com\/mavikadin\/girisimci-kadin-kredisine-basvurun-uygun-faiz-oranlarindan-ve-vade-seceneklerinden-yararlanin\/\"> D\u00fc\u011f\u00fcn\u00fcm\u00fcz Var<\/a> dizisi, etkileyici hikayesi ve g\u00fc\u00e7l\u00fc oyuncu kadrosuyla dikkatleri \u00fczerine \u00e7ekiyor. Poll Films\u2019in patronu Polat Ya\u011fc\u0131, bir\u00e7ok ba\u015far\u0131l\u0131 film projesinin ard\u0131ndan yepyeni bir dizi \u00e7al\u0131\u015fmas\u0131yla televizyon ekranlar\u0131nda b\u00fcy\u00fck ses getirmeye geliyor. Televizyon ekranlar\u0131na \u00e7ekece\u011fi D\u00fc\u011f\u00fcn\u00fcm\u00fcz Var dizisiyle ad\u0131ndan s\u00f6z ettiren Ya\u011fc\u0131, bir aile komedisini seyirciyle bulu\u015fturmaya haz\u0131rlan\u0131yor.<\/p>\n<p><img loading=\"lazy\" decoding=\"async\" class=\"size-full wp-image-316482\" src=\"https:\/\/www.tgrthaber.com\/mavikadin\/wp-content\/uploads\/2026\/05\/Dugunumuz-Var-dizi-1-1.jpg\" alt=\"D\u00fc\u011f\u00fcn\u00fcm\u00fcz Var dizisi ne zaman yay\u0131nlanacak? D\u00fc\u011f\u00fcn\u00fcm\u00fcz Var dizisi hangi kanalda?\" width=\"1208\" height=\"680\" title=\"\" srcset=\"https:\/\/www.tgrthaber.com\/mavikadin\/wp-content\/uploads\/2026\/05\/Dugunumuz-Var-dizi-1-1.jpg 1208w, https:\/\/www.tgrthaber.com\/mavikadin\/wp-content\/uploads\/2026\/05\/Dugunumuz-Var-dizi-1-1-300x169.jpg 300w, https:\/\/www.tgrthaber.com\/mavikadin\/wp-content\/uploads\/2026\/05\/Dugunumuz-Var-dizi-1-1-1024x576.jpg 1024w, https:\/\/www.tgrthaber.com\/mavikadin\/wp-content\/uploads\/2026\/05\/Dugunumuz-Var-dizi-1-1-768x432.jpg 768w\" sizes=\"(max-width: 1208px) 100vw, 1208px\" \/><\/p>\n<hr \/>\n<p>Aile komedisi t\u00fcr\u00fcnde izleyici kar\u015f\u0131s\u0131na \u00e7\u0131kacak D\u00fc\u011f\u00fcn\u00fcm\u00fcz Var dizisi i\u00e7in y\u0131ld\u0131z isimlerin yer ald\u0131\u011f\u0131 bir kadro olu\u015fturuluyor. Oyuncu g\u00f6r\u00fc\u015fmeleri devam eden ve hen\u00fcz haz\u0131rl\u0131k a\u015famas\u0131nda olan D\u00fc\u011f\u00fcn\u00fcm\u00fcz Var dizisinin y\u00f6netmen koltu\u011funda Mustafa Kotan oturuyor.<\/p>\n<p>Birbirinden \u00fcnl\u00fc 26 fla\u015f ismi bulu\u015fturacak olan D\u00fc\u011f\u00fcn\u00fcm\u00fcz Var dizisinin oyuncu ekibi son d\u00f6nemin en renkli kadrosu olarak da dikkat \u00e7ekiyor. Y\u0131ld\u0131z oyunculardan olu\u015fan ve g\u00fc\u00e7l\u00fc kadrosuyla b\u00fcy\u00fck ses getirecek olan D\u00fc\u011f\u00fcn\u00fcm\u00fcz Var dizisinin oyuncular\u0131 aras\u0131nda Binnur Kaya, \u015eevval Sam, Eda Ece ve Yasemin Ergene yer al\u0131yor.<\/p>\n","protected":false},"excerpt":{"rendered":"<p>Yeni sezonun iddial\u0131 dizi projeleri aras\u0131nda yer alacak D\u00fc\u011f\u00fcn\u00fcm\u00fcz Var dizisi b\u00fcy\u00fck bir heyecanla bekleniyor. Etkileyici konusu ve g\u00fc\u00e7l\u00fc oyuncu kadrosuyla \u015fimdiden b\u00fcy\u00fck ses getiren D\u00fc\u011f\u00fcn\u00fcm\u00fcz var dizisinin ne zaman yay\u0131nlanaca\u011f\u0131 ara\u015ft\u0131r\u0131l\u0131yor. Haz\u0131rl\u0131klar\u0131na t\u00fcm h\u0131z\u0131yla devam edilen D\u00fc\u011f\u00fcn\u00fcm\u00fcz Var dizisinin hangi kanalda yer alaca\u011f\u0131 da merak ediliyor. Peki, D\u00fc\u011f\u00fcn\u00fcm\u00fcz Var dizisi ne zaman yay\u0131nlanacak? D\u00fc\u011f\u00fcn\u00fcm\u00fcz Var dizisi hangi kanalda? \u0130\u015fte detaylar\u2026<\/p>\n","protected":false},"author":26,"featured_media":316481,"comment_status":"closed","ping_status":"closed","sticky":false,"template":"","format":"standard","meta":{"rank_math_lock_modified_date":false,"footnotes":""},"categories":[602],"tags":[32159,2628,3602,74217,74216,74220,74219],"class_list":["post-316476","post","type-post","status-publish","format-standard","has-post-thumbnail","hentry","category-diziler","tag-dizi","tag-dizi-haberleri","tag-diziler","tag-dugunumuz-var","tag-dugunumuz-var-dizisi","tag-dugunumuz-var-hangi-kanalda","tag-dugunumuz-var-ne-zaman-yayinlanacak"],"_links":{"self":[{"href":"https:\/\/www.tgrthaber.com\/mavikadin\/wp-json\/wp\/v2\/posts\/316476"}],"collection":[{"href":"https:\/\/www.tgrthaber.com\/mavikadin\/wp-json\/wp\/v2\/posts"}],"about":[{"href":"https:\/\/www.tgrthaber.com\/mavikadin\/wp-json\/wp\/v2\/types\/post"}],"author":[{"embeddable":true,"href":"https:\/\/www.tgrthaber.com\/mavikadin\/wp-json\/wp\/v2\/users\/26"}],"replies":[{"embeddable":true,"href":"https:\/\/www.tgrthaber.com\/mavikadin\/wp-json\/wp\/v2\/comments?post=316476"}],"version-history":[{"count":1,"href":"https:\/\/www.tgrthaber.com\/mavikadin\/wp-json\/wp\/v2\/posts\/316476\/revisions"}],"predecessor-version":[{"id":316484,"href":"https:\/\/www.tgrthaber.com\/mavikadin\/wp-json\/wp\/v2\/posts\/316476\/revisions\/316484"}],"wp:featuredmedia":[{"embeddable":true,"href":"https:\/\/www.tgrthaber.com\/mavikadin\/wp-json\/wp\/v2\/media\/316481"}],"wp:attachment":[{"href":"https:\/\/www.tgrthaber.com\/mavikadin\/wp-json\/wp\/v2\/media?parent=316476"}],"wp:term":[{"taxonomy":"category","embeddable":true,"href":"https:\/\/www.tgrthaber.com\/mavikadin\/wp-json\/wp\/v2\/categories?post=316476"},{"taxonomy":"post_tag","embeddable":true,"href":"https:\/\/www.tgrthaber.com\/mavikadin\/wp-json\/wp\/v2\/tags?post=316476"}],"curies":[{"name":"wp","href":"https:\/\/api.w.org\/{rel}","templated":true}]}}