{"id":316515,"date":"2026-05-03T11:50:47","date_gmt":"2026-05-03T08:50:47","guid":{"rendered":"https:\/\/www.tgrthaber.com\/mavikadin\/?p=316515"},"modified":"2026-05-03T11:50:47","modified_gmt":"2026-05-03T08:50:47","slug":"igne-isi-oyayla-ceyizlik-tulbent-modelleri-2026","status":"publish","type":"post","link":"https:\/\/www.tgrthaber.com\/mavikadin\/igne-isi-oyayla-ceyizlik-tulbent-modelleri-2026\/","title":{"rendered":"\u0130\u011fne i\u015fi oyayla \u00e7eyizlik t\u00fclbent modelleri 2026"},"content":{"rendered":"<p>Geleneksel el i\u015f\u00e7ili\u011finin en zarif \u00f6rneklerinden biri olan i\u011fne oyas\u0131, 2026 y\u0131l\u0131nda \u00e7eyiz k\u00fclt\u00fcr\u00fcnde yeniden g\u00fc\u00e7l\u00fc bir \u015fekilde \u00f6ne \u00e7\u0131k\u0131yor. \u00d6zellikle <a href=\"https:\/\/www.tgrthaber.com\/mavikadin\/bohem-tig-isi-parcalar-2026-modasinda-yeniden-zirvede\/\">t\u00fclbent<\/a> kenarlar\u0131nda kullan\u0131lan ince i\u015f\u00e7ilikli modeller, hem nostaljik bir de\u011fer ta\u015f\u0131yor hem de modern tasar\u0131mlarla birle\u015ferek yeni bir estetik anlay\u0131\u015f sunuyor. El eme\u011fi g\u00f6z nuru \u00fcr\u00fcnlere olan ilginin artmas\u0131yla birlikte i\u011fne oyas\u0131 t\u00fclbentler, \u00e7eyizlerin yan\u0131 s\u0131ra g\u00fcnl\u00fck ya\u015fam\u0131n da dikkat \u00e7eken par\u00e7alar\u0131 oluyor.<\/p>\n<h3>\u0130\u011eNE \u0130\u015e\u0130 OYAYLA \u00c7EY\u0130ZL\u0130K T\u00dcLBENT MODELLER\u0130<\/h3>\n<p>\u0130\u011fne oyas\u0131, Anadolu k\u00fclt\u00fcr\u00fcnde y\u00fczy\u0131llard\u0131r varl\u0131\u011f\u0131n\u0131 s\u00fcrd\u00fcren en \u00f6nemli el sanatlar\u0131ndan biri olarak biliniyor. \u00d6zellikle \u00e7eyizlik \u00fcr\u00fcnlerde kullan\u0131lan <a href=\"https:\/\/www.tgrthaber.com\/mavikadin\/tig-isi-sevenlerin-en-cok-yaptigi-orgu-modelleri-2026\/\">t\u00fclbentler<\/a>, bu sanat\u0131n en ince detaylar\u0131n\u0131 yans\u0131tan par\u00e7alar aras\u0131nda yer al\u0131yor. 2026 trendlerinde ise klasik motiflerin yan\u0131 s\u0131ra daha modern \u00e7izgiler dikkat \u00e7ekiyor. \u00c7i\u00e7ek desenlerinin minimalist yorumlar\u0131, pastel tonlarla birle\u015fen zarif kenar s\u00fcslemeleri ve ince ipliklerle olu\u015fturulan geometrik desenler bu y\u0131l\u0131n \u00f6ne \u00e7\u0131kan modelleri aras\u0131nda bulunuyor.<\/p>\n<p><img loading=\"lazy\" decoding=\"async\" class=\"aligncenter size-full wp-image-316516\" src=\"https:\/\/www.tgrthaber.com\/mavikadin\/wp-content\/uploads\/2026\/05\/tulbent-1.png\" alt=\"\" width=\"1208\" height=\"680\" title=\"\" srcset=\"https:\/\/www.tgrthaber.com\/mavikadin\/wp-content\/uploads\/2026\/05\/tulbent-1.png 1208w, https:\/\/www.tgrthaber.com\/mavikadin\/wp-content\/uploads\/2026\/05\/tulbent-1-300x169.png 300w, https:\/\/www.tgrthaber.com\/mavikadin\/wp-content\/uploads\/2026\/05\/tulbent-1-1024x576.png 1024w, https:\/\/www.tgrthaber.com\/mavikadin\/wp-content\/uploads\/2026\/05\/tulbent-1-768x432.png 768w\" sizes=\"(max-width: 1208px) 100vw, 1208px\" \/><\/p>\n<hr \/>\n<p>Geleneksel motifler tamamen terk edilmiyor; aksine modern dokunu\u015flarla yeniden yorumlan\u0131yor. Bu da i\u011fne oyas\u0131n\u0131n hem ge\u00e7mi\u015fi ya\u015fatmas\u0131n\u0131 hem de g\u00fcn\u00fcm\u00fcz estetik anlay\u0131\u015f\u0131na uyum sa\u011flamas\u0131n\u0131 m\u00fcmk\u00fcn k\u0131l\u0131yor.<\/p>\n<h3>\u00c7EY\u0130ZL\u0130K T\u00dcLBENTLERDE RENK VE MODEL \u00c7E\u015e\u0130TL\u0130L\u0130\u011e\u0130<\/h3>\n<p>2026 y\u0131l\u0131nda \u00e7eyizlik t\u00fclbent modellerinde renk skalas\u0131 olduk\u00e7a geni\u015flemi\u015f durumda. Klasik beyaz ve krem tonlar\u0131n\u0131n yan\u0131 s\u0131ra, a\u00e7\u0131k lila, pudra pembesi, mint ye\u015fili ve bebek mavisi gibi yumu\u015fak renkler de s\u0131k\u00e7a tercih ediliyor. \u00d6zellikle gen\u00e7 gelin adaylar\u0131, \u00e7eyizlerinde daha modern ve renkli tasar\u0131mlara y\u00f6neliyor.<\/p>\n<p><img loading=\"lazy\" decoding=\"async\" class=\"aligncenter size-full wp-image-316517\" src=\"https:\/\/www.tgrthaber.com\/mavikadin\/wp-content\/uploads\/2026\/05\/tulbent-2.png\" alt=\"\" width=\"1208\" height=\"680\" title=\"\" srcset=\"https:\/\/www.tgrthaber.com\/mavikadin\/wp-content\/uploads\/2026\/05\/tulbent-2.png 1208w, https:\/\/www.tgrthaber.com\/mavikadin\/wp-content\/uploads\/2026\/05\/tulbent-2-300x169.png 300w, https:\/\/www.tgrthaber.com\/mavikadin\/wp-content\/uploads\/2026\/05\/tulbent-2-1024x576.png 1024w, https:\/\/www.tgrthaber.com\/mavikadin\/wp-content\/uploads\/2026\/05\/tulbent-2-768x432.png 768w\" sizes=\"(max-width: 1208px) 100vw, 1208px\" \/><\/p>\n<hr \/>\n<p>Model a\u00e7\u0131s\u0131ndan bak\u0131ld\u0131\u011f\u0131nda ise en \u00e7ok tercih edilenler aras\u0131nda zarif \u00e7i\u00e7ek motifli kenar oyalar\u0131, boncuk detayl\u0131 i\u011fne oyalar\u0131 ve katmanl\u0131 t\u00fclbent s\u00fcslemeleri \u00f6ne \u00e7\u0131k\u0131yor. Bu modeller, hem sade hem de g\u00f6steri\u015fli \u00e7eyiz setleri olu\u015fturmak isteyenler i\u00e7in geni\u015f bir se\u00e7enek sunuyor.<\/p>\n<h3>EL EME\u011e\u0130NE OLAN \u0130LG\u0130 YEN\u0130DEN ARTIYOR<\/h3>\n<p>Son y\u0131llarda haz\u0131r \u00fcr\u00fcnlerin yayg\u0131nla\u015fmas\u0131na ra\u011fmen el eme\u011fi \u00fcr\u00fcnlere olan ilginin yeniden artmas\u0131 dikkat \u00e7ekiyor. \u00d6zellikle i\u011fne oyas\u0131 gibi sab\u0131r ve ustal\u0131k gerektiren el sanatlar\u0131, de\u011ferini korumaya devam ediyor. \u00c7eyizlik t\u00fclbentler ise bu ilginin en g\u00fc\u00e7l\u00fc temsilcilerinden biri olarak \u00f6ne \u00e7\u0131k\u0131yor.<\/p>\n<p><img loading=\"lazy\" decoding=\"async\" class=\"aligncenter size-full wp-image-316518\" src=\"https:\/\/www.tgrthaber.com\/mavikadin\/wp-content\/uploads\/2026\/05\/tulbent-4.png\" alt=\"\" width=\"1208\" height=\"680\" title=\"\" srcset=\"https:\/\/www.tgrthaber.com\/mavikadin\/wp-content\/uploads\/2026\/05\/tulbent-4.png 1208w, https:\/\/www.tgrthaber.com\/mavikadin\/wp-content\/uploads\/2026\/05\/tulbent-4-300x169.png 300w, https:\/\/www.tgrthaber.com\/mavikadin\/wp-content\/uploads\/2026\/05\/tulbent-4-1024x576.png 1024w, https:\/\/www.tgrthaber.com\/mavikadin\/wp-content\/uploads\/2026\/05\/tulbent-4-768x432.png 768w\" sizes=\"(max-width: 1208px) 100vw, 1208px\" \/><\/p>\n<hr \/>\n<p>Uzmanlar, bu art\u0131\u015f\u0131n en \u00f6nemli nedenlerinden birinin \u201c\u00f6zg\u00fcnl\u00fck aray\u0131\u015f\u0131\u201d oldu\u011funu belirtiyor. Seri \u00fcretim \u00fcr\u00fcnlerin aksine, i\u011fne oyas\u0131 t\u00fclbentler tamamen ki\u015fiye \u00f6zel haz\u0131rlanabiliyor. Bu da her par\u00e7ay\u0131 benzersiz k\u0131l\u0131yor ve \u00e7eyiz k\u00fclt\u00fcr\u00fcne duygusal bir de\u011fer kat\u0131yor.<\/p>\n<h3>SOSYAL MEDYANIN ETK\u0130S\u0130 VE YEN\u0130 TASARIM AKIMLARI<\/h3>\n<p>\u0130\u011fne oyas\u0131 t\u00fclbent modellerinin yeniden pop\u00fclerle\u015fmesinde sosyal medyan\u0131n da b\u00fcy\u00fck bir etkisi bulunuyor. El i\u015fi \u00fcreticileri, tasar\u0131mlar\u0131n\u0131 dijital platformlarda payla\u015farak geni\u015f kitlelere ula\u015ft\u0131r\u0131yor. Bu durum hem yeni tasar\u0131m trendlerinin olu\u015fmas\u0131n\u0131 sa\u011fl\u0131yor hem de gen\u00e7 neslin bu geleneksel sanata ilgisini art\u0131r\u0131yor.<\/p>\n<p><img loading=\"lazy\" decoding=\"async\" class=\"aligncenter size-full wp-image-316519\" src=\"https:\/\/www.tgrthaber.com\/mavikadin\/wp-content\/uploads\/2026\/05\/tulbent-5.png\" alt=\"\" width=\"1208\" height=\"680\" title=\"\" srcset=\"https:\/\/www.tgrthaber.com\/mavikadin\/wp-content\/uploads\/2026\/05\/tulbent-5.png 1208w, https:\/\/www.tgrthaber.com\/mavikadin\/wp-content\/uploads\/2026\/05\/tulbent-5-300x169.png 300w, https:\/\/www.tgrthaber.com\/mavikadin\/wp-content\/uploads\/2026\/05\/tulbent-5-1024x576.png 1024w, https:\/\/www.tgrthaber.com\/mavikadin\/wp-content\/uploads\/2026\/05\/tulbent-5-768x432.png 768w\" sizes=\"(max-width: 1208px) 100vw, 1208px\" \/><\/p>\n<hr \/>\n<p>2026 y\u0131l\u0131nda \u00f6zellikle \u201cminimal i\u011fne oyas\u0131\u201d ak\u0131m\u0131 dikkat \u00e7ekiyor. Daha sade, ince ve modern \u00e7izgilere sahip modeller, gen\u00e7 kullan\u0131c\u0131lar taraf\u0131ndan yo\u011fun ilgi g\u00f6r\u00fcyor. Bunun yan\u0131nda g\u00f6steri\u015fli ve detayl\u0131 modeller de \u00f6zel g\u00fcnler i\u00e7in tercih edilmeye devam ediyor.<\/p>\n<h3>\u00c7EY\u0130Z K\u00dcLT\u00dcR\u00dcNDE KALICI B\u0130R DE\u011eER<\/h3>\n<p>\u0130\u011fne oyas\u0131yla haz\u0131rlanan t\u00fclbentler, yaln\u0131zca bir aksesuar de\u011fil ayn\u0131 zamanda k\u00fclt\u00fcrel bir miras olarak da de\u011ferlendiriliyor. Her bir motif, ustas\u0131n\u0131n eme\u011fini ve sabr\u0131n\u0131 yans\u0131t\u0131rken, ayn\u0131 zamanda ge\u00e7mi\u015ften bug\u00fcne aktar\u0131lan bir gelene\u011fi temsil ediyor.<\/p>\n<p><img loading=\"lazy\" decoding=\"async\" class=\"aligncenter size-full wp-image-316520\" src=\"https:\/\/www.tgrthaber.com\/mavikadin\/wp-content\/uploads\/2026\/05\/tulbent-6.png\" alt=\"\" width=\"1208\" height=\"680\" title=\"\" srcset=\"https:\/\/www.tgrthaber.com\/mavikadin\/wp-content\/uploads\/2026\/05\/tulbent-6.png 1208w, https:\/\/www.tgrthaber.com\/mavikadin\/wp-content\/uploads\/2026\/05\/tulbent-6-300x169.png 300w, https:\/\/www.tgrthaber.com\/mavikadin\/wp-content\/uploads\/2026\/05\/tulbent-6-1024x576.png 1024w, https:\/\/www.tgrthaber.com\/mavikadin\/wp-content\/uploads\/2026\/05\/tulbent-6-768x432.png 768w\" sizes=\"(max-width: 1208px) 100vw, 1208px\" \/><\/p>\n<hr \/>\n<p>2026 trendleri g\u00f6steriyor ki i\u011fne oyas\u0131 t\u00fclbentler, \u00e7eyiz k\u00fclt\u00fcr\u00fcn\u00fcn vazge\u00e7ilmez par\u00e7alar\u0131ndan biri olmaya devam edecek. Modern tasar\u0131m anlay\u0131\u015f\u0131yla birle\u015fen bu geleneksel sanat, hem T\u00fcrkiye\u2019de hem de uluslararas\u0131 alanda ilgi g\u00f6rmeyi s\u00fcrd\u00fcr\u00fcyor.<\/p>\n","protected":false},"excerpt":{"rendered":"<p>Geleneksel el i\u015f\u00e7ili\u011finin en zarif temsilcilerinden biri olan i\u011fne oyas\u0131, 2026 y\u0131l\u0131nda \u00e7eyiz k\u00fclt\u00fcr\u00fcnde yeniden g\u00fc\u00e7l\u00fc bir y\u00fckseli\u015f ya\u015f\u0131yor. \u00d6zellikle t\u00fclbent kenarlar\u0131nda kullan\u0131lan ince i\u015f\u00e7ilikli modeller, hem ge\u00e7mi\u015fin nostaljik izlerini ta\u015f\u0131yor hem de modern tasar\u0131m anlay\u0131\u015f\u0131yla birle\u015ferek yeni bir estetik dil olu\u015fturuyor. El eme\u011fi g\u00f6z nuru \u00fcr\u00fcnlere y\u00f6nelik artan ilgi, i\u011fne oyas\u0131 t\u00fclbentleri yaln\u0131zca \u00e7eyiz sand\u0131klar\u0131n\u0131n vazge\u00e7ilmez bir par\u00e7as\u0131 olmaktan \u00e7\u0131kararak g\u00fcnl\u00fck ya\u015famda da daha g\u00f6r\u00fcn\u00fcr hale getiriyor.<\/p>\n","protected":false},"author":5,"featured_media":316521,"comment_status":"closed","ping_status":"closed","sticky":false,"template":"","format":"standard","meta":{"rank_math_lock_modified_date":false,"footnotes":""},"categories":[1797],"tags":[24835,74226,74225,74227],"class_list":["post-316515","post","type-post","status-publish","format-standard","has-post-thumbnail","hentry","category-orgu-hobi","tag-orgu-hobi","tag-tig-isi-tulbent-kenari","tag-tulbent","tag-tulbent-modelleri-2026"],"_links":{"self":[{"href":"https:\/\/www.tgrthaber.com\/mavikadin\/wp-json\/wp\/v2\/posts\/316515"}],"collection":[{"href":"https:\/\/www.tgrthaber.com\/mavikadin\/wp-json\/wp\/v2\/posts"}],"about":[{"href":"https:\/\/www.tgrthaber.com\/mavikadin\/wp-json\/wp\/v2\/types\/post"}],"author":[{"embeddable":true,"href":"https:\/\/www.tgrthaber.com\/mavikadin\/wp-json\/wp\/v2\/users\/5"}],"replies":[{"embeddable":true,"href":"https:\/\/www.tgrthaber.com\/mavikadin\/wp-json\/wp\/v2\/comments?post=316515"}],"version-history":[{"count":2,"href":"https:\/\/www.tgrthaber.com\/mavikadin\/wp-json\/wp\/v2\/posts\/316515\/revisions"}],"predecessor-version":[{"id":316523,"href":"https:\/\/www.tgrthaber.com\/mavikadin\/wp-json\/wp\/v2\/posts\/316515\/revisions\/316523"}],"wp:featuredmedia":[{"embeddable":true,"href":"https:\/\/www.tgrthaber.com\/mavikadin\/wp-json\/wp\/v2\/media\/316521"}],"wp:attachment":[{"href":"https:\/\/www.tgrthaber.com\/mavikadin\/wp-json\/wp\/v2\/media?parent=316515"}],"wp:term":[{"taxonomy":"category","embeddable":true,"href":"https:\/\/www.tgrthaber.com\/mavikadin\/wp-json\/wp\/v2\/categories?post=316515"},{"taxonomy":"post_tag","embeddable":true,"href":"https:\/\/www.tgrthaber.com\/mavikadin\/wp-json\/wp\/v2\/tags?post=316515"}],"curies":[{"name":"wp","href":"https:\/\/api.w.org\/{rel}","templated":true}]}}