{"id":316525,"date":"2026-05-03T12:40:10","date_gmt":"2026-05-03T09:40:10","guid":{"rendered":"https:\/\/www.tgrthaber.com\/mavikadin\/?p=316525"},"modified":"2026-05-03T12:41:31","modified_gmt":"2026-05-03T09:41:31","slug":"cilt-alt-tonuna-uygun-sac-rengi-belirleme-kusursuz-gorunmenin-sirri","status":"publish","type":"post","link":"https:\/\/www.tgrthaber.com\/mavikadin\/cilt-alt-tonuna-uygun-sac-rengi-belirleme-kusursuz-gorunmenin-sirri\/","title":{"rendered":"Cilt alt tonuna uygun sa\u00e7 rengi belirleme! Kusursuz g\u00f6r\u00fcnmenin s\u0131rr\u0131"},"content":{"rendered":"<p>G\u00fczellik d\u00fcnyas\u0131nda son y\u0131llarda \u00f6ne \u00e7\u0131kan en dikkat \u00e7ekici trendlerden biri, sa\u00e7 renginin art\u0131k yaln\u0131zca moda ak\u0131mlar\u0131na ya da ki\u015fisel be\u011fenilere g\u00f6re de\u011fil, cilt alt tonuna uygun \u015fekilde belirlenmesi oldu. Uzmanlar, do\u011fru <a href=\"http:\/\/sa\u00e7 rengi\" target=\"_blank\">sa\u00e7 rengi<\/a> se\u00e7iminin y\u00fcz hatlar\u0131n\u0131 daha belirgin hale getirdi\u011fini, cilde ise daha sa\u011fl\u0131kl\u0131, canl\u0131 ve dengeli bir g\u00f6r\u00fcn\u00fcm kazand\u0131rd\u0131\u011f\u0131n\u0131 vurguluyor. Buna kar\u015f\u0131l\u0131k, cilt alt tonuyla uyumsuz renk tercihleri ki\u015finin daha solgun, yorgun ve ifadesiz g\u00f6r\u00fcnmesine yol a\u00e7abiliyor.<\/p>\n<h3>C\u0130LT ALT TONUNA UYGUN SA\u00c7 RENG\u0130 BEL\u0130RLEME<\/h3>\n<p>Cilt alt tonu, ki\u015finin ten renginin alt\u0131nda yatan ve de\u011fi\u015fmeyen do\u011fal pigment yap\u0131s\u0131n\u0131 ifade eder. Bronzla\u015fma ya da mevsimsel renk de\u011fi\u015fimleri cilt tonunu etkilerken, alt ton sabit kal\u0131r. Bu nedenle <a href=\"https:\/\/www.tgrthaber.com\/mavikadin\/kizil-bakiri-sac-rengi-nasil-yapilir-kizil-bakir-ve-kizil-kahve-sac-modelleri-2025\/\">sa\u00e7 rengi<\/a> se\u00e7iminde en kritik belirleyici unsurlardan biridir.<\/p>\n<p><img loading=\"lazy\" decoding=\"async\" class=\"aligncenter size-full wp-image-316526\" src=\"https:\/\/www.tgrthaber.com\/mavikadin\/wp-content\/uploads\/2026\/05\/sac-rengi-1.png\" alt=\"\" width=\"1208\" height=\"680\" title=\"\" srcset=\"https:\/\/www.tgrthaber.com\/mavikadin\/wp-content\/uploads\/2026\/05\/sac-rengi-1.png 1208w, https:\/\/www.tgrthaber.com\/mavikadin\/wp-content\/uploads\/2026\/05\/sac-rengi-1-300x169.png 300w, https:\/\/www.tgrthaber.com\/mavikadin\/wp-content\/uploads\/2026\/05\/sac-rengi-1-1024x576.png 1024w, https:\/\/www.tgrthaber.com\/mavikadin\/wp-content\/uploads\/2026\/05\/sac-rengi-1-768x432.png 768w\" sizes=\"(max-width: 1208px) 100vw, 1208px\" \/><\/p>\n<hr \/>\n<p>Genellikle cilt alt tonlar\u0131 \u00fc\u00e7 ana grupta incelenir: s\u0131cak, so\u011fuk ve n\u00f6tr. S\u0131cak alt tonlar sar\u0131, alt\u0131n ya da \u015feftali yans\u0131malar\u0131 i\u00e7erirken; so\u011fuk alt tonlar pembe, mavi veya k\u0131rm\u0131z\u0131 alt yap\u0131ya sahiptir. N\u00f6tr alt tonlar ise her iki grubun kar\u0131\u015f\u0131m\u0131 olarak kabul edilir.<\/p>\n<h3>C\u0130LT ALT TONU NASIL ANLA\u015eILIR?<\/h3>\n<p>Cilt alt tonunu belirlemek i\u00e7in evde uygulanabilecek basit y\u00f6ntemler bulunuyor. En yayg\u0131n testlerden biri damar rengidir. Bilek i\u00e7indeki damarlar ye\u015filimsi g\u00f6r\u00fcn\u00fcyorsa s\u0131cak alt ton, mavi ya da mor g\u00f6r\u00fcn\u00fcyorsa so\u011fuk alt ton ihtimali y\u00fcksektir. Her iki renk de se\u00e7ilemiyorsa n\u00f6tr alt ton s\u00f6z konusu olabilir.<\/p>\n<p><img loading=\"lazy\" decoding=\"async\" class=\"aligncenter size-full wp-image-316527\" src=\"https:\/\/www.tgrthaber.com\/mavikadin\/wp-content\/uploads\/2026\/05\/sac-rengi-2.png\" alt=\"\" width=\"1208\" height=\"680\" title=\"\" srcset=\"https:\/\/www.tgrthaber.com\/mavikadin\/wp-content\/uploads\/2026\/05\/sac-rengi-2.png 1208w, https:\/\/www.tgrthaber.com\/mavikadin\/wp-content\/uploads\/2026\/05\/sac-rengi-2-300x169.png 300w, https:\/\/www.tgrthaber.com\/mavikadin\/wp-content\/uploads\/2026\/05\/sac-rengi-2-1024x576.png 1024w, https:\/\/www.tgrthaber.com\/mavikadin\/wp-content\/uploads\/2026\/05\/sac-rengi-2-768x432.png 768w\" sizes=\"(max-width: 1208px) 100vw, 1208px\" \/><\/p>\n<hr \/>\n<p>Bir di\u011fer y\u00f6ntem ise alt\u0131n ve g\u00fcm\u00fc\u015f tak\u0131 testidir. Alt\u0131n tak\u0131lar cilde daha \u00e7ok yak\u0131\u015f\u0131yorsa s\u0131cak, g\u00fcm\u00fc\u015f tak\u0131lar daha uyumlu g\u00f6r\u00fcn\u00fcyorsa so\u011fuk alt ton bask\u0131nd\u0131r.<\/p>\n<h3>SA\u00c7 RENG\u0130N\u0130 ALT TONA G\u00d6RE SE\u00c7MEK NEDEN \u00d6NEML\u0130?<\/h3>\n<p>Uzman kuaf\u00f6rler, sa\u00e7 renginin do\u011fru se\u00e7ilmesinin ki\u015finin genel g\u00f6r\u00fcn\u00fcm\u00fcn\u00fc tamamen de\u011fi\u015ftirebilece\u011fini belirtiyor. Cilt alt tonuna uygun olmayan renkler y\u00fcz\u00fc solgunla\u015ft\u0131rabilir, mimikleri sert g\u00f6sterebilir veya ya\u015fl\u0131 bir ifade olu\u015fturabilir. Do\u011fru renk se\u00e7imi ise cildi ayd\u0131nlat\u0131r, g\u00f6z rengini ortaya \u00e7\u0131kar\u0131r ve daha dengeli bir g\u00f6r\u00fcn\u00fcm sa\u011flar.<\/p>\n<p><img loading=\"lazy\" decoding=\"async\" class=\"aligncenter size-full wp-image-316528\" src=\"https:\/\/www.tgrthaber.com\/mavikadin\/wp-content\/uploads\/2026\/05\/sac-rengi-3.png\" alt=\"\" width=\"1208\" height=\"680\" title=\"\" srcset=\"https:\/\/www.tgrthaber.com\/mavikadin\/wp-content\/uploads\/2026\/05\/sac-rengi-3.png 1208w, https:\/\/www.tgrthaber.com\/mavikadin\/wp-content\/uploads\/2026\/05\/sac-rengi-3-300x169.png 300w, https:\/\/www.tgrthaber.com\/mavikadin\/wp-content\/uploads\/2026\/05\/sac-rengi-3-1024x576.png 1024w, https:\/\/www.tgrthaber.com\/mavikadin\/wp-content\/uploads\/2026\/05\/sac-rengi-3-768x432.png 768w\" sizes=\"(max-width: 1208px) 100vw, 1208px\" \/><\/p>\n<hr \/>\n<h3>SICAK, SO\u011eUK VE N\u00d6TR ALT TONLARA UYGUN SA\u00c7 RENKLER\u0130<\/h3>\n<p>S\u0131cak alt tona sahip ki\u015filer i\u00e7in alt\u0131n sar\u0131s\u0131, karamel, bak\u0131r ve s\u0131cak kahve tonlar\u0131 olduk\u00e7a uyumludur. Bu renkler cilde do\u011fal bir \u0131\u015f\u0131lt\u0131 kazand\u0131r\u0131r.<\/p>\n<p>So\u011fuk alt tonlarda ise k\u00fcll\u00fc sar\u0131, platin, buz sar\u0131s\u0131, koyu k\u00fcll\u00fc kahve ve siyah\u0131n mavi yans\u0131mal\u0131 tonlar\u0131 daha estetik bir g\u00f6r\u00fcn\u00fcm sunar.<\/p>\n<p>N\u00f6tr alt tonlu ki\u015filer ise en \u015fansl\u0131 grup olarak kabul edilir. \u00c7\u00fcnk\u00fc hem s\u0131cak hem so\u011fuk tonlar\u0131 rahatl\u0131kla ta\u015f\u0131yabilirler. Bal k\u00f6p\u00fc\u011f\u00fc, a\u00e7\u0131k kahve ve do\u011fal kestane tonlar\u0131 bu grup i\u00e7in ideal se\u00e7enekler aras\u0131nda yer al\u0131r.<\/p>\n<p><img loading=\"lazy\" decoding=\"async\" class=\"aligncenter size-full wp-image-316529\" src=\"https:\/\/www.tgrthaber.com\/mavikadin\/wp-content\/uploads\/2026\/05\/sac-rengi-5.png\" alt=\"\" width=\"1208\" height=\"680\" title=\"\" srcset=\"https:\/\/www.tgrthaber.com\/mavikadin\/wp-content\/uploads\/2026\/05\/sac-rengi-5.png 1208w, https:\/\/www.tgrthaber.com\/mavikadin\/wp-content\/uploads\/2026\/05\/sac-rengi-5-300x169.png 300w, https:\/\/www.tgrthaber.com\/mavikadin\/wp-content\/uploads\/2026\/05\/sac-rengi-5-1024x576.png 1024w, https:\/\/www.tgrthaber.com\/mavikadin\/wp-content\/uploads\/2026\/05\/sac-rengi-5-768x432.png 768w\" sizes=\"(max-width: 1208px) 100vw, 1208px\" \/><\/p>\n<hr \/>\n<h3>EN SIK YAPILAN SA\u00c7 RENG\u0130 HATALARI<\/h3>\n<p>Uzmanlara g\u00f6re en yayg\u0131n hata, sadece trend oldu\u011fu i\u00e7in sa\u00e7 rengi se\u00e7mektir. Sosyal medyada pop\u00fcler olan her renk, herkes i\u00e7in uygun olmayabilir. Bir di\u011fer hata ise cilt alt tonunu g\u00f6z ard\u0131 ederek \u00e7ok a\u00e7\u0131k ya da \u00e7ok koyu renklere y\u00f6nelmektir. Bu durum, y\u00fcz hatlar\u0131n\u0131 sertle\u015ftirebilir veya ifadenin donuk g\u00f6r\u00fcnmesine yol a\u00e7abilir.<\/p>\n<h3>PROFESYONELLERDEN K\u00dc\u00c7\u00dcK AMA ETK\u0130L\u0130 \u0130PU\u00c7LARI<\/h3>\n<p>Kuaf\u00f6r uzmanlar\u0131, sa\u00e7 rengi de\u011fi\u015fiminden \u00f6nce mutlaka ge\u00e7ici tonlama veya peruk denemesi yap\u0131lmas\u0131n\u0131 \u00f6neriyor. Ayr\u0131ca makyaj ve ka\u015f rengi ile sa\u00e7 rengi aras\u0131nda uyum olmas\u0131 da genel estetik g\u00f6r\u00fcn\u00fcm a\u00e7\u0131s\u0131ndan b\u00fcy\u00fck \u00f6nem ta\u015f\u0131yor. I\u015f\u0131k alt\u0131nda sa\u00e7 renginin nas\u0131l g\u00f6r\u00fcnd\u00fc\u011f\u00fc de se\u00e7im s\u00fcrecinde dikkate al\u0131nmas\u0131 gereken bir di\u011fer detay olarak \u00f6ne \u00e7\u0131k\u0131yor.<\/p>\n<p><img loading=\"lazy\" decoding=\"async\" class=\"aligncenter size-full wp-image-316530\" src=\"https:\/\/www.tgrthaber.com\/mavikadin\/wp-content\/uploads\/2026\/05\/sac-rengi-6.png\" alt=\"\" width=\"1208\" height=\"680\" title=\"\" srcset=\"https:\/\/www.tgrthaber.com\/mavikadin\/wp-content\/uploads\/2026\/05\/sac-rengi-6.png 1208w, https:\/\/www.tgrthaber.com\/mavikadin\/wp-content\/uploads\/2026\/05\/sac-rengi-6-300x169.png 300w, https:\/\/www.tgrthaber.com\/mavikadin\/wp-content\/uploads\/2026\/05\/sac-rengi-6-1024x576.png 1024w, https:\/\/www.tgrthaber.com\/mavikadin\/wp-content\/uploads\/2026\/05\/sac-rengi-6-768x432.png 768w\" sizes=\"(max-width: 1208px) 100vw, 1208px\" \/><\/p>\n<hr \/>\n<h3>DO\u011eRU RENK, DO\u011eRU I\u015eIK<\/h3>\n<p>Cilt alt tonuna uygun sa\u00e7 rengi se\u00e7imi, yaln\u0131zca estetik bir tercih de\u011fil, ayn\u0131 zamanda ki\u015fisel imaj\u0131 g\u00fc\u00e7lendiren \u00f6nemli bir detayd\u0131r. Do\u011fru renk se\u00e7imiyle ki\u015fi daha enerjik, daha gen\u00e7 ve daha canl\u0131 bir g\u00f6r\u00fcn\u00fcm elde edebilir. Bu nedenle sa\u00e7 rengi de\u011fi\u015fikli\u011fi yapmadan \u00f6nce cilt alt tonunu do\u011fru analiz etmek, kusursuz g\u00f6r\u00fcnmenin en \u00f6nemli ad\u0131mlar\u0131ndan biri olarak kabul ediliyor.<\/p>\n","protected":false},"excerpt":{"rendered":"<p>G\u00fczellik d\u00fcnyas\u0131nda son y\u0131llarda \u00f6ne \u00e7\u0131kan en \u00f6nemli trendlerden biri, sa\u00e7 renginin yaln\u0131zca moda ya da ki\u015fisel be\u011feniye g\u00f6re de\u011fil, cilt alt tonuna g\u00f6re se\u00e7ilmesi oldu. Uzmanlara g\u00f6re do\u011fru sa\u00e7 rengi se\u00e7imi, y\u00fcz hatlar\u0131n\u0131 daha belirgin hale getirirken cilde de daha sa\u011fl\u0131kl\u0131 ve canl\u0131 bir g\u00f6r\u00fcn\u00fcm kazand\u0131r\u0131yor. Yanl\u0131\u015f renk tercihleri ise ki\u015finin daha solgun, yorgun ya da dengesiz g\u00f6r\u00fcnmesine neden olabiliyor.<\/p>\n","protected":false},"author":5,"featured_media":316531,"comment_status":"closed","ping_status":"closed","sticky":false,"template":"","format":"standard","meta":{"rank_math_lock_modified_date":false,"footnotes":""},"categories":[95],"tags":[54774,106,3954,74228,74229],"class_list":["post-316525","post","type-post","status-publish","format-standard","has-post-thumbnail","hentry","category-guzellik","tag-cilt-alt-tonu","tag-guzellik","tag-sac-rengi","tag-sac-rengi-belirleme","tag-sac-rengi-nasil-belirlenir"],"_links":{"self":[{"href":"https:\/\/www.tgrthaber.com\/mavikadin\/wp-json\/wp\/v2\/posts\/316525"}],"collection":[{"href":"https:\/\/www.tgrthaber.com\/mavikadin\/wp-json\/wp\/v2\/posts"}],"about":[{"href":"https:\/\/www.tgrthaber.com\/mavikadin\/wp-json\/wp\/v2\/types\/post"}],"author":[{"embeddable":true,"href":"https:\/\/www.tgrthaber.com\/mavikadin\/wp-json\/wp\/v2\/users\/5"}],"replies":[{"embeddable":true,"href":"https:\/\/www.tgrthaber.com\/mavikadin\/wp-json\/wp\/v2\/comments?post=316525"}],"version-history":[{"count":3,"href":"https:\/\/www.tgrthaber.com\/mavikadin\/wp-json\/wp\/v2\/posts\/316525\/revisions"}],"predecessor-version":[{"id":316534,"href":"https:\/\/www.tgrthaber.com\/mavikadin\/wp-json\/wp\/v2\/posts\/316525\/revisions\/316534"}],"wp:featuredmedia":[{"embeddable":true,"href":"https:\/\/www.tgrthaber.com\/mavikadin\/wp-json\/wp\/v2\/media\/316531"}],"wp:attachment":[{"href":"https:\/\/www.tgrthaber.com\/mavikadin\/wp-json\/wp\/v2\/media?parent=316525"}],"wp:term":[{"taxonomy":"category","embeddable":true,"href":"https:\/\/www.tgrthaber.com\/mavikadin\/wp-json\/wp\/v2\/categories?post=316525"},{"taxonomy":"post_tag","embeddable":true,"href":"https:\/\/www.tgrthaber.com\/mavikadin\/wp-json\/wp\/v2\/tags?post=316525"}],"curies":[{"name":"wp","href":"https:\/\/api.w.org\/{rel}","templated":true}]}}