{"id":36401,"date":"2024-03-27T19:32:40","date_gmt":"2024-03-27T16:32:40","guid":{"rendered":"https:\/\/new.mavikadin.com\/?p=36401"},"modified":"2024-09-13T14:55:02","modified_gmt":"2024-09-13T11:55:02","slug":"sevim-kos-kavga-cikti-isin-karacanin-paylasimi-ortaligi-karistirdi","status":"publish","type":"post","link":"https:\/\/www.tgrthaber.com\/mavikadin\/sevim-kos-kavga-cikti-isin-karacanin-paylasimi-ortaligi-karistirdi\/","title":{"rendered":"Sevim ko\u015f kavga \u00e7\u0131kt\u0131! I\u015f\u0131n Karaca&#8217;n\u0131n payla\u015f\u0131m\u0131 ortal\u0131\u011f\u0131 kar\u0131\u015ft\u0131rd\u0131"},"content":{"rendered":"<p>I\u015f\u0131n Karaca sosyal medya hesab\u0131ndan yapt\u0131\u011f\u0131 g\u00f6ndermeli payla\u015f\u0131mla yeni bir tart\u0131\u015fmaya imza att\u0131. \u00dcnl\u00fc sanat\u00e7\u0131n\u0131n bu s\u00f6zleri kime s\u00f6yledi\u011fi merak konusu oldu. Karaca&#8217;n\u0131n payla\u015f\u0131m\u0131n\u0131n ard\u0131ndan bir payla\u015f\u0131m da Selen G\u00f6rg\u00fczel&#8217;den geldi.<\/p>\n<p>Her \u015fey, I\u015f\u0131n Karaca&#8217;n\u0131n Selen G&ouml;rg&uuml;zel&#8217;in sahne performans\u0131n\u0131 be\u011fenmemesiyle ba\u015flad\u0131. Ard\u0131ndan, kar\u015f\u0131l\u0131kl\u0131 at\u0131\u015fmalar ba\u015flad\u0131.<\/p>\n<p>Instagram hesab\u0131ndan tek tu\u015flu piyano videosu payla\u015fan I\u015f\u0131n Karaca payla\u015f\u0131m\u0131na &#8216;K\u0131zz bana bak, sesine g&ouml;re piyano buldum&rdquo; notunu d&uuml;\u015ft&uuml;. Karaca&#8217;n\u0131n bu s&ouml;zlerle kimi ima etti\u011fi merak konusu oldu.<\/p>\n<h3><strong>BU S&Ouml;ZLER K\u0130ME?<\/strong><\/h3>\n<p>I\u015f\u0131n Karaca&#8217;n\u0131n bu payla\u015f\u0131m\u0131n\u0131n ard\u0131ndan sosyal medya kullan\u0131c\u0131lar\u0131 Karaca&#8217;n\u0131n, Selen G&ouml;rg&uuml;zel&#8217;i hedef ald\u0131\u011f\u0131n\u0131 iddia etti. Baz\u0131 kullan\u0131c\u0131lar da bu s&ouml;zlerin Demet Akal\u0131n ve \u0130rem Derici i&ccedil;in olabilece\u011fini belirtti.<\/p>\n<p>&nbsp;<\/p>\n<p><img decoding=\"async\" src=\"https:\/\/www.tgrthaber.com\/mavikadin\/wp-content\/images\/haberler\/24-03\/27\/n.jpg\" alt=\"\" title=\"\"><\/p>\n<h3><strong>&#8220;AKRABANI BULDUM&#8221;<\/strong><\/h3>\n<p>I\u015f\u0131n Karaca&#8217;n\u0131n isim vermeden payla\u015ft\u0131\u011f\u0131 imal\u0131 g&ouml;nderisinin ard\u0131ndan Selen G&ouml;rg&uuml;zel sessiz kalmad\u0131. Instagram hesab\u0131ndan bir payla\u015f\u0131m da G&ouml;rg&uuml;zel&#8217;den geldi. G&ouml;rg&uuml;zel payla\u015ft\u0131\u011f\u0131 e\u015fek resmine &#8220;Sevim ko\u015f akraban\u0131 buldum k\u0131z&#8221; notunu d&uuml;\u015ft&uuml;.&nbsp;<\/p>\n<p>&nbsp;<\/p>\n<p><img loading=\"lazy\" decoding=\"async\" src=\"https:\/\/www.tgrthaber.com\/mavikadin\/wp-content\/images\/haberler\/24-03\/27\/ekran-goruntusu-2024-03-27-210721.jpg\" width=\"749\" height=\"1236\" alt=\"\" title=\"\"><\/p>\n<h3><strong>KAVGA NASIL BA\u015eLADI?<\/strong><\/h3>\n<p>\u015eark\u0131c\u0131 Selen G&ouml;rg&uuml;zel, sahne ald\u0131\u011f\u0131 mekanda, Kayahan&#8217;\u0131n &#8216;Seni Versinler Ellere&#8217; par&ccedil;as\u0131n\u0131 seslendirmi\u015fti. Ancak G&ouml;rg&uuml;zel&#8217;in performans\u0131 baz\u0131 ki\u015filer taraf\u0131ndan ele\u015ftiri konusu olmu\u015ftu. Bu ele\u015ftirenlerden biri de I\u015f\u0131n Karaca&#8217;yd\u0131.<\/p>\n<p>Karaca, Selen G&ouml;rg&uuml;zel&#8217;in performans\u0131na &#8220;Ama neden?&#8221; yorumunu yapt\u0131.<\/p>\n<p>Karaca&#8217;n\u0131n yorumunun &uuml;zerine G&ouml;rg&uuml;zel, &#8220;Sahnemde s&ouml;ylemeyi en sevdi\u011fim \u015fark\u0131 &#8216;Yemin Ettim&rsquo;in 5 saniyelik ve &uuml;stelik telefonla &ccedil;ekilmi\u015f k&uuml;&ccedil;&uuml;k bir par&ccedil;as\u0131yla beni talan etmeye &ccedil;al\u0131\u015fan sanat severler \ud83d\ude42<\/p>\n<p>&Ouml;nemli olan iyi niyet, bilmedi\u011finiz her konuda fikrinizin olmas\u0131na al\u0131\u015ft\u0131k. Ama bildi\u011fi halde &#8216;neden?&#8217; diye soran &ccedil;ok sevgili I\u015f\u0131n Karaca&#8217;ya hepinizin &ouml;n&uuml;nde cevap vereyim&#8230; Sesine g&uuml;venip, ba\u011f\u0131rarak okumak ne kadar da rahats\u0131z edici oluyormu\u015f de\u011fil mi?&#8221; cevab\u0131n\u0131 vermi\u015fti.<\/p>\n<p>&nbsp;<\/p>\n<p><img loading=\"lazy\" decoding=\"async\" src=\"https:\/\/www.tgrthaber.com\/mavikadin\/wp-content\/images\/haberler\/24-03\/27\/selen.jpg\" width=\"791\" height=\"445\" alt=\"\" title=\"\"><\/p>\n<h3><strong>&#8220;DEVAMLI B\u0130R ANIRMA HAL\u0130&#8221;<\/strong><\/h3>\n<p>Selen G&ouml;rg&uuml;zel, sunuculu\u011funu yapt\u0131\u011f\u0131 magazin program\u0131nda I\u015f\u0131n Karaca-Demet Akal\u0131n aras\u0131ndaki gerilime dair yorumda bulunmu\u015ftu.<\/p>\n<p>G&ouml;rg&uuml;zel &#8220;Niye b&ouml;yle bir m&uuml;zik otoritesi gibi her \u015feye yorumda bulunuyor. Sivri konu\u015funca haber olacak biliyor, kimse ona sen an\u0131rarak \u015fark\u0131 s&ouml;yl&uuml;yorsun demiyor fakat&#8230; Sesi, eyvallah g&uuml;&ccedil;l&uuml; fakat o kadar duyuyorum ki devaml\u0131 bir an\u0131rma hali&#8230;&#8221; ifadelerini kullanm\u0131\u015ft\u0131.<\/p>\n<p>G&ouml;rg&uuml;zel&#8217;\u0131 I\u015f\u0131n Karaca&#8217;n\u0131n cevab\u0131 gecikmedi:<\/p>\n<p>&#8220;Piyasaya uygun \u015fark\u0131 s&ouml;ylemiyorsun diyorlar. Evet s&ouml;ylemiyorum. &Ccedil;&uuml;nk&uuml; benim k&uuml;&ccedil;&uuml;c&uuml;k bir sesim yok. S\u0131\u011fd\u0131ramad\u0131\u011f\u0131m bir sesim var, s\u0131\u011fm\u0131yor \u015fark\u0131lara. Yapabilece\u011fim bir \u015fey yok. Ben de ses var, volume var. \u015eark\u0131 s&ouml;ylemeyi bilmeyen insan bana \u015fark\u0131 s&ouml;ylemeyi &ouml;\u011fretmeye &ccedil;al\u0131\u015f\u0131yor. O kadar hadsiz bir d&ouml;nemdeyiz ki&#8230;&#8221;<\/p>\n<p>Karaca&#8217;n\u0131n bu s&ouml;zlerinin ard\u0131ndan G&ouml;rg&uuml;zel, Instagram hesab\u0131ndan bomba bir payla\u015f\u0131m yapt\u0131.<\/p>\n<p>I\u015f\u0131n Karaca&#8217;n\u0131n &#8220;Sesimi s\u0131\u011fd\u0131ram\u0131yorum&#8221; a&ccedil;\u0131klamas\u0131n\u0131 payla\u015fan G&ouml;rg&uuml;zel, &#8220;S\u0131\u011famad\u0131\u011f\u0131 ke\u015fke \u015fark\u0131lar olsayd\u0131&#8221; ifadesini kulland\u0131.<\/p>\n<p>&nbsp;<\/p>\n<p><img decoding=\"async\" src=\"https:\/\/www.tgrthaber.com\/mavikadin\/wp-content\/images\/haberler\/24-03\/27\/dev.jpg\" alt=\"\" title=\"\"><\/p><\/p>\n","protected":false},"excerpt":{"rendered":"<p>I\u015f\u0131n Karaca sosyal medya hesab\u0131ndan yapt\u0131\u011f\u0131 g\u00f6ndermeli payla\u015f\u0131mla yeni bir tart\u0131\u015fmaya imza att\u0131. \u00dcnl\u00fc sanat\u00e7\u0131n\u0131n bu s\u00f6zleri kime s\u00f6yledi\u011fi merak konusu oldu. Karaca&#8217;n\u0131n payla\u015f\u0131m\u0131n\u0131n ard\u0131ndan bir payla\u015f\u0131m da Selen G\u00f6rg\u00fczel&#8217;den geldi. Her \u015fey, I\u015f\u0131n Karaca&#8217;n\u0131n Selen G&ouml;rg&uuml;zel&#8217;in sahne performans\u0131n\u0131 be\u011fenmemesiyle ba\u015flad\u0131. Ard\u0131ndan, kar\u015f\u0131l\u0131kl\u0131 at\u0131\u015fmalar ba\u015flad\u0131. Instagram hesab\u0131ndan tek tu\u015flu piyano videosu payla\u015fan I\u015f\u0131n Karaca payla\u015f\u0131m\u0131na [&hellip;]<\/p>\n","protected":false},"author":4,"featured_media":36400,"comment_status":"closed","ping_status":"open","sticky":false,"template":"","format":"standard","meta":{"rank_math_lock_modified_date":false,"footnotes":""},"categories":[76],"tags":[40865,1784,2659,3169],"class_list":["post-36401","post","type-post","status-publish","format-standard","has-post-thumbnail","hentry","category-magazin","tag-isin-karaca","tag-kavga","tag-selen-gorguzel","tag-sosyal-medya"],"_links":{"self":[{"href":"https:\/\/www.tgrthaber.com\/mavikadin\/wp-json\/wp\/v2\/posts\/36401"}],"collection":[{"href":"https:\/\/www.tgrthaber.com\/mavikadin\/wp-json\/wp\/v2\/posts"}],"about":[{"href":"https:\/\/www.tgrthaber.com\/mavikadin\/wp-json\/wp\/v2\/types\/post"}],"author":[{"embeddable":true,"href":"https:\/\/www.tgrthaber.com\/mavikadin\/wp-json\/wp\/v2\/users\/4"}],"replies":[{"embeddable":true,"href":"https:\/\/www.tgrthaber.com\/mavikadin\/wp-json\/wp\/v2\/comments?post=36401"}],"version-history":[{"count":1,"href":"https:\/\/www.tgrthaber.com\/mavikadin\/wp-json\/wp\/v2\/posts\/36401\/revisions"}],"predecessor-version":[{"id":36402,"href":"https:\/\/www.tgrthaber.com\/mavikadin\/wp-json\/wp\/v2\/posts\/36401\/revisions\/36402"}],"wp:featuredmedia":[{"embeddable":true,"href":"https:\/\/www.tgrthaber.com\/mavikadin\/wp-json\/wp\/v2\/media\/36400"}],"wp:attachment":[{"href":"https:\/\/www.tgrthaber.com\/mavikadin\/wp-json\/wp\/v2\/media?parent=36401"}],"wp:term":[{"taxonomy":"category","embeddable":true,"href":"https:\/\/www.tgrthaber.com\/mavikadin\/wp-json\/wp\/v2\/categories?post=36401"},{"taxonomy":"post_tag","embeddable":true,"href":"https:\/\/www.tgrthaber.com\/mavikadin\/wp-json\/wp\/v2\/tags?post=36401"}],"curies":[{"name":"wp","href":"https:\/\/api.w.org\/{rel}","templated":true}]}}