{"id":36404,"date":"2024-03-27T21:38:28","date_gmt":"2024-03-27T18:38:28","guid":{"rendered":"https:\/\/new.mavikadin.com\/?p=36404"},"modified":"2024-09-13T14:55:07","modified_gmt":"2024-09-13T11:55:07","slug":"kadir-inanir-ile-ilgili-yeni-gelisme-julide-kural-paylasti-bu-haberi-size-vermekten-cok-mutluyum","status":"publish","type":"post","link":"https:\/\/www.tgrthaber.com\/mavikadin\/kadir-inanir-ile-ilgili-yeni-gelisme-julide-kural-paylasti-bu-haberi-size-vermekten-cok-mutluyum\/","title":{"rendered":"Kadir \u0130nan\u0131r ile ilgili yeni geli\u015fme! J\u00fclide Kural payla\u015ft\u0131: Bu haberi size vermekten \u00e7ok mutluyum"},"content":{"rendered":"<p>Evinde ge\u00e7irdi\u011fi inme sonucu hastaneye kald\u0131r\u0131lan ve m\u00fcdahalenin ard\u0131ndan ent\u00fcbe edilen usta oyuncu Kadir \u0130nan\u0131r&#8217;\u0131n sa\u011fl\u0131k durumuna ili\u015fkin yeni geli\u015fmeyi J\u00fclide Kural payla\u015ft\u0131.<\/p>\n<p>T&uuml;rk sinemas\u0131n\u0131n &uuml;nl&uuml; akt&ouml;r&uuml; Kadir \u0130nan\u0131r, Beykoz&#8217;daki evinde rahats\u0131zlanarak &Uuml;mraniye E\u011fitim ve Ara\u015ft\u0131rma Hastanesi&#8217;ne kald\u0131r\u0131ld\u0131. Beyne p\u0131ht\u0131 atmas\u0131 sonucu inme ge&ccedil;irdi\u011fi i&ccedil;in operasyona al\u0131nan 74 ya\u015f\u0131ndaki sanat&ccedil;\u0131, \u015fu anda yo\u011fun bak\u0131mda tedavi g&ouml;r&uuml;yor. Sa\u011fl\u0131k durumuyla ilgili son bilgi, hayat arkada\u015f\u0131 J&uuml;lide Kural&#8217;dan geldi.<\/p>\n<h3><strong>\u0130LK TEPK\u0130LER\u0130N\u0130 VERD\u0130<\/strong><\/h3>\n<p>&Uuml;mraniye E\u011fitim ve Ara\u015ft\u0131rma Hastanesi Ba\u015fhekimi Prof. Dr. Necdet Sa\u011flam usta oyuncunun sa\u011fl\u0131k durumuyla ilgili g&uuml;zel haberi vermi\u015fti.<\/p>\n<p>Sa\u011flam, a&ccedil;\u0131klamas\u0131nda &#8220;Bilinci a&ccedil;\u0131k, mesajlara g&uuml;l&uuml;mseyerek cevap verdi. \u0130leti\u015fim kurabiliyor, cevap veriyor. Konu\u015fmayla ilgili bir s\u0131k\u0131nt\u0131 olmayacak ama \u015fu an konu\u015fmak i&ccedil;in yorgun&#8221; ifadelerini kulland\u0131.<\/p>\n<h3><strong>J&Uuml;L\u0130DE KURAL PAYLA\u015eTI<\/strong><\/h3>\n<p>Kadir \u0130nan\u0131r&#8217;la ilgili son bilgi hayat arkada\u015f\u0131 J&uuml;lide Kural&#8217;dan geldi. Kural Instagram hesab\u0131ndan \u015fu payla\u015f\u0131m\u0131 yapt\u0131.<\/p>\n<p>&nbsp;<\/p>\n<p><img decoding=\"async\" src=\"https:\/\/www.tgrthaber.com\/mavikadin\/wp-content\/images\/haberler\/24-03\/27\/juli.jpg\" alt=\"\" title=\"\"><\/p>\n<h3><strong>NE OLMU\u015eTU?<\/strong><\/h3>\n<p>Sanat&ccedil;\u0131 Kadir \u0130nan\u0131r, Beykoz&#8217;daki evinde rahats\u0131zlanarak hastaneye kald\u0131r\u0131lm\u0131\u015ft\u0131. Edinilen bilgilere g&ouml;re, inme ge&ccedil;irdi\u011fi belirtilen \u0130nan\u0131r, bilinci kapal\u0131 \u015fekilde &Uuml;mraniye E\u011fitim Ara\u015ft\u0131rma Hastanesi&#8217;ne sevk edildi.<\/p>\n<p>Hastanede beyin tomografisi ve MR &ccedil;ekilen sanat&ccedil;\u0131, h\u0131zl\u0131 bir \u015fekilde ameliyata al\u0131nd\u0131. Sa\u011fl\u0131k Bakan\u0131 Fahrettin Koca, \u0130nan\u0131r&#8217;\u0131n sa\u011fl\u0131k durumuyla ilgili ilk a&ccedil;\u0131klamay\u0131 yaparak, &#8220;T\u0131kal\u0131 olan serebral arter damar\u0131n\u0131n ba\u015far\u0131l\u0131 bir operasyonla a&ccedil;\u0131lmas\u0131n\u0131n ard\u0131ndan yo\u011fun bak\u0131ma al\u0131nm\u0131\u015f; ent&uuml;be edilmi\u015f ve uyutulmu\u015f olarak takibine karar verilmi\u015ftir&#8221; ifadelerini kullanm\u0131\u015ft\u0131.<\/p><\/p>\n","protected":false},"excerpt":{"rendered":"<p>Evinde ge\u00e7irdi\u011fi inme sonucu hastaneye kald\u0131r\u0131lan ve m\u00fcdahalenin ard\u0131ndan ent\u00fcbe edilen usta oyuncu Kadir \u0130nan\u0131r&#8217;\u0131n sa\u011fl\u0131k durumuna ili\u015fkin yeni geli\u015fmeyi J\u00fclide Kural payla\u015ft\u0131. T&uuml;rk sinemas\u0131n\u0131n &uuml;nl&uuml; akt&ouml;r&uuml; Kadir \u0130nan\u0131r, Beykoz&#8217;daki evinde rahats\u0131zlanarak &Uuml;mraniye E\u011fitim ve Ara\u015ft\u0131rma Hastanesi&#8217;ne kald\u0131r\u0131ld\u0131. Beyne p\u0131ht\u0131 atmas\u0131 sonucu inme ge&ccedil;irdi\u011fi i&ccedil;in operasyona al\u0131nan 74 ya\u015f\u0131ndaki sanat&ccedil;\u0131, \u015fu anda yo\u011fun bak\u0131mda tedavi [&hellip;]<\/p>\n","protected":false},"author":4,"featured_media":36403,"comment_status":"closed","ping_status":"open","sticky":false,"template":"","format":"standard","meta":{"rank_math_lock_modified_date":false,"footnotes":""},"categories":[76],"tags":[488,487],"class_list":["post-36404","post","type-post","status-publish","format-standard","has-post-thumbnail","hentry","category-magazin","tag-inanir","tag-kadir"],"_links":{"self":[{"href":"https:\/\/www.tgrthaber.com\/mavikadin\/wp-json\/wp\/v2\/posts\/36404"}],"collection":[{"href":"https:\/\/www.tgrthaber.com\/mavikadin\/wp-json\/wp\/v2\/posts"}],"about":[{"href":"https:\/\/www.tgrthaber.com\/mavikadin\/wp-json\/wp\/v2\/types\/post"}],"author":[{"embeddable":true,"href":"https:\/\/www.tgrthaber.com\/mavikadin\/wp-json\/wp\/v2\/users\/4"}],"replies":[{"embeddable":true,"href":"https:\/\/www.tgrthaber.com\/mavikadin\/wp-json\/wp\/v2\/comments?post=36404"}],"version-history":[{"count":1,"href":"https:\/\/www.tgrthaber.com\/mavikadin\/wp-json\/wp\/v2\/posts\/36404\/revisions"}],"predecessor-version":[{"id":36405,"href":"https:\/\/www.tgrthaber.com\/mavikadin\/wp-json\/wp\/v2\/posts\/36404\/revisions\/36405"}],"wp:featuredmedia":[{"embeddable":true,"href":"https:\/\/www.tgrthaber.com\/mavikadin\/wp-json\/wp\/v2\/media\/36403"}],"wp:attachment":[{"href":"https:\/\/www.tgrthaber.com\/mavikadin\/wp-json\/wp\/v2\/media?parent=36404"}],"wp:term":[{"taxonomy":"category","embeddable":true,"href":"https:\/\/www.tgrthaber.com\/mavikadin\/wp-json\/wp\/v2\/categories?post=36404"},{"taxonomy":"post_tag","embeddable":true,"href":"https:\/\/www.tgrthaber.com\/mavikadin\/wp-json\/wp\/v2\/tags?post=36404"}],"curies":[{"name":"wp","href":"https:\/\/api.w.org\/{rel}","templated":true}]}}