{"id":38027,"date":"2024-05-25T20:04:05","date_gmt":"2024-05-25T17:04:05","guid":{"rendered":"https:\/\/new.mavikadin.com\/?p=38027"},"modified":"2024-09-13T15:46:54","modified_gmt":"2024-09-13T12:46:54","slug":"final-gecesi-icin-geri-sayima-gecen-yargi-dizisinden-veda-pozu-geldi","status":"publish","type":"post","link":"https:\/\/www.tgrthaber.com\/mavikadin\/final-gecesi-icin-geri-sayima-gecen-yargi-dizisinden-veda-pozu-geldi\/","title":{"rendered":"Final gecesi i\u00e7in geri say\u0131ma ge\u00e7en Yarg\u0131 dizisinden veda pozu geldi"},"content":{"rendered":"<p>P\u0131nar Deniz ve Kaan Urganc\u0131o\u011flu&#8217;nun ba\u015frollerini payla\u015ft\u0131\u011f\u0131 Yarg\u0131 dizisinin finali, L\u00fctfi K\u0131rdar Kongre Merkezi&#8217;nde izleyicilerle bulu\u015facak.<\/p>\n<p>KANAL D&rsquo;nin &uuml;&ccedil; sezondur ekranda olan dizisi &#8220;Yarg\u0131&#8221;, g&ouml;rkemli bir geceyle izleyiciye veda etmeye haz\u0131rlan\u0131yor. P\u0131nar Deniz ve Kaan Urganc\u0131o\u011flu&rsquo;nun ba\u015frollerini &uuml;stlendi\u011fi dizinin finali, yar\u0131n ak\u015fam L&uuml;tfi K\u0131rdar Kongre Merkezi&rsquo;nde izleyiciyle bulu\u015facak.<\/p>\n<h3><strong>VEDA GECES\u0130NE HAZIRLIK<\/strong><\/h3>\n<p>&#8220;Yarg\u0131&#8221;da rol alan oyuncular ve diziye emek verenlerin de kat\u0131laca\u011f\u0131 gecede, s&uuml;rpriz isimlerin sahne alaca\u011f\u0131 &ouml;\u011frenildi.&nbsp;<\/p>\n<p>Ay Yap\u0131m imzal\u0131 dizinin finaline say\u0131l\u0131 saatler kald\u0131 ve L&uuml;tfi K\u0131rdar Kongre Merkezi&rsquo;nde ger&ccedil;ekle\u015fecek &ldquo;Yarg\u0131 Veda&rdquo; program\u0131 i&ccedil;in son haz\u0131rl\u0131klar tamamlan\u0131yor. Dizinin oyuncular\u0131 ve ekibi, gecede izleyicilerle bir araya gelerek veda edecek.<\/p>\n<p><img loading=\"lazy\" decoding=\"async\" src=\"https:\/\/www.tgrthaber.com\/mavikadin\/wp-content\/images\/haberler\/24-05\/25\/yyyy.jpg\" width=\"806\" height=\"537\" alt=\"\" title=\"\"><\/p>\n<h3><strong>B\u0130LETLER 24 SAATTE T&Uuml;KEND\u0130<\/strong><\/h3>\n<p>L&uuml;tfi K\u0131rdar Kongre Merkezi&rsquo;nde ger&ccedil;ekle\u015fecek seyircili g&ouml;sterimin biletleri, sat\u0131\u015fa &ccedil;\u0131kar &ccedil;\u0131kmaz 24 saat dolmadan t&uuml;kendi. \u0130zleyicilerin yo\u011fun ilgi g&ouml;sterdi\u011fi gecenin t&uuml;m geliri, &ouml;ncelikle deprem b&ouml;lgesindeki gen&ccedil;ler olmak &uuml;zere T&uuml;rk E\u011fitim Vakf\u0131&#8217;na (TEV) gen&ccedil;lerin e\u011fitimi i&ccedil;in ba\u011f\u0131\u015flanacak. G&ouml;sterim biletlerinin yan\u0131 s\u0131ra, geceye kat\u0131lamayacak olanlar\u0131n da sat\u0131n alarak destek sa\u011flayabilece\u011fi &lsquo;E\u011fitime Destek Bileti&rsquo; biletix.com &uuml;zerinden sat\u0131\u015fta. Ayr\u0131ca, geceye ba\u011f\u0131\u015f yapmak isteyenler, Yarg\u0131&rsquo;n\u0131n Youtube kanal\u0131ndan yap\u0131lacak canl\u0131 yay\u0131n\u0131 takip ederek destek olabilecekler.<\/p>\n<p><img loading=\"lazy\" decoding=\"async\" src=\"https:\/\/www.tgrthaber.com\/mavikadin\/wp-content\/images\/haberler\/24-05\/25\/ekran-goruntusu-2024-05-25-195527.jpg\" width=\"835\" height=\"458\" alt=\"\" title=\"\"><\/p>\n<h3><strong>VEDA BULU\u015eMASI<\/strong><\/h3>\n<p>Sema Ergenekon&rsquo;un senaryosunu yazd\u0131\u011f\u0131 ve Ali Bilgin&rsquo;in y&ouml;netti\u011fi dizinin ba\u015frollerinde Kaan Urganc\u0131o\u011flu ve P\u0131nar Deniz yer al\u0131rken, onlara U\u011fur Polat, Cezmi Bask\u0131n, Zeyno Eracar, U\u011fur Aslan, Defne Kayalar, Na\u015fit &Ouml;zcan, Alican Y&uuml;cesoy, Arda Anarat, P\u0131nar &Ccedil;a\u011flar Gen&ccedil;t&uuml;rk, Sermet Ye\u015fil, Gece I\u015f\u0131k Demirel, Nilg&uuml;n T&uuml;rksever, Onur &Ouml;zayd\u0131n, Ay\u015feg&uuml;l Cengiz, Muttalip M&uuml;jdeci, Ulvi Kahyao\u011flu, Beren Nur Karadi\u015f, Zeynep At\u0131lgan, Merve Ate\u015f, Duygu Serin, Tolga Canbeyli, Onur Tekin, &Ccedil;a\u011fr\u0131 Atakan ve Dilara &Ccedil;ak\u0131r gibi usta ve gen&ccedil; isimler e\u015flik ediyor.<\/p><\/p>\n","protected":false},"excerpt":{"rendered":"<p>P\u0131nar Deniz ve Kaan Urganc\u0131o\u011flu&#8217;nun ba\u015frollerini payla\u015ft\u0131\u011f\u0131 Yarg\u0131 dizisinin finali, L\u00fctfi K\u0131rdar Kongre Merkezi&#8217;nde izleyicilerle bulu\u015facak. KANAL D&rsquo;nin &uuml;&ccedil; sezondur ekranda olan dizisi &#8220;Yarg\u0131&#8221;, g&ouml;rkemli bir geceyle izleyiciye veda etmeye haz\u0131rlan\u0131yor. P\u0131nar Deniz ve Kaan Urganc\u0131o\u011flu&rsquo;nun ba\u015frollerini &uuml;stlendi\u011fi dizinin finali, yar\u0131n ak\u015fam L&uuml;tfi K\u0131rdar Kongre Merkezi&rsquo;nde izleyiciyle bulu\u015facak. VEDA GECES\u0130NE HAZIRLIK &#8220;Yarg\u0131&#8221;da rol alan oyuncular [&hellip;]<\/p>\n","protected":false},"author":4,"featured_media":38026,"comment_status":"closed","ping_status":"open","sticky":false,"template":"","format":"standard","meta":{"rank_math_lock_modified_date":false,"footnotes":""},"categories":[602],"tags":[42926,2947,2335,51279,777,50525],"class_list":["post-38027","post","type-post","status-publish","format-standard","has-post-thumbnail","hentry","category-diziler","tag-dizi-finali","tag-kaan-urgancioglu","tag-pinar-deniz","tag-veda-gecesi","tag-yargi","tag-yargi-final"],"_links":{"self":[{"href":"https:\/\/www.tgrthaber.com\/mavikadin\/wp-json\/wp\/v2\/posts\/38027"}],"collection":[{"href":"https:\/\/www.tgrthaber.com\/mavikadin\/wp-json\/wp\/v2\/posts"}],"about":[{"href":"https:\/\/www.tgrthaber.com\/mavikadin\/wp-json\/wp\/v2\/types\/post"}],"author":[{"embeddable":true,"href":"https:\/\/www.tgrthaber.com\/mavikadin\/wp-json\/wp\/v2\/users\/4"}],"replies":[{"embeddable":true,"href":"https:\/\/www.tgrthaber.com\/mavikadin\/wp-json\/wp\/v2\/comments?post=38027"}],"version-history":[{"count":1,"href":"https:\/\/www.tgrthaber.com\/mavikadin\/wp-json\/wp\/v2\/posts\/38027\/revisions"}],"predecessor-version":[{"id":38028,"href":"https:\/\/www.tgrthaber.com\/mavikadin\/wp-json\/wp\/v2\/posts\/38027\/revisions\/38028"}],"wp:featuredmedia":[{"embeddable":true,"href":"https:\/\/www.tgrthaber.com\/mavikadin\/wp-json\/wp\/v2\/media\/38026"}],"wp:attachment":[{"href":"https:\/\/www.tgrthaber.com\/mavikadin\/wp-json\/wp\/v2\/media?parent=38027"}],"wp:term":[{"taxonomy":"category","embeddable":true,"href":"https:\/\/www.tgrthaber.com\/mavikadin\/wp-json\/wp\/v2\/categories?post=38027"},{"taxonomy":"post_tag","embeddable":true,"href":"https:\/\/www.tgrthaber.com\/mavikadin\/wp-json\/wp\/v2\/tags?post=38027"}],"curies":[{"name":"wp","href":"https:\/\/api.w.org\/{rel}","templated":true}]}}