{"id":38177,"date":"2024-05-30T21:43:23","date_gmt":"2024-05-30T18:43:23","guid":{"rendered":"https:\/\/new.mavikadin.com\/?p=38177"},"modified":"2024-09-13T15:52:25","modified_gmt":"2024-09-13T12:52:25","slug":"hande-ercelden-surpriz-paylasim-okul-pozuyla-gundem-oldu","status":"publish","type":"post","link":"https:\/\/www.tgrthaber.com\/mavikadin\/hande-ercelden-surpriz-paylasim-okul-pozuyla-gundem-oldu\/","title":{"rendered":"Hande Er\u00e7el&#8217;den s\u00fcrpriz payla\u015f\u0131m! Okul pozuyla g\u00fcndem oldu"},"content":{"rendered":"<p>Yo\u011fun dizi \u00e7ekimleri nedeniyle e\u011fitimine ara veren Hande Er\u00e7el, Mimar Sinan \u00dcniversitesi G\u00fczel Sanatlar Fak\u00fcltesi&#8217;ne geri d\u00f6nd\u00fc. Oyuncu, okulundan payla\u015f\u0131m yapt\u0131.<\/p>\n<p>Oyunculu\u011fa 2014&#8217;te ad\u0131m atan ve bir y\u0131l sonra &#8216;G&uuml;ne\u015fin K\u0131zlar\u0131&#8217; dizisindeki &#8216;Selin Y\u0131lmaz&#8217; karakteriyle b&uuml;y&uuml;k bir &ccedil;\u0131k\u0131\u015f yakalayan Hande Er&ccedil;el, yo\u011fun dizi &ccedil;ekimleri nedeniyle e\u011fitimine ara vermi\u015fti.<\/p>\n<p>Er&ccedil;el, e\u011fitimine geri d&ouml;nme karar\u0131 alarak &uuml;niversiteye kayd\u0131n\u0131 yapt\u0131rd\u0131. Mimar Sinan &Uuml;niversitesi G&uuml;zel Sanatlar Fak&uuml;ltesi&#8217;nde okuyan Er&ccedil;el, &ouml;\u011frenci kimli\u011fi ile &ccedil;ekilmi\u015f bir foto\u011fraf\u0131n\u0131 sosyal medya hesab\u0131ndan takip&ccedil;ileriyle payla\u015fm\u0131\u015ft\u0131.<\/p>\n<h3><strong><img decoding=\"async\" src=\"https:\/\/www.tgrthaber.com\/mavikadin\/wp-content\/images\/haberler\/24-05\/30\/ka-1717094758.jpg\" alt=\"\" title=\"\"><\/strong><\/h3>\n<h3><strong>OKULUNDAN PAYLA\u015eTI<\/strong><\/h3>\n<p>Cannes Film Festivali&#8217;ndeki iddial\u0131 tarz\u0131yla dikkat &ccedil;eken Er&ccedil;el, bu kez okulundan payla\u015f\u0131m yapt\u0131.&nbsp;<\/p>\n<p>&Uuml;nl&uuml; oyuncunun &ldquo;Can\u0131m okulum&#8230; Mimar Sinan &Uuml;niversitesi G&uuml;zel Sanatlar Fak&uuml;ltesi&#8221; notuyla yapt\u0131\u011f\u0131 payla\u015f\u0131m b&uuml;y&uuml;k ilgi g&ouml;rd&uuml;.<\/p>\n<p>&Uuml;nl&uuml; oyuncu, &#8220;Can\u0131m okulum&#8230; Mimar Sinan &Uuml;niversitesi G&uuml;zel Sanatlar Fak&uuml;ltesi&#8221; notuyla foto\u011fraf\u0131n\u0131 payla\u015ft\u0131.<\/p>\n<p><img loading=\"lazy\" decoding=\"async\" src=\"https:\/\/www.tgrthaber.com\/mavikadin\/wp-content\/images\/haberler\/24-05\/30\/ekran-goruntusu-2024-05-30-213749.jpg\" width=\"724\" height=\"1298\" alt=\"\" title=\"\"><\/p>\n<p>#vd-1456#<\/p><\/p>\n","protected":false},"excerpt":{"rendered":"<p>Yo\u011fun dizi \u00e7ekimleri nedeniyle e\u011fitimine ara veren Hande Er\u00e7el, Mimar Sinan \u00dcniversitesi G\u00fczel Sanatlar Fak\u00fcltesi&#8217;ne geri d\u00f6nd\u00fc. Oyuncu, okulundan payla\u015f\u0131m yapt\u0131. Oyunculu\u011fa 2014&#8217;te ad\u0131m atan ve bir y\u0131l sonra &#8216;G&uuml;ne\u015fin K\u0131zlar\u0131&#8217; dizisindeki &#8216;Selin Y\u0131lmaz&#8217; karakteriyle b&uuml;y&uuml;k bir &ccedil;\u0131k\u0131\u015f yakalayan Hande Er&ccedil;el, yo\u011fun dizi &ccedil;ekimleri nedeniyle e\u011fitimine ara vermi\u015fti. Er&ccedil;el, e\u011fitimine geri d&ouml;nme karar\u0131 alarak &uuml;niversiteye [&hellip;]<\/p>\n","protected":false},"author":4,"featured_media":38176,"comment_status":"closed","ping_status":"open","sticky":false,"template":"","format":"standard","meta":{"rank_math_lock_modified_date":false,"footnotes":""},"categories":[76],"tags":[440,439],"class_list":["post-38177","post","type-post","status-publish","format-standard","has-post-thumbnail","hentry","category-magazin","tag-ercel","tag-hande"],"_links":{"self":[{"href":"https:\/\/www.tgrthaber.com\/mavikadin\/wp-json\/wp\/v2\/posts\/38177"}],"collection":[{"href":"https:\/\/www.tgrthaber.com\/mavikadin\/wp-json\/wp\/v2\/posts"}],"about":[{"href":"https:\/\/www.tgrthaber.com\/mavikadin\/wp-json\/wp\/v2\/types\/post"}],"author":[{"embeddable":true,"href":"https:\/\/www.tgrthaber.com\/mavikadin\/wp-json\/wp\/v2\/users\/4"}],"replies":[{"embeddable":true,"href":"https:\/\/www.tgrthaber.com\/mavikadin\/wp-json\/wp\/v2\/comments?post=38177"}],"version-history":[{"count":1,"href":"https:\/\/www.tgrthaber.com\/mavikadin\/wp-json\/wp\/v2\/posts\/38177\/revisions"}],"predecessor-version":[{"id":38178,"href":"https:\/\/www.tgrthaber.com\/mavikadin\/wp-json\/wp\/v2\/posts\/38177\/revisions\/38178"}],"wp:featuredmedia":[{"embeddable":true,"href":"https:\/\/www.tgrthaber.com\/mavikadin\/wp-json\/wp\/v2\/media\/38176"}],"wp:attachment":[{"href":"https:\/\/www.tgrthaber.com\/mavikadin\/wp-json\/wp\/v2\/media?parent=38177"}],"wp:term":[{"taxonomy":"category","embeddable":true,"href":"https:\/\/www.tgrthaber.com\/mavikadin\/wp-json\/wp\/v2\/categories?post=38177"},{"taxonomy":"post_tag","embeddable":true,"href":"https:\/\/www.tgrthaber.com\/mavikadin\/wp-json\/wp\/v2\/tags?post=38177"}],"curies":[{"name":"wp","href":"https:\/\/api.w.org\/{rel}","templated":true}]}}