{"id":38381,"date":"2024-06-07T22:42:14","date_gmt":"2024-06-07T19:42:14","guid":{"rendered":"https:\/\/new.mavikadin.com\/?p=38381"},"modified":"2024-09-13T15:59:18","modified_gmt":"2024-09-13T12:59:18","slug":"kizilcik-serbeti-dizisi-oyuncularindan-art-arda-veda-mesaji","status":"publish","type":"post","link":"https:\/\/www.tgrthaber.com\/mavikadin\/kizilcik-serbeti-dizisi-oyuncularindan-art-arda-veda-mesaji\/","title":{"rendered":"K\u0131z\u0131lc\u0131k \u015eerbeti dizisi oyuncular\u0131ndan art arda veda mesaj\u0131"},"content":{"rendered":"<p>Gold Film imzal\u0131 ve Show TV&#8217;nin reyting rekortmeni &#8220;K\u0131z\u0131lc\u0131k \u015eerbeti&#8221; dizisinde bu ak\u015fam d\u00f6rt oyuncu ayr\u0131l\u0131yor. Sezon finaliyle ekranlara gelecek olan diziden Serkan T\u0131nmaz, Yi\u011fit Kirazc\u0131, M\u00fcjde Uzman ve Selin T\u00fcrkmen ayr\u0131l\u0131yor. \u00dc\u00e7 oyuncu, ayr\u0131l\u0131klar\u0131n\u0131 veda mesajlar\u0131yla duyurdu.<\/p>\n<p>Show TV&#8217;nin sevilen dizisi K\u0131z\u0131lc\u0131k \u015eerbeti&#8217;nde 4 oyuncu ekipten ayr\u0131l\u0131yor. Sezon finaliyle birlikte diziden ayr\u0131lan isimler aras\u0131nda Serkan T\u0131nmaz (Umut), Yi\u011fit Kirazc\u0131 (R&uuml;zgar), M&uuml;jde Uzman (Alev) ve Selin T&uuml;rkmen (&Ccedil;imen) yer al\u0131yor.<\/p>\n<p>Serkan T\u0131nmaz ve Yi\u011fit Kirazc\u0131 yeni projelere yelken a&ccedil;arken, M&uuml;jde Uzman&#8217;\u0131n ayr\u0131l\u0131k sebebi sa\u011fl\u0131k sorunlar\u0131 olarak a&ccedil;\u0131kland\u0131. Selin T&uuml;rkmen ise akademik hayat\u0131na d&ouml;nmek i&ccedil;in diziden ayr\u0131ld\u0131\u011f\u0131n\u0131 duyurdu.<\/p>\n<p>Oyuncular, vedalar\u0131n\u0131 sosyal medya hesaplar\u0131ndan duygusal mesajlarla payla\u015ft\u0131lar.&nbsp;<\/p>\n<p><img loading=\"lazy\" decoding=\"async\" src=\"https:\/\/www.tgrthaber.com\/mavikadin\/wp-content\/images\/haberler\/24-06\/07\/umut.jpg\" width=\"806\" height=\"457\" alt=\"\" title=\"\"><\/p>\n<p>Dizide Umut karakterini oynayan Serkan T\u0131nmaz: &#8220;M&uuml;thi\u015f \u015feyler ya\u015fad\u0131k ve hepsini beraber yapt\u0131k.. Herkese te\u015fekk&uuml;rler&hellip; Umutla&hellip;&#8221; ifadelerini kulland\u0131.<\/p>\n<p>R&uuml;zg&acirc;r karakteri ile ekrana gelen Yi\u011fit Kirazc\u0131, yeni projelerini ve ayr\u0131l\u0131k nedenini a&ccedil;\u0131klad\u0131: &#8220;R&uuml;zgar&rsquo;\u0131n bir sezonluk maceras\u0131 ve misafir oldu\u011fu bu g&uuml;zel hikayenin sonuna geldik. \ud83d\ude42 Ac\u0131s\u0131yla tatl\u0131s\u0131yla yo\u011fun ama bir o kadar da harika bir sezon ge&ccedil;irdik. R&uuml;zgar, seni seviyorum dostum, yapmak istedi\u011fim ve istemedi\u011fim \u015feyleri anlamama yard\u0131mc\u0131 oldu\u011fun i&ccedil;in te\u015fekk&uuml;r ederim. Herkesten ve her yerden sevgi ve samimiyet dolu mesajlar al\u0131yorum. R&uuml;zgar&rsquo;\u0131 bu kadar sevmeniz beni daha da mutlu ediyor, hepinize her \u015fey i&ccedil;in &ccedil;ok te\u015fekk&uuml;r ederim. Bir sonraki maceram\u0131za kadar ho\u015f&ccedil;akal\u0131n efendim.&#8221; Kirazc\u0131, bu yaz Letterbox program\u0131n\u0131n yerli versiyonunu sunacak.<\/p>\n<p><img decoding=\"async\" src=\"https:\/\/www.tgrthaber.com\/mavikadin\/wp-content\/images\/haberler\/24-06\/07\/6-1717789579.jpg\" alt=\"\" title=\"\"><\/p>\n<p>&Ccedil;imen karakterini oynayan Selin T&uuml;rkmen ise akademik hayat\u0131na d&ouml;nece\u011fini belirtti: &#8220;Vedalardan pek ho\u015flanmasam da bu yaz\u0131y\u0131 hem size, hem de kendime bor&ccedil; bildim. Dolu dolu 2 sezon ge&ccedil;irdik, sizinle g&uuml;ld&uuml;k, sizinle a\u011flad\u0131k&hellip; Bu yolculukta bana hep destek olan yap\u0131mc\u0131m\u0131za, y&ouml;netmenlerimize, senaristlerimize, ekip arkada\u015flar\u0131m\u0131za ve bizim yan\u0131m\u0131zda olup bizi bir saniye bile yaln\u0131z hissettirmeyen izleyicilerimize &ccedil;ok te\u015fekk&uuml;r ediyorum. Ho\u015f&ccedil;akal K\u0131z\u0131lc\u0131k \u015eerbeti&hellip; Ho\u015f&ccedil;a kal &Ccedil;imen, sizi &ccedil;ok seviyorum&hellip;&#8221;<\/p>\n<p><img loading=\"lazy\" decoding=\"async\" src=\"https:\/\/www.tgrthaber.com\/mavikadin\/wp-content\/images\/haberler\/24-06\/07\/2-1717789593.jpg\" width=\"834\" height=\"491\" alt=\"\" title=\"\"><\/p><\/p>\n","protected":false},"excerpt":{"rendered":"<p>Gold Film imzal\u0131 ve Show TV&#8217;nin reyting rekortmeni &#8220;K\u0131z\u0131lc\u0131k \u015eerbeti&#8221; dizisinde bu ak\u015fam d\u00f6rt oyuncu ayr\u0131l\u0131yor. Sezon finaliyle ekranlara gelecek olan diziden Serkan T\u0131nmaz, Yi\u011fit Kirazc\u0131, M\u00fcjde Uzman ve Selin T\u00fcrkmen ayr\u0131l\u0131yor. \u00dc\u00e7 oyuncu, ayr\u0131l\u0131klar\u0131n\u0131 veda mesajlar\u0131yla duyurdu. Show TV&#8217;nin sevilen dizisi K\u0131z\u0131lc\u0131k \u015eerbeti&#8217;nde 4 oyuncu ekipten ayr\u0131l\u0131yor. Sezon finaliyle birlikte diziden ayr\u0131lan isimler aras\u0131nda [&hellip;]<\/p>\n","protected":false},"author":4,"featured_media":38380,"comment_status":"closed","ping_status":"open","sticky":false,"template":"","format":"standard","meta":{"rank_math_lock_modified_date":false,"footnotes":""},"categories":[602],"tags":[32159,157,40870,3177,40177],"class_list":["post-38381","post","type-post","status-publish","format-standard","has-post-thumbnail","hentry","category-diziler","tag-dizi","tag-kizilcik-serbeti","tag-oyuncu-ayriligi","tag-sezon-finali","tag-veda"],"_links":{"self":[{"href":"https:\/\/www.tgrthaber.com\/mavikadin\/wp-json\/wp\/v2\/posts\/38381"}],"collection":[{"href":"https:\/\/www.tgrthaber.com\/mavikadin\/wp-json\/wp\/v2\/posts"}],"about":[{"href":"https:\/\/www.tgrthaber.com\/mavikadin\/wp-json\/wp\/v2\/types\/post"}],"author":[{"embeddable":true,"href":"https:\/\/www.tgrthaber.com\/mavikadin\/wp-json\/wp\/v2\/users\/4"}],"replies":[{"embeddable":true,"href":"https:\/\/www.tgrthaber.com\/mavikadin\/wp-json\/wp\/v2\/comments?post=38381"}],"version-history":[{"count":1,"href":"https:\/\/www.tgrthaber.com\/mavikadin\/wp-json\/wp\/v2\/posts\/38381\/revisions"}],"predecessor-version":[{"id":38382,"href":"https:\/\/www.tgrthaber.com\/mavikadin\/wp-json\/wp\/v2\/posts\/38381\/revisions\/38382"}],"wp:featuredmedia":[{"embeddable":true,"href":"https:\/\/www.tgrthaber.com\/mavikadin\/wp-json\/wp\/v2\/media\/38380"}],"wp:attachment":[{"href":"https:\/\/www.tgrthaber.com\/mavikadin\/wp-json\/wp\/v2\/media?parent=38381"}],"wp:term":[{"taxonomy":"category","embeddable":true,"href":"https:\/\/www.tgrthaber.com\/mavikadin\/wp-json\/wp\/v2\/categories?post=38381"},{"taxonomy":"post_tag","embeddable":true,"href":"https:\/\/www.tgrthaber.com\/mavikadin\/wp-json\/wp\/v2\/tags?post=38381"}],"curies":[{"name":"wp","href":"https:\/\/api.w.org\/{rel}","templated":true}]}}