{"id":38390,"date":"2024-06-08T00:34:02","date_gmt":"2024-06-07T21:34:02","guid":{"rendered":"https:\/\/new.mavikadin.com\/?p=38390"},"modified":"2024-09-13T15:59:37","modified_gmt":"2024-09-13T12:59:37","slug":"gulse-birsel-mujdeyi-verdi-efsane-kadro-yeniden-bir-araya-geliyor","status":"publish","type":"post","link":"https:\/\/www.tgrthaber.com\/mavikadin\/gulse-birsel-mujdeyi-verdi-efsane-kadro-yeniden-bir-araya-geliyor\/","title":{"rendered":"G\u00fclse Birsel m\u00fcjdeyi verdi: Efsane kadro yeniden bir araya geliyor"},"content":{"rendered":"<p>G\u00fclse Birsel&#8217;in senaryosunu yazd\u0131\u011f\u0131 ve 5 milyonu a\u015fk\u0131n seyirci taraf\u0131ndan izlenen &#8220;Aile Aras\u0131nda&#8221; filminin devam\u0131 geliyor.<\/p>\n<p>&Uuml;nl&uuml; senarist G&uuml;lse Birsel, &#8220;Aile Aras\u0131nda&#8221; filminin hayranlar\u0131na m&uuml;jdeyi verdi. 5 milyonu a\u015fk\u0131n seyirci taraf\u0131ndan izlenen filmin devam\u0131 i&ccedil;in haz\u0131rl\u0131klar ba\u015flad\u0131. Birsel, devam filminin hikayesini buldu\u011funu ve senaryosunu yaz d&ouml;neminde kaleme alaca\u011f\u0131n\u0131 duyurdu.<\/p>\n<h3><strong>DEVAM F\u0130LM\u0130 YOLDA<\/strong><\/h3>\n<p>G&uuml;lse Birsel, verdi\u011fi bir r&ouml;portajda &#8220;Aile Aras\u0131nda 2&#8243;nin hikayesini buldu\u011funu ve senaryosunu yazaca\u011f\u0131n\u0131 a&ccedil;\u0131klad\u0131. \u0130lk filmi b&uuml;y&uuml;k bir be\u011feniyle izlenen yap\u0131m, 1 Aral\u0131k 2017 tarihinde vizyona girmi\u015f ve toplamda 5 milyon 289 bin 51 seyirci taraf\u0131ndan izlenmi\u015fti.<\/p>\n<p><img decoding=\"async\" src=\"https:\/\/www.tgrthaber.com\/mavikadin\/wp-content\/images\/haberler\/24-06\/08\/ail.jpg\" alt=\"\" title=\"\"><\/p>\n<h3><strong>EFSANE KADRO YEN\u0130DEN<\/strong><\/h3>\n<p>Yap\u0131mc\u0131l\u0131\u011f\u0131n\u0131 BKM&#8217;nin, y&ouml;netmenli\u011fini ise Ozan A&ccedil;\u0131ktan&#8217;\u0131n &uuml;stlendi\u011fi &#8220;Aile Aras\u0131nda&#8221;, t&uuml;m zamanlar\u0131n en &ccedil;ok izlenen filmleri listesinde onuncu s\u0131rada yer al\u0131yor. Ba\u015frollerinde Demet Evgar ve Engin G&uuml;nayd\u0131n&#8217;\u0131n yer ald\u0131\u011f\u0131 film, geni\u015f oyuncu kadrosuyla dikkat &ccedil;ekmi\u015fti. Erdal &Ouml;zya\u011fc\u0131lar, Devrim Yakut, Fatih Artman, \u015eevket &Ccedil;oruh, G&uuml;lse Birsel, Derya Karada\u015f, Devin &Ouml;zg&uuml;r &Ccedil;\u0131nar, Su Kutlu, Ayta S&ouml;zeri ve Deniz Hamzao\u011flu gibi isimler, bu ba\u015far\u0131l\u0131 yap\u0131mda rol alm\u0131\u015ft\u0131.<\/p>\n<p><img loading=\"lazy\" decoding=\"async\" src=\"https:\/\/www.tgrthaber.com\/mavikadin\/wp-content\/images\/haberler\/24-06\/08\/aile.jpg\" width=\"762\" height=\"395\" alt=\"\" title=\"\"><\/p><\/p>\n","protected":false},"excerpt":{"rendered":"<p>G\u00fclse Birsel&#8217;in senaryosunu yazd\u0131\u011f\u0131 ve 5 milyonu a\u015fk\u0131n seyirci taraf\u0131ndan izlenen &#8220;Aile Aras\u0131nda&#8221; filminin devam\u0131 geliyor. &Uuml;nl&uuml; senarist G&uuml;lse Birsel, &#8220;Aile Aras\u0131nda&#8221; filminin hayranlar\u0131na m&uuml;jdeyi verdi. 5 milyonu a\u015fk\u0131n seyirci taraf\u0131ndan izlenen filmin devam\u0131 i&ccedil;in haz\u0131rl\u0131klar ba\u015flad\u0131. Birsel, devam filminin hikayesini buldu\u011funu ve senaryosunu yaz d&ouml;neminde kaleme alaca\u011f\u0131n\u0131 duyurdu. DEVAM F\u0130LM\u0130 YOLDA G&uuml;lse Birsel, verdi\u011fi [&hellip;]<\/p>\n","protected":false},"author":4,"featured_media":38389,"comment_status":"closed","ping_status":"open","sticky":false,"template":"","format":"standard","meta":{"rank_math_lock_modified_date":false,"footnotes":""},"categories":[602],"tags":[49419,2304,7534,3392,38506],"class_list":["post-38390","post","type-post","status-publish","format-standard","has-post-thumbnail","hentry","category-diziler","tag-aile-arasinda-2","tag-demet-evgar","tag-engin-gunaydin","tag-gulse-birsel","tag-turk-filmi"],"_links":{"self":[{"href":"https:\/\/www.tgrthaber.com\/mavikadin\/wp-json\/wp\/v2\/posts\/38390"}],"collection":[{"href":"https:\/\/www.tgrthaber.com\/mavikadin\/wp-json\/wp\/v2\/posts"}],"about":[{"href":"https:\/\/www.tgrthaber.com\/mavikadin\/wp-json\/wp\/v2\/types\/post"}],"author":[{"embeddable":true,"href":"https:\/\/www.tgrthaber.com\/mavikadin\/wp-json\/wp\/v2\/users\/4"}],"replies":[{"embeddable":true,"href":"https:\/\/www.tgrthaber.com\/mavikadin\/wp-json\/wp\/v2\/comments?post=38390"}],"version-history":[{"count":1,"href":"https:\/\/www.tgrthaber.com\/mavikadin\/wp-json\/wp\/v2\/posts\/38390\/revisions"}],"predecessor-version":[{"id":38391,"href":"https:\/\/www.tgrthaber.com\/mavikadin\/wp-json\/wp\/v2\/posts\/38390\/revisions\/38391"}],"wp:featuredmedia":[{"embeddable":true,"href":"https:\/\/www.tgrthaber.com\/mavikadin\/wp-json\/wp\/v2\/media\/38389"}],"wp:attachment":[{"href":"https:\/\/www.tgrthaber.com\/mavikadin\/wp-json\/wp\/v2\/media?parent=38390"}],"wp:term":[{"taxonomy":"category","embeddable":true,"href":"https:\/\/www.tgrthaber.com\/mavikadin\/wp-json\/wp\/v2\/categories?post=38390"},{"taxonomy":"post_tag","embeddable":true,"href":"https:\/\/www.tgrthaber.com\/mavikadin\/wp-json\/wp\/v2\/tags?post=38390"}],"curies":[{"name":"wp","href":"https:\/\/api.w.org\/{rel}","templated":true}]}}