{"id":38393,"date":"2024-06-08T01:18:18","date_gmt":"2024-06-07T22:18:18","guid":{"rendered":"https:\/\/new.mavikadin.com\/?p=38393"},"modified":"2024-09-13T15:59:43","modified_gmt":"2024-09-13T12:59:43","slug":"baris-arduc-ve-hande-ercelli-bir-baska-ask-ile-ilgili-flas-gelisme","status":"publish","type":"post","link":"https:\/\/www.tgrthaber.com\/mavikadin\/baris-arduc-ve-hande-ercelli-bir-baska-ask-ile-ilgili-flas-gelisme\/","title":{"rendered":"Bar\u0131\u015f Ardu\u00e7 ve Hande Er\u00e7el&#8217;li &#8220;Bir Ba\u015fka A\u015fk&#8221; ile ilgili fla\u015f geli\u015fme"},"content":{"rendered":"<p>Bar\u0131\u015f Ardu\u00e7 ve Hande Er\u00e7el&#8217;in ba\u015frollerini payla\u015faca\u011f\u0131 &#8220;Bir Ba\u015fka A\u015fk&#8221; filmi, haz\u0131rl\u0131klar\u0131 h\u0131zla devam ederken kadroya yeni isimler kat\u0131lmaya devam ediyor.<\/p>\n<p>Bar\u0131\u015f Ardu&ccedil; ve Hande Er&ccedil;el&rsquo;in ba\u015frol&uuml;nde yer alaca\u011f\u0131 &#8220;Bir Ba\u015fka A\u015fk&#8221; filminde fla\u015f geli\u015fmeler ya\u015fan\u0131yor.&nbsp;<\/p>\n<p>O3 Medya&#8217;n\u0131n haz\u0131rl\u0131klar\u0131n\u0131 s&uuml;rd&uuml;rd&uuml;\u011f&uuml; film, &Ccedil;e\u015fme&#8217;nin b&uuml;y&uuml;leyici atmosferinde &ccedil;ekilecek. Y&ouml;netmen koltu\u011funda Engin Erden&#8217;in oturaca\u011f\u0131 yap\u0131m i&ccedil;in kadroya &ouml;nemli isimler kat\u0131ld\u0131.&nbsp;<\/p>\n<p>Senaryosunu Ceylan Naz&#8217;\u0131n kaleme ald\u0131\u011f\u0131 film, usta oyuncu Ahmet Sara&ccedil;o\u011flu ve Tu\u011frul T&uuml;lek gibi deneyimli isimleri kadrosuna dahil etti.<\/p>\n<p><img loading=\"lazy\" decoding=\"async\" src=\"https:\/\/www.tgrthaber.com\/mavikadin\/wp-content\/images\/haberler\/24-06\/08\/ekran-goruntusu-2024-06-08-011026.jpg\" width=\"800\" height=\"507\" alt=\"\" title=\"\"><\/p>\n<p>Ceylan Naz&#8217;\u0131n y&ouml;netece\u011fi filmde Ahmet Sara&ccedil;o\u011flu, Hande Er&ccedil;el&#8217;in oynad\u0131\u011f\u0131 Asl\u0131&#8217;n\u0131n babas\u0131 Arif karakteri ile izleyici kar\u015f\u0131s\u0131na &ccedil;\u0131kacak.&nbsp; Ayr\u0131ca, filmde avukat Cenk karakterini oynayacak olan ba\u015far\u0131l\u0131 oyuncu Tu\u011frul T&uuml;lek de ekibe kat\u0131ld\u0131.<\/p>\n<p><img loading=\"lazy\" decoding=\"async\" src=\"https:\/\/www.tgrthaber.com\/mavikadin\/wp-content\/images\/haberler\/24-06\/08\/ekran-goruntusu-2024-06-08-011045.jpg\" width=\"803\" height=\"687\" alt=\"\" title=\"\"><\/p>\n<p>&#8220;Bir Ba\u015fka A\u015fk&#8221; filminin &ccedil;ekimleri &ouml;ncesinde Bar\u0131\u015f Ardu&ccedil; ve Hande Er&ccedil;el&#8217;in sosyal medyada takiple\u015fmesi, hayranlar\u0131 aras\u0131nda sevin&ccedil;le kar\u015f\u0131land\u0131.<\/p>\n<h3><strong>B\u0130R BA\u015eKA A\u015eK KONUSU<\/strong><\/h3>\n<p>Bar\u0131\u015f Ardu&ccedil; ve Hande Er&ccedil;el, y\u0131llar sonra tekrar bir araya geli\u015f &ouml;yk&uuml;s&uuml;yle ekranlara geliyor. &#8220;Bir Ba\u015fka A\u015fk&#8221; adl\u0131 filmde Bar\u0131\u015f Ardu&ccedil;, &#8220;Ege Yaz\u0131c\u0131&#8221; karakterini oynarken, Hande Er&ccedil;el ise &#8220;Asl\u0131 Mansoy&#8221; rol&uuml;yle izleyici kar\u015f\u0131s\u0131na &ccedil;\u0131kacak.<\/p>\n<p>Film, &ccedil;ocukluk y\u0131llar\u0131nda tan\u0131\u015fan ve aileleri ortak i\u015f yapan Ege ile Asl\u0131&#8217;n\u0131n y\u0131llar sonra tekrar bulu\u015fmalar\u0131n\u0131 konu al\u0131yor. Karizmatik ve do\u011fa a\u015f\u0131\u011f\u0131 bir karakter olan Ege, ailesinin servetini reddederek pastoral bir ya\u015fam s&uuml;r&uuml;yor. Asl\u0131 ise aile \u015firketi i&ccedil;in m&uuml;cadele eden g&uuml;zeller g&uuml;zeli bir kad\u0131n olarak kar\u015f\u0131m\u0131za &ccedil;\u0131k\u0131yor.<\/p>\n<p><img loading=\"lazy\" decoding=\"async\" src=\"https:\/\/www.tgrthaber.com\/mavikadin\/wp-content\/images\/haberler\/24-06\/08\/ekran-goruntusu-2024-06-07-231317.jpg\" width=\"815\" height=\"452\" alt=\"\" title=\"\"><\/p><\/p>\n","protected":false},"excerpt":{"rendered":"<p>Bar\u0131\u015f Ardu\u00e7 ve Hande Er\u00e7el&#8217;in ba\u015frollerini payla\u015faca\u011f\u0131 &#8220;Bir Ba\u015fka A\u015fk&#8221; filmi, haz\u0131rl\u0131klar\u0131 h\u0131zla devam ederken kadroya yeni isimler kat\u0131lmaya devam ediyor. Bar\u0131\u015f Ardu&ccedil; ve Hande Er&ccedil;el&rsquo;in ba\u015frol&uuml;nde yer alaca\u011f\u0131 &#8220;Bir Ba\u015fka A\u015fk&#8221; filminde fla\u015f geli\u015fmeler ya\u015fan\u0131yor.&nbsp; O3 Medya&#8217;n\u0131n haz\u0131rl\u0131klar\u0131n\u0131 s&uuml;rd&uuml;rd&uuml;\u011f&uuml; film, &Ccedil;e\u015fme&#8217;nin b&uuml;y&uuml;leyici atmosferinde &ccedil;ekilecek. Y&ouml;netmen koltu\u011funda Engin Erden&#8217;in oturaca\u011f\u0131 yap\u0131m i&ccedil;in kadroya &ouml;nemli isimler [&hellip;]<\/p>\n","protected":false},"author":4,"featured_media":38392,"comment_status":"closed","ping_status":"open","sticky":false,"template":"","format":"standard","meta":{"rank_math_lock_modified_date":false,"footnotes":""},"categories":[602],"tags":[2392,52384,2391,38506,43137],"class_list":["post-38393","post","type-post","status-publish","format-standard","has-post-thumbnail","hentry","category-diziler","tag-baris-arduc","tag-bir-baska-ask","tag-hande-ercel","tag-turk-filmi","tag-yeni-film"],"_links":{"self":[{"href":"https:\/\/www.tgrthaber.com\/mavikadin\/wp-json\/wp\/v2\/posts\/38393"}],"collection":[{"href":"https:\/\/www.tgrthaber.com\/mavikadin\/wp-json\/wp\/v2\/posts"}],"about":[{"href":"https:\/\/www.tgrthaber.com\/mavikadin\/wp-json\/wp\/v2\/types\/post"}],"author":[{"embeddable":true,"href":"https:\/\/www.tgrthaber.com\/mavikadin\/wp-json\/wp\/v2\/users\/4"}],"replies":[{"embeddable":true,"href":"https:\/\/www.tgrthaber.com\/mavikadin\/wp-json\/wp\/v2\/comments?post=38393"}],"version-history":[{"count":1,"href":"https:\/\/www.tgrthaber.com\/mavikadin\/wp-json\/wp\/v2\/posts\/38393\/revisions"}],"predecessor-version":[{"id":38394,"href":"https:\/\/www.tgrthaber.com\/mavikadin\/wp-json\/wp\/v2\/posts\/38393\/revisions\/38394"}],"wp:featuredmedia":[{"embeddable":true,"href":"https:\/\/www.tgrthaber.com\/mavikadin\/wp-json\/wp\/v2\/media\/38392"}],"wp:attachment":[{"href":"https:\/\/www.tgrthaber.com\/mavikadin\/wp-json\/wp\/v2\/media?parent=38393"}],"wp:term":[{"taxonomy":"category","embeddable":true,"href":"https:\/\/www.tgrthaber.com\/mavikadin\/wp-json\/wp\/v2\/categories?post=38393"},{"taxonomy":"post_tag","embeddable":true,"href":"https:\/\/www.tgrthaber.com\/mavikadin\/wp-json\/wp\/v2\/tags?post=38393"}],"curies":[{"name":"wp","href":"https:\/\/api.w.org\/{rel}","templated":true}]}}