{"id":38507,"date":"2024-06-13T15:59:48","date_gmt":"2024-06-13T12:59:48","guid":{"rendered":"https:\/\/new.mavikadin.com\/?p=38507"},"modified":"2024-09-13T16:04:22","modified_gmt":"2024-09-13T13:04:22","slug":"serdar-ortac-hakkinda-cikan-iddialarla-ilgili-sessizligini-bozdu-bunlara-inanmayin","status":"publish","type":"post","link":"https:\/\/www.tgrthaber.com\/mavikadin\/serdar-ortac-hakkinda-cikan-iddialarla-ilgili-sessizligini-bozdu-bunlara-inanmayin\/","title":{"rendered":"Serdar Orta\u00e7 hakk\u0131nda \u00e7\u0131kan iddialarla ilgili sessizli\u011fini bozdu: Bunlara \u0130nanmay\u0131n"},"content":{"rendered":"<p>\u00dcnl\u00fc sanat\u00e7\u0131 Serdar Orta\u00e7, yak\u0131n \u00e7evresinden bor\u00e7 para istedi\u011fi ve bu ama\u00e7la bir WhatsApp grubu kurdu\u011fu iddialar\u0131na sosyal medya hesab\u0131ndan tepki g\u00f6sterdi.<\/p>\n<p>Gerek sa\u011fl\u0131k sorunlar\u0131, gerek a\u015fk hayat\u0131, gerekse yapt\u0131\u011f\u0131 a&ccedil;\u0131klamalarla s\u0131k s\u0131k g&uuml;ndeme gelen &uuml;nl&uuml; sanat&ccedil;\u0131 Serdar Orta&ccedil;, bu sefer maddi s\u0131k\u0131nt\u0131lar nedeniyle g&uuml;ndemde. Orta&ccedil;&#8217;\u0131n yak\u0131n &ccedil;evresinden para istedi\u011fi ve bu ama&ccedil;la bir WhatsApp grubu kurdu\u011fu iddialar\u0131, magazin d&uuml;nyas\u0131n\u0131 sallad\u0131.<\/p>\n<p>#vd-1446#<\/p>\n<p>\u0130ddialara g&ouml;re, maddi anlamda zor d&ouml;nemler ge&ccedil;iren Serdar Orta&ccedil;, 500 bin TL&rsquo;lik borcunu &ouml;deyebilmek i&ccedil;in tan\u0131d\u0131klar\u0131ndan 5&rsquo;er bin lira bor&ccedil; para istedi. &Uuml;nl&uuml; sanat&ccedil;\u0131n\u0131n, evine gelecek haczi &ouml;nlemek amac\u0131yla WhatsApp &uuml;zerinden bir grup kurarak bu talebi iletti\u011fi &ouml;ne s&uuml;r&uuml;ld&uuml;. Hatta, Orta&ccedil;&rsquo;\u0131n tan\u0131d\u0131klar\u0131ndan acil bir \u015fekilde yard\u0131m istedi\u011fi ve bu paray\u0131 toplayarak bor&ccedil;lar\u0131n\u0131 kapatmay\u0131 ama&ccedil;lad\u0131\u011f\u0131 iddialar\u0131 g&uuml;ndemi sarst\u0131.&nbsp;<\/p>\n<p>Bu iddialar\u0131n h\u0131zla yay\u0131lmas\u0131n\u0131n ard\u0131ndan, Serdar Orta&ccedil; sosyal medya hesab\u0131ndan sessizli\u011fini bozarak bir a&ccedil;\u0131klama yapt\u0131.&nbsp;<\/p>\n<p><img decoding=\"async\" src=\"https:\/\/www.tgrthaber.com\/mavikadin\/wp-content\/images\/haberler\/24-06\/13\/2.jpg\" alt=\"\" title=\"\"><\/p>\n<h3><strong>&#8220;BUNLARA \u0130NANMAYIN&#8221;<\/strong><\/h3>\n<p>Serdar Orta&ccedil;, sosyal medya hesab\u0131ndan yapt\u0131\u011f\u0131 a&ccedil;\u0131klamada, &#8220;Ge&ccedil;en sene bir arkada\u015f\u0131mdan bor&ccedil; ald\u0131\u011f\u0131m d&ouml;nemde ger&ccedil;ekle\u015fen WhatsApp konu\u015fmalar\u0131n\u0131 bulmu\u015flar ve \u015fimdi yay\u0131nl\u0131yorlar. 300 ki\u015filik bir grup kurup herkesten para istemi\u015fim gibi g&ouml;steriyorlar. Bunlara inanmay\u0131n. E\u011fer benim ad\u0131ma sizden biri para isterse, kesinlikle inanmay\u0131n,&#8221; ifadelerine yer verdi.<\/p>\n<p><img loading=\"lazy\" decoding=\"async\" src=\"https:\/\/www.tgrthaber.com\/mavikadin\/wp-content\/images\/haberler\/24-06\/13\/1-1718283636.jpg\" width=\"796\" height=\"1030\" alt=\"\" title=\"\"><\/p>\n<p>MS hastal\u0131\u011f\u0131 nedeniyle zor g&uuml;nler ge&ccedil;iren Serdar Orta&ccedil;, k\u0131sa bir s&uuml;re &ouml;nce alkol ve sigaray\u0131 b\u0131rakt\u0131\u011f\u0131n\u0131 a&ccedil;\u0131klam\u0131\u015ft\u0131. Sanat&ccedil;\u0131, sa\u011fl\u0131k sorunlar\u0131n\u0131n yan\u0131 s\u0131ra maddi s\u0131k\u0131nt\u0131larla da m&uuml;cadele ediyor.<\/p>\n<p>#vd-1584#<\/p><\/p>\n","protected":false},"excerpt":{"rendered":"<p>\u00dcnl\u00fc sanat\u00e7\u0131 Serdar Orta\u00e7, yak\u0131n \u00e7evresinden bor\u00e7 para istedi\u011fi ve bu ama\u00e7la bir WhatsApp grubu kurdu\u011fu iddialar\u0131na sosyal medya hesab\u0131ndan tepki g\u00f6sterdi. Gerek sa\u011fl\u0131k sorunlar\u0131, gerek a\u015fk hayat\u0131, gerekse yapt\u0131\u011f\u0131 a&ccedil;\u0131klamalarla s\u0131k s\u0131k g&uuml;ndeme gelen &uuml;nl&uuml; sanat&ccedil;\u0131 Serdar Orta&ccedil;, bu sefer maddi s\u0131k\u0131nt\u0131lar nedeniyle g&uuml;ndemde. Orta&ccedil;&#8217;\u0131n yak\u0131n &ccedil;evresinden para istedi\u011fi ve bu ama&ccedil;la bir WhatsApp [&hellip;]<\/p>\n","protected":false},"author":4,"featured_media":38506,"comment_status":"closed","ping_status":"open","sticky":false,"template":"","format":"standard","meta":{"rank_math_lock_modified_date":false,"footnotes":""},"categories":[76],"tags":[42669,52537,1034,2674,91],"class_list":["post-38507","post","type-post","status-publish","format-standard","has-post-thumbnail","hentry","category-magazin","tag-aciklama","tag-borc-iddiasi","tag-ortac","tag-serdar-ortac","tag-whatsapp"],"_links":{"self":[{"href":"https:\/\/www.tgrthaber.com\/mavikadin\/wp-json\/wp\/v2\/posts\/38507"}],"collection":[{"href":"https:\/\/www.tgrthaber.com\/mavikadin\/wp-json\/wp\/v2\/posts"}],"about":[{"href":"https:\/\/www.tgrthaber.com\/mavikadin\/wp-json\/wp\/v2\/types\/post"}],"author":[{"embeddable":true,"href":"https:\/\/www.tgrthaber.com\/mavikadin\/wp-json\/wp\/v2\/users\/4"}],"replies":[{"embeddable":true,"href":"https:\/\/www.tgrthaber.com\/mavikadin\/wp-json\/wp\/v2\/comments?post=38507"}],"version-history":[{"count":1,"href":"https:\/\/www.tgrthaber.com\/mavikadin\/wp-json\/wp\/v2\/posts\/38507\/revisions"}],"predecessor-version":[{"id":38508,"href":"https:\/\/www.tgrthaber.com\/mavikadin\/wp-json\/wp\/v2\/posts\/38507\/revisions\/38508"}],"wp:featuredmedia":[{"embeddable":true,"href":"https:\/\/www.tgrthaber.com\/mavikadin\/wp-json\/wp\/v2\/media\/38506"}],"wp:attachment":[{"href":"https:\/\/www.tgrthaber.com\/mavikadin\/wp-json\/wp\/v2\/media?parent=38507"}],"wp:term":[{"taxonomy":"category","embeddable":true,"href":"https:\/\/www.tgrthaber.com\/mavikadin\/wp-json\/wp\/v2\/categories?post=38507"},{"taxonomy":"post_tag","embeddable":true,"href":"https:\/\/www.tgrthaber.com\/mavikadin\/wp-json\/wp\/v2\/tags?post=38507"}],"curies":[{"name":"wp","href":"https:\/\/api.w.org\/{rel}","templated":true}]}}