{"id":38513,"date":"2024-06-13T19:45:35","date_gmt":"2024-06-13T16:45:35","guid":{"rendered":"https:\/\/new.mavikadin.com\/?p=38513"},"modified":"2024-09-13T16:04:37","modified_gmt":"2024-09-13T13:04:37","slug":"murat-soydanin-43-yillik-esi-gozyaslarini-tutamadi-kollarimda-oldu","status":"publish","type":"post","link":"https:\/\/www.tgrthaber.com\/mavikadin\/murat-soydanin-43-yillik-esi-gozyaslarini-tutamadi-kollarimda-oldu\/","title":{"rendered":"Murat Soydan&#8217;\u0131n 43 y\u0131ll\u0131k e\u015fi g\u00f6zya\u015flar\u0131n\u0131 tutamad\u0131: Kollar\u0131mda \u00f6ld\u00fc"},"content":{"rendered":"<p>Ye\u015fil\u00e7am&#8217;\u0131n usta oyuncusu Murat Soydan, Atak\u00f6y 5. K\u0131s\u0131m \u00d6mer Duruk Camii&#8217;nde d\u00fczenlenen cenaze namaz\u0131yla son yolculu\u011funa u\u011furland\u0131. T\u00f6rende Murat Soydan&#8217;\u0131n e\u015fi U\u011furg\u00fcl Soydan bir konu\u015fma yapt\u0131.<\/p>\n<p>T&uuml;rk sinemas\u0131n\u0131n efsanevi isimlerinden Murat Soydan, Sal\u0131 g&uuml;n&uuml; vefat etti. 83 ya\u015f\u0131ndaki Soydan&#8217;\u0131n &ouml;l&uuml;m haberini k\u0131z\u0131 Mehve\u015f Soydan, &#8220;Can\u0131m babam\u0131z\u0131 kaybettik. Ba\u015f\u0131m\u0131z sa\u011f olsun&#8221; diyerek duyurdu. Murat Soydan, 1970&#8217;li y\u0131llar\u0131n j&ouml;n oyuncular\u0131ndan biriydi ve \u0130stanbul Bak\u0131rk&ouml;y&#8217;de Atak&ouml;y 5. K\u0131s\u0131m &Ouml;mer Duruk Camii&#8217;nde d&uuml;zenlenen cenaze namaz\u0131yla son yolculu\u011funa u\u011furland\u0131.<\/p>\n<h3><strong>&#8220;KOLLARIMDA &Ouml;LD&Uuml;&#8221;<\/strong><\/h3>\n<p>Cenaze namaz\u0131nda Soydan&#8217;\u0131n yak\u0131nlar\u0131 ve meslekta\u015flar\u0131 da yer ald\u0131. Ye\u015fil&ccedil;am sinemas\u0131n\u0131n usta oyuncusu Murat Soydan&#8217;\u0131n e\u015fi U\u011furg&uuml;l Soydan, &#8220;Muhte\u015fem bir insand\u0131. 43 y\u0131l boyunca beraberdik. B&uuml;y&uuml;k bir kay\u0131p ya\u015fad\u0131k. Ailesi ve T&uuml;rk milletinin ba\u015f\u0131 sa\u011f olsun. Eserleriyle hat\u0131rlanacak. 11 Haziran sabah\u0131 ani kalp krizi ge&ccedil;irdi, kollar\u0131mda &ouml;ld&uuml;&#8221; dedi.<\/p>\n<p><img decoding=\"async\" src=\"https:\/\/www.tgrthaber.com\/mavikadin\/wp-content\/images\/haberler\/24-06\/13\/ekran-goruntusu-2024-06-13-194522.jpg\" alt=\"\" title=\"\"><\/p>\n<p>Mehve\u015f Soydan, &#8220;Hepimizin ba\u015f\u0131 sa\u011f olsun. Onun k\u0131z\u0131 olmaktan gurur duyuyorum. Mekan\u0131 cennet olsun. Babam\u0131n ad\u0131n\u0131 daima ya\u015fataca\u011f\u0131z&#8221; dedi.<\/p>\n<h3><strong>&#8220;BA\u015eIMIZ SA\u011eOLSUN<\/strong><\/h3>\n<p>Nuri Al&ccedil;o, yak\u0131n arkada\u015f\u0131 Murat Soydan&#8217;\u0131 \u015fu \u015fekilde anlatt\u0131: &#8220;Murat Soydan, Ye\u015fil&ccedil;am&#8217;da &ouml;nemli bir yeri olan ve T&uuml;rk sinemas\u0131n\u0131n en yak\u0131\u015f\u0131kl\u0131 insanlar\u0131ndan biriydi. Onu kaybetmenin &uuml;z&uuml;nt&uuml;s&uuml;n&uuml; ya\u015f\u0131yoruz. Ba\u015f\u0131m\u0131z sa\u011f olsun.&#8221;<\/p>\n<p><img loading=\"lazy\" decoding=\"async\" src=\"https:\/\/www.tgrthaber.com\/mavikadin\/wp-content\/images\/haberler\/24-06\/13\/aw226862_02.jpg\" width=\"790\" height=\"592\" alt=\"\" title=\"\"><\/p><\/p>\n","protected":false},"excerpt":{"rendered":"<p>Ye\u015fil\u00e7am&#8217;\u0131n usta oyuncusu Murat Soydan, Atak\u00f6y 5. K\u0131s\u0131m \u00d6mer Duruk Camii&#8217;nde d\u00fczenlenen cenaze namaz\u0131yla son yolculu\u011funa u\u011furland\u0131. T\u00f6rende Murat Soydan&#8217;\u0131n e\u015fi U\u011furg\u00fcl Soydan bir konu\u015fma yapt\u0131. T&uuml;rk sinemas\u0131n\u0131n efsanevi isimlerinden Murat Soydan, Sal\u0131 g&uuml;n&uuml; vefat etti. 83 ya\u015f\u0131ndaki Soydan&#8217;\u0131n &ouml;l&uuml;m haberini k\u0131z\u0131 Mehve\u015f Soydan, &#8220;Can\u0131m babam\u0131z\u0131 kaybettik. Ba\u015f\u0131m\u0131z sa\u011f olsun&#8221; diyerek duyurdu. Murat Soydan, 1970&#8217;li [&hellip;]<\/p>\n","protected":false},"author":4,"featured_media":38512,"comment_status":"closed","ping_status":"open","sticky":false,"template":"","format":"standard","meta":{"rank_math_lock_modified_date":false,"footnotes":""},"categories":[76],"tags":[446,1035],"class_list":["post-38513","post","type-post","status-publish","format-standard","has-post-thumbnail","hentry","category-magazin","tag-murat","tag-soydan"],"_links":{"self":[{"href":"https:\/\/www.tgrthaber.com\/mavikadin\/wp-json\/wp\/v2\/posts\/38513"}],"collection":[{"href":"https:\/\/www.tgrthaber.com\/mavikadin\/wp-json\/wp\/v2\/posts"}],"about":[{"href":"https:\/\/www.tgrthaber.com\/mavikadin\/wp-json\/wp\/v2\/types\/post"}],"author":[{"embeddable":true,"href":"https:\/\/www.tgrthaber.com\/mavikadin\/wp-json\/wp\/v2\/users\/4"}],"replies":[{"embeddable":true,"href":"https:\/\/www.tgrthaber.com\/mavikadin\/wp-json\/wp\/v2\/comments?post=38513"}],"version-history":[{"count":1,"href":"https:\/\/www.tgrthaber.com\/mavikadin\/wp-json\/wp\/v2\/posts\/38513\/revisions"}],"predecessor-version":[{"id":38514,"href":"https:\/\/www.tgrthaber.com\/mavikadin\/wp-json\/wp\/v2\/posts\/38513\/revisions\/38514"}],"wp:featuredmedia":[{"embeddable":true,"href":"https:\/\/www.tgrthaber.com\/mavikadin\/wp-json\/wp\/v2\/media\/38512"}],"wp:attachment":[{"href":"https:\/\/www.tgrthaber.com\/mavikadin\/wp-json\/wp\/v2\/media?parent=38513"}],"wp:term":[{"taxonomy":"category","embeddable":true,"href":"https:\/\/www.tgrthaber.com\/mavikadin\/wp-json\/wp\/v2\/categories?post=38513"},{"taxonomy":"post_tag","embeddable":true,"href":"https:\/\/www.tgrthaber.com\/mavikadin\/wp-json\/wp\/v2\/tags?post=38513"}],"curies":[{"name":"wp","href":"https:\/\/api.w.org\/{rel}","templated":true}]}}