{"id":38516,"date":"2024-06-13T20:25:03","date_gmt":"2024-06-13T17:25:03","guid":{"rendered":"https:\/\/new.mavikadin.com\/?p=38516"},"modified":"2024-09-13T16:04:42","modified_gmt":"2024-09-13T13:04:42","slug":"fransiz-askisi-operasyonundan-sonra-bambaska-birine-donusen-berksan-bin-pisman","status":"publish","type":"post","link":"https:\/\/www.tgrthaber.com\/mavikadin\/fransiz-askisi-operasyonundan-sonra-bambaska-birine-donusen-berksan-bin-pisman\/","title":{"rendered":"Frans\u0131z Ask\u0131s\u0131 operasyonundan sonra bamba\u015fka birine d\u00f6n\u00fc\u015fen Berksan bin pi\u015fman"},"content":{"rendered":"<p>Ge\u00e7ti\u011fimiz g\u00fcnlerde objektiflere yakalanan Berksan, muhabirlerin sorular\u0131n\u0131 yan\u0131tlad\u0131 ve estetik operasyonlar\u0131 hakk\u0131nda \u00e7arp\u0131c\u0131 itiraflarda bulundu.<\/p>\n<p>Uzun bir s&uuml;redir ortalarda g&ouml;r&uuml;nmeyen Berksan, ocak ay\u0131nda estetik operasyon ge&ccedil;irmi\u015fti. 2022 y\u0131l\u0131nda &#8220;Frans\u0131z Ask\u0131s\u0131&#8221; y&ouml;ntemiyle y&uuml;z&uuml;n&uuml; gerdiren \u015fark\u0131c\u0131n\u0131n son hali sosyal medyada b&uuml;y&uuml;k ilgi g&ouml;rm&uuml;\u015ft&uuml;.<\/p>\n<p>Yeni projeleri hakk\u0131nda da bilgi veren Berksan, &#8220;Yeni \u015fark\u0131m &#8216;&Ccedil;ok &Ouml;zl&uuml;yorum&#8217; yak\u0131nda geliyor. Art\u0131k alb&uuml;m yapm\u0131yorum, single single ilerliyorum. Hande Yener ve Sibel Can&#8217;\u0131n alb&uuml;mlerinde de yer ald\u0131m. S&uuml;rekli i\u015fin mutfa\u011f\u0131nday\u0131m ve sahnedeyim&#8221; dedi.<\/p>\n<p><img loading=\"lazy\" decoding=\"async\" src=\"https:\/\/www.tgrthaber.com\/mavikadin\/wp-content\/images\/haberler\/24-06\/13\/img-4087-vpx1_preview_rev_1.png\" width=\"699\" height=\"699\" alt=\"\" title=\"\"><\/p>\n<h3><strong>&#8220;A\u015eIK OLMAK \u0130ST\u0130YORUM&#8221;<\/strong><\/h3>\n<p>A\u015fk hayat\u0131 hakk\u0131nda da a&ccedil;\u0131klamalarda bulunan Berksan, &#8220;A\u015f\u0131k olmak istiyorum. 20 y\u0131ld\u0131r bir tek bende yok. Sevdi\u011fim kad\u0131nlar\u0131 ald\u0131lar&#8221; ifadelerini kulland\u0131. Fit g&ouml;r&uuml;n&uuml;m&uuml;yle dikkat &ccedil;eken \u015fark\u0131c\u0131, &#8220;Mide s\u0131k\u0131nt\u0131s\u0131 ya\u015fam\u0131\u015ft\u0131m ve bu durum beni daha sa\u011fl\u0131kl\u0131 ya\u015fama y&ouml;nlendirdi. Kendimi art\u0131k daha iyi hissediyorum&#8221; diye ekledi.<\/p>\n<p><img decoding=\"async\" src=\"https:\/\/www.tgrthaber.com\/mavikadin\/wp-content\/images\/haberler\/24-06\/13\/b2.jpg\" alt=\"\" title=\"\"><\/p>\n<h3><strong>&#8220;P\u0130\u015eMANIM&#8221;<\/strong><\/h3>\n<p>Snob Magazin&#8217;e konu\u015fan Berksan, estetik i\u015flemler hakk\u0131nda \u015funlar\u0131 s&ouml;yledi: &#8220;Bizde estetik i\u015flemler &ccedil;ok b&uuml;y&uuml;t&uuml;l&uuml;yor. Herkes istedi\u011fini yapmal\u0131. Hayat k\u0131sa ve dolu dolu ya\u015fanmal\u0131. Ben estetik i\u015flemlerden pi\u015fman\u0131m, sadece botoksu seviyorum.&#8221;<\/p><\/p>\n","protected":false},"excerpt":{"rendered":"<p>Ge\u00e7ti\u011fimiz g\u00fcnlerde objektiflere yakalanan Berksan, muhabirlerin sorular\u0131n\u0131 yan\u0131tlad\u0131 ve estetik operasyonlar\u0131 hakk\u0131nda \u00e7arp\u0131c\u0131 itiraflarda bulundu. Uzun bir s&uuml;redir ortalarda g&ouml;r&uuml;nmeyen Berksan, ocak ay\u0131nda estetik operasyon ge&ccedil;irmi\u015fti. 2022 y\u0131l\u0131nda &#8220;Frans\u0131z Ask\u0131s\u0131&#8221; y&ouml;ntemiyle y&uuml;z&uuml;n&uuml; gerdiren \u015fark\u0131c\u0131n\u0131n son hali sosyal medyada b&uuml;y&uuml;k ilgi g&ouml;rm&uuml;\u015ft&uuml;. Yeni projeleri hakk\u0131nda da bilgi veren Berksan, &#8220;Yeni \u015fark\u0131m &#8216;&Ccedil;ok &Ouml;zl&uuml;yorum&#8217; yak\u0131nda geliyor. Art\u0131k [&hellip;]<\/p>\n","protected":false},"author":4,"featured_media":38515,"comment_status":"closed","ping_status":"open","sticky":false,"template":"","format":"standard","meta":{"rank_math_lock_modified_date":false,"footnotes":""},"categories":[76],"tags":[1036,52544,52547,51684,52545,52546],"class_list":["post-38516","post","type-post","status-publish","format-standard","has-post-thumbnail","hentry","category-magazin","tag-berksan","tag-berksan-fransiz-askisi","tag-berksan-itiraf","tag-estetik-pismanligi","tag-sarkici-estetigi","tag-yeni-sarki-berksan"],"_links":{"self":[{"href":"https:\/\/www.tgrthaber.com\/mavikadin\/wp-json\/wp\/v2\/posts\/38516"}],"collection":[{"href":"https:\/\/www.tgrthaber.com\/mavikadin\/wp-json\/wp\/v2\/posts"}],"about":[{"href":"https:\/\/www.tgrthaber.com\/mavikadin\/wp-json\/wp\/v2\/types\/post"}],"author":[{"embeddable":true,"href":"https:\/\/www.tgrthaber.com\/mavikadin\/wp-json\/wp\/v2\/users\/4"}],"replies":[{"embeddable":true,"href":"https:\/\/www.tgrthaber.com\/mavikadin\/wp-json\/wp\/v2\/comments?post=38516"}],"version-history":[{"count":1,"href":"https:\/\/www.tgrthaber.com\/mavikadin\/wp-json\/wp\/v2\/posts\/38516\/revisions"}],"predecessor-version":[{"id":38517,"href":"https:\/\/www.tgrthaber.com\/mavikadin\/wp-json\/wp\/v2\/posts\/38516\/revisions\/38517"}],"wp:featuredmedia":[{"embeddable":true,"href":"https:\/\/www.tgrthaber.com\/mavikadin\/wp-json\/wp\/v2\/media\/38515"}],"wp:attachment":[{"href":"https:\/\/www.tgrthaber.com\/mavikadin\/wp-json\/wp\/v2\/media?parent=38516"}],"wp:term":[{"taxonomy":"category","embeddable":true,"href":"https:\/\/www.tgrthaber.com\/mavikadin\/wp-json\/wp\/v2\/categories?post=38516"},{"taxonomy":"post_tag","embeddable":true,"href":"https:\/\/www.tgrthaber.com\/mavikadin\/wp-json\/wp\/v2\/tags?post=38516"}],"curies":[{"name":"wp","href":"https:\/\/api.w.org\/{rel}","templated":true}]}}