{"id":38522,"date":"2024-06-14T00:00:13","date_gmt":"2024-06-13T21:00:13","guid":{"rendered":"https:\/\/new.mavikadin.com\/?p=38522"},"modified":"2024-09-13T16:04:55","modified_gmt":"2024-09-13T13:04:55","slug":"dilan-polat-davasinda-soke-eden-gelisme-tahliyelerine-karar-verildi","status":"publish","type":"post","link":"https:\/\/www.tgrthaber.com\/mavikadin\/dilan-polat-davasinda-soke-eden-gelisme-tahliyelerine-karar-verildi\/","title":{"rendered":"Dilan Polat davas\u0131nda \u015foke eden geli\u015fme! Tahliyelerine karar verildi"},"content":{"rendered":"<p>4 Kas\u0131m&#8217;dan bu yana kara para aklama ve vergi ka\u00e7\u0131rma su\u00e7lamalar\u0131yla tutuklu bulunan Dilan ve Engin Polat&#8217;a dair \u00f6nemli bir karar al\u0131nd\u0131. Bug\u00fcn sabah saatlerinden itibaren yap\u0131lan ayl\u0131k tutukluluk de\u011ferlendirmesi sonucunda, Polat karde\u015flere tahliye karar\u0131 \u00e7\u0131kt\u0131.<\/p>\n<p>Uzun s&uuml;redir g&uuml;ndemde olan Dilan Polat ve Engin Polat davas\u0131nda \u015fok bir geli\u015fme ya\u015fand\u0131. Gazeteci Emrullah Erdin&ccedil;&#8217;in haberine g&ouml;re, Dilan Polat&#8217;\u0131n karde\u015fleri S\u0131la Do\u011fu ve Can Do\u011fu&#8217;nun tutuksuz yarg\u0131lanmalar\u0131na karar verildi ve cezaevinden tahliye edilmeleri kararla\u015ft\u0131r\u0131ld\u0131.<\/p>\n<p><img loading=\"lazy\" decoding=\"async\" src=\"https:\/\/www.tgrthaber.com\/mavikadin\/wp-content\/images\/haberler\/24-06\/14\/ekran-goruntusu-2024-06-14-000331.jpg\" width=\"810\" height=\"416\" alt=\"\" title=\"\"><\/p>\n<h3><strong>POLAT KARDE\u015eLERE TAHL\u0130YE<\/strong><\/h3>\n<p>Dilan ve Engin Polat ise kara para aklama ve vergi ka&ccedil;\u0131rma su&ccedil;lamalar\u0131yla 4 Kas\u0131m&#8217;dan bu yana cezaevinde tutuluyorlard\u0131. Bug&uuml;n sabah saatlerinden itibaren yap\u0131lan ayl\u0131k tutukluluk de\u011ferlendirmesi sonucunda, Polat karde\u015flere tahliye karar\u0131 &ccedil;\u0131kt\u0131.<\/p>\n<p>4 Sulh Ceza Hakimli\u011fi, Engin Polat&#8217;\u0131n babas\u0131 Sezgin Polat, amcas\u0131 Ahmet G&uuml;n ve karde\u015fi Alper K&uuml;r\u015fat Polat&#8217;\u0131n tutukluluk hallerine devam karar\u0131 verirken, Dilan Polat&#8217;\u0131n karde\u015flerinin serbest b\u0131rak\u0131lmas\u0131na karar verdi.<\/p>\n<p><img loading=\"lazy\" decoding=\"async\" src=\"https:\/\/www.tgrthaber.com\/mavikadin\/wp-content\/images\/haberler\/24-06\/14\/ekran-goruntusu-2024-06-13-235401.jpg\" width=\"763\" height=\"1235\" alt=\"\" title=\"\"><\/p>\n<p>S\u0131la Do\u011fu&#8217;nun avukat\u0131, m&uuml;vekkilinin tahliye edilece\u011fi haberini sosyal medya &uuml;zerinden do\u011frulayarak, geli\u015fmeyi kamuoyuyla payla\u015ft\u0131.<\/p>\n<h3><strong>NE OLMU\u015eTU?<\/strong><\/h3>\n<p>Dilan ve Engin Polat&#8217;\u0131n da aralar\u0131nda bulundu\u011fu 12 ki\u015fi, Anadolu Cumhuriyet Ba\u015fsavc\u0131l\u0131\u011f\u0131 taraf\u0131ndan &ccedil;\u0131kar\u0131ld\u0131klar\u0131 hakimlik&ccedil;e tutukland\u0131. Savc\u0131l\u0131k, Engin Polat ve Dilan Polat da dahil olmak &uuml;zere \u015f&uuml;pheliler hakk\u0131nda &#8220;Su&ccedil; Gelirlerinin Aklanmas\u0131n\u0131n &Ouml;nlenmesi, Vergi Usul Kanunu ile Futbol ve Di\u011fer Spor M&uuml;sabakalar\u0131nda Bahis ve \u015eans Oyunlar\u0131 D&uuml;zenlenmesi Kanunlar\u0131na Muhalefet&#8221; su&ccedil;lar\u0131ndan ba\u015flat\u0131lan soru\u015fturma kapsam\u0131nda tutukland\u0131lar.<\/p>\n<p>Savc\u0131l\u0131\u011f\u0131n tutuklama talebiyle haz\u0131rlad\u0131\u011f\u0131 sevk yaz\u0131s\u0131nda, \u015f&uuml;pheli Ahmet G&uuml;n&#8217;&uuml;n kendisine ait tasfiye halindeki 5 \u015firketten Dilan Polat&#8217;a ait firmaya mal al\u0131\u015fveri\u015fi yapmadan para g&ouml;nderdi\u011fi ve bu s&uuml;re&ccedil;te 150 milyon, 98 milyon, 29 milyon ve 25 milyon liral\u0131k sahte fatura d&uuml;zenledi\u011fi belirtildi.<\/p><\/p>\n","protected":false},"excerpt":{"rendered":"<p>4 Kas\u0131m&#8217;dan bu yana kara para aklama ve vergi ka\u00e7\u0131rma su\u00e7lamalar\u0131yla tutuklu bulunan Dilan ve Engin Polat&#8217;a dair \u00f6nemli bir karar al\u0131nd\u0131. Bug\u00fcn sabah saatlerinden itibaren yap\u0131lan ayl\u0131k tutukluluk de\u011ferlendirmesi sonucunda, Polat karde\u015flere tahliye karar\u0131 \u00e7\u0131kt\u0131. Uzun s&uuml;redir g&uuml;ndemde olan Dilan Polat ve Engin Polat davas\u0131nda \u015fok bir geli\u015fme ya\u015fand\u0131. Gazeteci Emrullah Erdin&ccedil;&#8217;in haberine g&ouml;re, [&hellip;]<\/p>\n","protected":false},"author":4,"featured_media":38521,"comment_status":"closed","ping_status":"open","sticky":false,"template":"","format":"standard","meta":{"rank_math_lock_modified_date":false,"footnotes":""},"categories":[76],"tags":[722,683],"class_list":["post-38522","post","type-post","status-publish","format-standard","has-post-thumbnail","hentry","category-magazin","tag-dilan","tag-polat"],"_links":{"self":[{"href":"https:\/\/www.tgrthaber.com\/mavikadin\/wp-json\/wp\/v2\/posts\/38522"}],"collection":[{"href":"https:\/\/www.tgrthaber.com\/mavikadin\/wp-json\/wp\/v2\/posts"}],"about":[{"href":"https:\/\/www.tgrthaber.com\/mavikadin\/wp-json\/wp\/v2\/types\/post"}],"author":[{"embeddable":true,"href":"https:\/\/www.tgrthaber.com\/mavikadin\/wp-json\/wp\/v2\/users\/4"}],"replies":[{"embeddable":true,"href":"https:\/\/www.tgrthaber.com\/mavikadin\/wp-json\/wp\/v2\/comments?post=38522"}],"version-history":[{"count":1,"href":"https:\/\/www.tgrthaber.com\/mavikadin\/wp-json\/wp\/v2\/posts\/38522\/revisions"}],"predecessor-version":[{"id":38523,"href":"https:\/\/www.tgrthaber.com\/mavikadin\/wp-json\/wp\/v2\/posts\/38522\/revisions\/38523"}],"wp:featuredmedia":[{"embeddable":true,"href":"https:\/\/www.tgrthaber.com\/mavikadin\/wp-json\/wp\/v2\/media\/38521"}],"wp:attachment":[{"href":"https:\/\/www.tgrthaber.com\/mavikadin\/wp-json\/wp\/v2\/media?parent=38522"}],"wp:term":[{"taxonomy":"category","embeddable":true,"href":"https:\/\/www.tgrthaber.com\/mavikadin\/wp-json\/wp\/v2\/categories?post=38522"},{"taxonomy":"post_tag","embeddable":true,"href":"https:\/\/www.tgrthaber.com\/mavikadin\/wp-json\/wp\/v2\/tags?post=38522"}],"curies":[{"name":"wp","href":"https:\/\/api.w.org\/{rel}","templated":true}]}}