{"id":39902,"date":"2024-08-05T21:24:28","date_gmt":"2024-08-05T18:24:28","guid":{"rendered":"https:\/\/new.mavikadin.com\/?p=39902"},"modified":"2024-09-13T16:50:47","modified_gmt":"2024-09-13T13:50:47","slug":"kirli-sepeti-yeni-sezona-sok-edici-bir-olayla-baslayacak-detaylar-ortaya-cikiyor","status":"publish","type":"post","link":"https:\/\/www.tgrthaber.com\/mavikadin\/kirli-sepeti-yeni-sezona-sok-edici-bir-olayla-baslayacak-detaylar-ortaya-cikiyor\/","title":{"rendered":"Kirli Sepeti yeni sezona \u015fok edici bir olayla ba\u015flayacak! Detaylar ortaya \u00e7\u0131k\u0131yor"},"content":{"rendered":"<p>\u201cKirli Sepeti\u201d dizisinin ikinci sezonunda Pelin Karahan, Emre Karayel, Yusuf \u00c7im, \u00d6zge \u00d6zder ve Ay\u00e7a Erturan gibi \u00f6nemli isimler diziye dahil olacak. 8 Eyl\u00fcl\u2019de ekrana gelecek olan yeni sezon, \u015fok edici olaylar ve yeni karakterlerle dolu olacak.<\/p>\n<p>MedYap\u0131m&rsquo;\u0131n NOW i&ccedil;in haz\u0131rlad\u0131\u011f\u0131 ve b&uuml;y&uuml;k ilgi g&ouml;ren &ldquo;Kirli Sepeti&rdquo; dizisinin ikinci sezonu i&ccedil;in heyecan verici geli\u015fmeler ya\u015fan\u0131yor. Dizinin yeni sezonunun ilk b&ouml;l&uuml;m&uuml;, 8 Eyl&uuml;l Pazar ak\u015fam\u0131 ekrana gelecek. Ece Erdek Ko&ccedil;o\u011flu&rsquo;nun y&ouml;netmenli\u011fini &uuml;stlendi\u011fi, Nil G&uuml;le&ccedil; &Uuml;nsal ve &Ouml;zlem \u0130nci Hekimo\u011flu&rsquo;nun kaleme ald\u0131\u011f\u0131 dizide, ba\u015frollerde Ay&ccedil;a Bing&ouml;l, Ceren Moray ve Cansu Tosun yer al\u0131yor.<\/p>\n<h3><strong>G&Ouml;R&Uuml;\u015eMELER DEVAM ED\u0130YOR<\/strong><\/h3>\n<p>Yeni sezon, Song&uuml;l&rsquo;&uuml;n ba\u015f\u0131na gelen \u015fok edici bir olayla ba\u015flayacak ve dizinin dinamiklerini de\u011fi\u015ftirecek. Bu sezonda, yeni zengin aileler ve karakterler de hikayeye dahil olacak. \u015eu anda imza a\u015famas\u0131nda olan isimler dikkat &ccedil;ekiyor: Pelin Karahan, dizide trendleri yak\u0131ndan takip eden Meyra karakterini oynayacak. Meyra&rsquo;n\u0131n e\u015fi Yi\u011fit rol&uuml; i&ccedil;in Emre Karayel&rsquo;le g&ouml;r&uuml;\u015f&uuml;l&uuml;yor, erkek karde\u015fi Mert Karabey i&ccedil;in ise Yusuf &Ccedil;im ile g&ouml;r&uuml;\u015fmeler devam ediyor. Ayr\u0131ca, Meyra&rsquo;n\u0131n siteden arkada\u015flar\u0131 olan J&uuml;lide rol&uuml; i&ccedil;in &Ouml;zge &Ouml;zder ve S&uuml;heyla karakteri i&ccedil;in Ay&ccedil;a Erturan&rsquo;\u0131n anla\u015fmas\u0131 bekleniyor.<\/p>\n<p><img loading=\"lazy\" decoding=\"async\" src=\"https:\/\/www.tgrthaber.com\/mavikadin\/wp-content\/images\/haberler\/24-08\/05\/whatsapp-image-2024-08-05-at-203956.jpeg\" width=\"818\" height=\"818\" alt=\"\" title=\"\"><\/p>\n<p><strong>Yeni karakterler ve oyuncular:<\/strong><\/p>\n<ul data-sourcepos=\"10:5-12:57\">\n<li data-sourcepos=\"10:5-10:94\"><strong>Pelin Karahan:<\/strong> Dizide trendleri yak\u0131ndan takip eden Meyra karakterine hayat verecek.<\/li>\n<li data-sourcepos=\"11:5-11:71\"><strong>Emre Karayel:<\/strong> Meyra&#8217;n\u0131n e\u015fi Yi\u011fit karakteri i&ccedil;in g&ouml;r&uuml;\u015f&uuml;l&uuml;yor.<\/li>\n<li data-sourcepos=\"12:5-12:57\"><strong>Yusuf &Ccedil;im:<\/strong> Meyra&#8217;n\u0131n erkek karde\u015fi Mert Karabey karakteri i&ccedil;in g&ouml;r&uuml;\u015fmeler devam ediyor.<\/li>\n<li data-sourcepos=\"13:5-13:87\"><strong>&Ouml;zge &Ouml;zder:<\/strong> Meyra&#8217;n\u0131n siteden arkada\u015f\u0131 J&uuml;lide rol&uuml; i&ccedil;in anla\u015fmas\u0131 bekleniyor.<\/li>\n<li data-sourcepos=\"14:5-15:0\"><strong>Ay&ccedil;a Erturan:<\/strong> Meyra&#8217;n\u0131n siteden arkada\u015f\u0131 S&uuml;heyla karakteri i&ccedil;in anla\u015fmas\u0131 bekleniyor.<\/li>\n<\/ul>\n","protected":false},"excerpt":{"rendered":"<p>\u201cKirli Sepeti\u201d dizisinin ikinci sezonunda Pelin Karahan, Emre Karayel, Yusuf \u00c7im, \u00d6zge \u00d6zder ve Ay\u00e7a Erturan gibi \u00f6nemli isimler diziye dahil olacak. 8 Eyl\u00fcl\u2019de ekrana gelecek olan yeni sezon, \u015fok edici olaylar ve yeni karakterlerle dolu olacak. MedYap\u0131m&rsquo;\u0131n NOW i&ccedil;in haz\u0131rlad\u0131\u011f\u0131 ve b&uuml;y&uuml;k ilgi g&ouml;ren &ldquo;Kirli Sepeti&rdquo; dizisinin ikinci sezonu i&ccedil;in heyecan verici geli\u015fmeler ya\u015fan\u0131yor. [&hellip;]<\/p>\n","protected":false},"author":4,"featured_media":39901,"comment_status":"closed","ping_status":"open","sticky":false,"template":"","format":"standard","meta":{"rank_math_lock_modified_date":false,"footnotes":""},"categories":[602],"tags":[32159,45128,6575,3027,6185],"class_list":["post-39902","post","type-post","status-publish","format-standard","has-post-thumbnail","hentry","category-diziler","tag-dizi","tag-kirli-sepeti","tag-oyuncu-kadrosu","tag-pelin-karahan","tag-yeni-sezon"],"_links":{"self":[{"href":"https:\/\/www.tgrthaber.com\/mavikadin\/wp-json\/wp\/v2\/posts\/39902"}],"collection":[{"href":"https:\/\/www.tgrthaber.com\/mavikadin\/wp-json\/wp\/v2\/posts"}],"about":[{"href":"https:\/\/www.tgrthaber.com\/mavikadin\/wp-json\/wp\/v2\/types\/post"}],"author":[{"embeddable":true,"href":"https:\/\/www.tgrthaber.com\/mavikadin\/wp-json\/wp\/v2\/users\/4"}],"replies":[{"embeddable":true,"href":"https:\/\/www.tgrthaber.com\/mavikadin\/wp-json\/wp\/v2\/comments?post=39902"}],"version-history":[{"count":1,"href":"https:\/\/www.tgrthaber.com\/mavikadin\/wp-json\/wp\/v2\/posts\/39902\/revisions"}],"predecessor-version":[{"id":39903,"href":"https:\/\/www.tgrthaber.com\/mavikadin\/wp-json\/wp\/v2\/posts\/39902\/revisions\/39903"}],"wp:featuredmedia":[{"embeddable":true,"href":"https:\/\/www.tgrthaber.com\/mavikadin\/wp-json\/wp\/v2\/media\/39901"}],"wp:attachment":[{"href":"https:\/\/www.tgrthaber.com\/mavikadin\/wp-json\/wp\/v2\/media?parent=39902"}],"wp:term":[{"taxonomy":"category","embeddable":true,"href":"https:\/\/www.tgrthaber.com\/mavikadin\/wp-json\/wp\/v2\/categories?post=39902"},{"taxonomy":"post_tag","embeddable":true,"href":"https:\/\/www.tgrthaber.com\/mavikadin\/wp-json\/wp\/v2\/tags?post=39902"}],"curies":[{"name":"wp","href":"https:\/\/api.w.org\/{rel}","templated":true}]}}