{"id":40781,"date":"2016-04-21T05:55:24","date_gmt":"2016-04-21T02:55:24","guid":{"rendered":"https:\/\/new.mavikadin.com\/?p=40781"},"modified":"2024-09-16T10:06:50","modified_gmt":"2024-09-16T07:06:50","slug":"bebeklerde-cografik-dil-neden-olur-nasil-gecer","status":"publish","type":"post","link":"https:\/\/www.tgrthaber.com\/mavikadin\/bebeklerde-cografik-dil-neden-olur-nasil-gecer\/","title":{"rendered":"Bebeklerde Co\u011frafik Dil Neden Olur, Nas\u0131l Ge\u00e7er?"},"content":{"rendered":"<p>Co\u011frafik dil olarak da bilinen harita dilden muzdarip olanlar\u00a0\u00e7ok sa\u011fl\u0131kl\u0131 g\u00f6z\u00fck\u00fcp hi\u00e7 bir belirti de ya\u015famayabilir. Bebekler i\u00e7in de bu durum ge\u00e7erlidir, <\/p>\n<p>Harita dil n\u00fcfusun % 1 ila 14.3 &#8216;\u00fcnde meydana gelen bir durumdur.&nbsp;Co\u011frafik dil olarak da bilinen harita dilden muzdarip olanlar&nbsp;\u00e7ok sa\u011fl\u0131kl\u0131 g\u00f6z\u00fck\u00fcp hi\u00e7 bir belirti de ya\u015famayabilir. Bebekler i\u00e7in de bu durum ge\u00e7erlidir, co\u011frafi dili olan bebekler gayet sa\u011fl\u0131kl\u0131 olup, ebeveynleri dilindeki renk ve doku de\u011fi\u015fikli\u011fini fark ederse ancak b\u00f6yle&nbsp;bir sorun oldu\u011funu anlayabilir. Rahats\u0131zl\u0131\u011f\u0131n ismi dil \u00fczerindeki harita gibi \u015fekillerden kaynaklan\u0131r.<\/p>\n<h3><span style=\"color:#FF8C00;\"><strong><span style=\"font-size:16px;\">Bebeklerde co\u011frafi dil belirtileri<\/span><\/strong><\/span><\/h3>\n<p>Bebeklerde co\u011frafi dilin g\u00f6r\u00fcn\u00fcr belirtileri bebe\u011fin dilinin p\u00fcr\u00fczs\u00fcz ve&nbsp;\u00fczerinde k\u0131rm\u0131z\u0131 yamalar&nbsp;olmas\u0131d\u0131r. <a href=\"https:\/\/www.mavikadin.com\/cografik-dil-hastaligi-bitkisel-tedavi-yontemleri-nelerdir\" target=\"_blank\" rel=\"noopener\">Harita dil<\/a>, genellikle dil \u00fczerinde beyaz boncuk boncuk&nbsp;daire ile \u00e7evrilidir. Bu yamalar dilde birden fazla alanda da g\u00f6r\u00fclebilir. Ve genellikle aniden ortaya \u00e7\u0131kar.<\/p>\n<h3><span style=\"color:#FF8C00;\"><strong><span style=\"font-size:16px;\">Bebeklerde co\u011frafik dil nedenleri<\/span><\/strong><\/span><\/h3>\n<p>Harita dilin bilinen herhangi bir nedeni yoktur. Ayn\u0131 kromozom desenleri sayesinde sedef hastal\u0131\u011f\u0131 ile ilgilidir diye teoriler vard\u0131r. Di\u011fer genetik bozukluklar ve hastal\u0131klarla birlikte de&nbsp;g\u00f6r\u00fclebildi\u011finden, hastal\u0131\u011f\u0131n genetik oldu\u011funa dair de kan\u0131tlar vard\u0131r. Hen\u00fcz kan\u0131tlanm\u0131\u015f olmasa da bir hormonal de\u011fi\u015fim de, co\u011frafi dilden sorumlu olabilir. Baharatl\u0131 ya da s\u0131cak g\u0131dalar\u0131na harita dile neden oldu\u011fu ile ilgili iddea ise \u00e7\u00fcr\u00fct\u00fclm\u00fc\u015ft\u00fcr.<\/p>\n<h3><span style=\"color:#FF8C00;\"><strong><span style=\"font-size:16px;\">Bebeklerde harita dil nas\u0131l ge\u00e7er?<\/span><\/strong><\/span><\/h3>\n<p>\u015eu anda co\u011frafik dil i\u00e7in \u00f6nerilen bir tedavi \u015fekli yoktur. Bunun nedeni, hastal\u0131\u011f\u0131n belli alanda s\u0131n\u0131rl\u0131 olmas\u0131 ve kendi kendine ge\u00e7ebilmesidir. Dil tek seferde birden iyile\u015fmeyebilir. G\u00fcn i\u00e7inde veya aylar i\u00e7inde tekrarlayabilir.<\/p>\n<p>Retin-A&#8217;n\u0131n topik versiyonunun, yani retin-A i\u00e7eren kremlerin harita dil \u00fczerinde olumlu etkiye sahip tespit edilmi\u015ftir, fakat art\u0131k doktorlar bu ilac\u0131 co\u011frafik dil i\u00e7in eskisi gibi re\u00e7ete etmiyorlar.<\/p>\n<h3><span style=\"color:#FF8C00;\"><strong><span style=\"font-size:16px;\">Bebeklerde harita dilden nas\u0131l korunulur?<\/span><\/strong><\/span><\/h3>\n<p>Co\u011frafi dile neyin neden oldu\u011fu bilinmedi\u011finden, durumu \u00f6nlemenin de bilinen hi\u00e7bir yolu yoktur. Yine de co\u011frafi dilin verebilece\u011fi rahats\u0131zl\u0131\u011f\u0131 engellemek i\u00e7inse \u00e7ok ek\u015fi ya da baharatl\u0131 yiyeceklerden uzak durun. Bu besinler dildeki lezyonlar\u0131 tahri\u015f edip, a\u011fr\u0131ya neden olabilir. Harita dilli bebeklere yeni g\u0131dalar tan\u0131tmak isteyen anneler bu durumu g\u00f6z \u00f6n\u00fcnde bulundurmal\u0131d\u0131r.<\/p>\n<p><span style=\"font-size:20px;\"><a href=\"https:\/\/www.mavikadin.com\/cografik-dil-hastaligi-bitkisel-tedavi-yontemleri-nelerdir\" target=\"_blank\" rel=\"noopener\"><span style=\"color:#FF0000;\">Harita Dil Nedir, Harita Dil Tedavisi \u0130\u00e7in Do\u011fal Y\u00f6ntemler Nelerdir? T\u0131klay\u0131n\u0131z<\/span><\/a><\/span><\/p>\n<p><span style=\"font-size:20px;\"><a href=\"https:\/\/www.mavikadin.com\/bebeklere-gaz-yapmayan-mama-markalari-neledir\" target=\"_blank\" rel=\"noopener\">Bebeklerde Gaz Yapmayan Mama Markalar\u0131 \u0130\u00e7in T\u0131klay\u0131n\u0131z<\/a><\/span><\/p>\n<p><span style=\"font-size:20px;\"><a href=\"https:\/\/www.mavikadin.com\/bebegim-istahsiz-ne-yapmaliyim-uzman-doktorlar-cevapliyor\" target=\"_blank\" rel=\"noopener\"><span style=\"color:#FF0000;\">Bebeklerde \u0130\u015ftahs\u0131zl\u0131k Nas\u0131l Ge\u00e7er? Uzman Doktorlar Cevapl\u0131yor T\u0131klay\u0131n\u0131z<\/span><\/a><\/span><\/p>\n","protected":false},"excerpt":{"rendered":"<p>Co\u011frafik dil olarak da bilinen harita dilden muzdarip olanlar\u00a0\u00e7ok sa\u011fl\u0131kl\u0131 g\u00f6z\u00fck\u00fcp hi\u00e7 bir belirti de ya\u015famayabilir. Bebekler i\u00e7in de bu durum ge\u00e7erlidir, Harita dil n\u00fcfusun % 1 ila 14.3 &#8216;\u00fcnde meydana gelen bir durumdur.&nbsp;Co\u011frafik dil olarak da bilinen harita dilden muzdarip olanlar&nbsp;\u00e7ok sa\u011fl\u0131kl\u0131 g\u00f6z\u00fck\u00fcp hi\u00e7 bir belirti de ya\u015famayabilir. Bebekler i\u00e7in de bu durum ge\u00e7erlidir, [&hellip;]<\/p>\n","protected":false},"author":30,"featured_media":40780,"comment_status":"closed","ping_status":"open","sticky":false,"template":"","format":"standard","meta":{"rank_math_lock_modified_date":false,"footnotes":""},"categories":[111],"tags":[31651,31649,31652,31653,31650],"class_list":["post-40781","post","type-post","status-publish","format-standard","has-post-thumbnail","hentry","category-anne-cocuk","tag-bebek-dil-sagligi","tag-bebeklerde-cografik-dil","tag-cografik-dil-nedenleri","tag-cografik-dil-tedavisi","tag-harita-dil"],"_links":{"self":[{"href":"https:\/\/www.tgrthaber.com\/mavikadin\/wp-json\/wp\/v2\/posts\/40781"}],"collection":[{"href":"https:\/\/www.tgrthaber.com\/mavikadin\/wp-json\/wp\/v2\/posts"}],"about":[{"href":"https:\/\/www.tgrthaber.com\/mavikadin\/wp-json\/wp\/v2\/types\/post"}],"author":[{"embeddable":true,"href":"https:\/\/www.tgrthaber.com\/mavikadin\/wp-json\/wp\/v2\/users\/30"}],"replies":[{"embeddable":true,"href":"https:\/\/www.tgrthaber.com\/mavikadin\/wp-json\/wp\/v2\/comments?post=40781"}],"version-history":[{"count":1,"href":"https:\/\/www.tgrthaber.com\/mavikadin\/wp-json\/wp\/v2\/posts\/40781\/revisions"}],"predecessor-version":[{"id":40782,"href":"https:\/\/www.tgrthaber.com\/mavikadin\/wp-json\/wp\/v2\/posts\/40781\/revisions\/40782"}],"wp:featuredmedia":[{"embeddable":true,"href":"https:\/\/www.tgrthaber.com\/mavikadin\/wp-json\/wp\/v2\/media\/40780"}],"wp:attachment":[{"href":"https:\/\/www.tgrthaber.com\/mavikadin\/wp-json\/wp\/v2\/media?parent=40781"}],"wp:term":[{"taxonomy":"category","embeddable":true,"href":"https:\/\/www.tgrthaber.com\/mavikadin\/wp-json\/wp\/v2\/categories?post=40781"},{"taxonomy":"post_tag","embeddable":true,"href":"https:\/\/www.tgrthaber.com\/mavikadin\/wp-json\/wp\/v2\/tags?post=40781"}],"curies":[{"name":"wp","href":"https:\/\/api.w.org\/{rel}","templated":true}]}}