{"id":40784,"date":"2016-04-21T20:19:44","date_gmt":"2016-04-21T17:19:44","guid":{"rendered":"https:\/\/new.mavikadin.com\/?p=40784"},"modified":"2024-09-16T10:06:52","modified_gmt":"2024-09-16T07:06:52","slug":"bebeklerde-ates-dusuklugu-nedenleri-nelerdir","status":"publish","type":"post","link":"https:\/\/www.tgrthaber.com\/mavikadin\/bebeklerde-ates-dusuklugu-nedenleri-nelerdir\/","title":{"rendered":"Bebeklerde Ate\u015f D\u00fc\u015f\u00fckl\u00fc\u011f\u00fc Nedenleri Nelerdir?"},"content":{"rendered":"<p>Kolorado \u00c7ocuk Hastanesi uzmanlar\u0131na g\u00f6re bebeklerde d\u00fc\u015f\u00fck ate\u015f genelde enfeksiyondan dolay\u0131 meydana gelir.<\/p>\n<p>Kolorado \u00c7ocuk Hastanesi uzmanlar\u0131na g\u00f6re<strong> bebeklerde d\u00fc\u015f\u00fck ate\u015f genelde enfeksiyondan dolay\u0131 meydana gelir.<\/strong><\/p>\n<p>Bebeklerde 36-37 derece ate\u015f normal kabul edilir.&nbsp; Ancak bebe\u011fi a\u015f\u0131r\u0131 giydirmek ve bebe\u011fin ya\u015fam\u0131n\u0131n ilk y\u0131llar\u0131nda yap\u0131lan a\u015f\u0131lar da bebeklerde d\u00fc\u015f\u00fck ate\u015fe neden olabilir.<\/p>\n<p>Bebe\u011finizde ate\u015f d\u00fc\u015f\u00fckl\u00fc\u011f\u00fc ile kar\u015f\u0131la\u015ft\u0131\u011f\u0131n\u0131zda \u00e7ocuk doktoruna ba\u015fvurup gerekli te\u015fhis ve tedaviyi yapt\u0131rabilirsiniz.<\/p>\n<h3><span style=\"font-size:16px;\">Bebeklerde d\u00fc\u015f\u00fck ate\u015fin nedenleri<\/span><\/h3>\n<ol>\n<li>Bo\u011faz a\u011fr\u0131s\u0131, burun t\u0131kan\u0131kl\u0131\u011f\u0131, \u00f6ks\u00fcr\u00fck ile karakterize olan \u00fcst solunum yolu enfeksiyonu.<\/li>\n<li>Gastrointestinal sistemdeki enfeksiyon vir\u00fcs ya da bakteriler taraf\u0131ndan meydana gelir. <a href=\"https:\/\/www.mavikadin.com\/dusuk-ates-nedenleri-ve-tedavisi\" target=\"_blank\" rel=\"noopener\">D\u00fc\u015f\u00fck ate\u015f <\/a>ile&nbsp;beraber, ishal ve kusma da bu duruma e\u015flik edebilir.<\/li>\n<li>Di\u015f \u00e7\u0131karma bebeklerde d\u00fc\u015f\u00fck ate\u015fe yol a\u00e7an&nbsp;bir ba\u015fka \u00f6nemli nedenidir. Bebeklerde di\u015f \u00e7\u0131karma bebek&nbsp;3 ayl\u0131k civar\u0131yken&nbsp;ba\u015flayabilir ve bebekte ate\u015f y\u00fckselmesi yahut d\u00fc\u015f\u00fck ate\u015f gibi belirti verebilir.<\/li>\n<li>Su\u00e7i\u00e7e\u011fi, ciltte g\u00f6r\u00fclen viral enfeksiyon kaynakl\u0131 k\u00fc\u00e7\u00fck s\u0131v\u0131 dolu kabarc\u0131klar da bebekte v\u00fccut \u0131s\u0131s\u0131n\u0131 d\u00fc\u015f\u00fcrebilir.<\/li>\n<li>K\u0131zam\u0131k, cilt d\u00f6k\u00fcnt\u00fcleri ile tespit edilebilir viral bir enfeksiyondur, k\u0131zam\u0131k da bebekte&nbsp;ate\u015f d\u00fc\u015f\u00fckl\u00fc\u011f\u00fc yapabilir.<\/li>\n<li>Kabakulak, t\u00fck\u00fcr\u00fck bezlerinin vir\u00fcsler taraf\u0131ndan sald\u0131r\u0131ya u\u011framas\u0131yla meydana gelir. Kabakulak sonucu olarak, y\u00fcz\u00fcn her iki taraf\u0131nda t\u00fck\u00fcr\u00fck bezleri \u015fi\u015febilir, bebekte v\u00fccut \u0131s\u0131s\u0131 d\u00fc\u015febilir.<\/li>\n<li>\u0130drar yolu enfeksiyonu (ya da \u0130YE) veya mesane enfeksiyonu. Bebeklerde \u0130YE baz\u0131 durumlarda, ate\u015f d\u0131\u015f\u0131nda herhangi bir belirti vermeyebilir. \u0130drarda da bulan\u0131kl\u0131k ve keskin bir koku &nbsp;ve nadir olsa d\u00fc\u015f\u00fck ate\u015f&nbsp;de&nbsp;idrar yolu enfeksiyonunun di\u011fer semptomlar\u0131ndand\u0131r.<\/li>\n<li>A\u015f\u0131 da bebeklerde v\u00fccut \u0131s\u0131s\u0131 d\u00fc\u015fmesine yol a\u00e7abilir.Bu ate\u015f d\u00fc\u015f\u00fckl\u00fc\u011f\u00fc genellikle bir ya da iki g\u00fcn s\u00fcrer, sonra kendi kendine ge\u00e7er.<\/li>\n<\/ol>\n<p><span style=\"font-size:20px;\"><a href=\"https:\/\/www.mavikadin.com\/dusuk-ates-nedenleri-ve-tedavisi\" target=\"_blank\" rel=\"noopener\"><span style=\"color:#FF0000;\">D\u00fc\u015f\u00fck Ate\u015f Neden Olur, Nas\u0131l Ge\u00e7er T\u0131klay\u0131n\u0131z<\/span><\/a><\/span><\/p>\n<p><span style=\"font-size:20px;\"><a href=\"https:\/\/www.mavikadin.com\/bebegim-yemek-yemiyor-bebeklerde-istahsizlik-nedenleri-nelerdir\" target=\"_blank\" rel=\"noopener\">Bebeklerde \u0130\u015ftahs\u0131zl\u0131k Neden Olur? Bebe\u011fim Neden Hi\u00e7bir\u015fey Yemiyor? T\u0131klay\u0131n\u0131z<\/a><\/span><\/p>\n<p><span style=\"font-size:20px;\"><a href=\"https:\/\/www.mavikadin.com\/bebeklerin-kalbi-neden-hizli-atar-0-3-yas-bebeklerde-nabiz-sayisi\" target=\"_blank\" rel=\"noopener\"><span style=\"color:#FF0000;\">Bebeklerde Nab\u0131z Say\u0131s\u0131 Ka\u00e7 Olmal\u0131? Bebeklerde Nab\u0131z De\u011ferleri T\u0131klay\u0131n\u0131z<\/span><\/a><\/span><\/p>\n<p><span style=\"font-size:20px;\"><a href=\"https:\/\/www.mavikadin.com\/bebeklere-gaz-yapmayan-mama-markalari-neledir\" target=\"_blank\" rel=\"noopener\">Bebeklerde Gaz Yapmayan Markalar\u0131 \u0130\u00e7in T\u0131klay\u0131n\u0131z<\/a><\/span><\/p>\n<p><span style=\"font-size:20px;\"><a href=\"https:\/\/www.mavikadin.com\/bebeklerde-dis-cikarma-agrisi-nasil-gecer-17-uzman-onerisi\" target=\"_blank\" rel=\"noopener\"><span style=\"color:#FF0000;\">Bebeklerde Di\u015f A\u011fr\u0131s\u0131na Ne \u0130yi Gelir? 17 Pratik Y\u00f6ntem T\u0131klay\u0131n\u0131z<\/span><\/a><\/span><\/p>\n<p><span style=\"font-size:20px;\"><a href=\"https:\/\/www.mavikadin.com\/bebeklerde-agiz-suyu-akmasi-nasil-gecer-doktor-tavsiyeleri\" target=\"_blank\" rel=\"noopener\">Bebeklerde Salya (A\u011f\u0131z Suyu Akmas\u0131) Nas\u0131l Durdurulur? 10 Doktor \u00d6nerisi T\u0131klay\u0131n\u0131z.<\/a><\/span><\/p>\n<p><span style=\"font-size:20px;\"><a href=\"https:\/\/www.mavikadin.com\/bebegim-istahsiz-ne-yapmaliyim-uzman-doktorlar-cevapliyor\" target=\"_blank\" rel=\"noopener\"><span style=\"color:#FF0000;\">Bebeklerde \u0130\u015ftahs\u0131zl\u0131k Nas\u0131l Ge\u00e7er? Uzman Doktorlar Cevapl\u0131yor T\u0131klay\u0131n\u0131z<\/span><\/a><\/span><\/p>\n<p style=\"text-align:center\"><img loading=\"lazy\" decoding=\"async\" alt=\"\" height=\"498\" src=\"https:\/\/www.tgrthaber.com\/mavikadin\/wp-content\/images\/ckfiles\/images\/bebeklerde-dusuk-ates-neden-olur-1.jpg\" width=\"720\" title=\"\"><\/p>\n<p>&nbsp;<\/p>\n","protected":false},"excerpt":{"rendered":"<p>Kolorado \u00c7ocuk Hastanesi uzmanlar\u0131na g\u00f6re bebeklerde d\u00fc\u015f\u00fck ate\u015f genelde enfeksiyondan dolay\u0131 meydana gelir. Kolorado \u00c7ocuk Hastanesi uzmanlar\u0131na g\u00f6re bebeklerde d\u00fc\u015f\u00fck ate\u015f genelde enfeksiyondan dolay\u0131 meydana gelir. Bebeklerde 36-37 derece ate\u015f normal kabul edilir.&nbsp; Ancak bebe\u011fi a\u015f\u0131r\u0131 giydirmek ve bebe\u011fin ya\u015fam\u0131n\u0131n ilk y\u0131llar\u0131nda yap\u0131lan a\u015f\u0131lar da bebeklerde d\u00fc\u015f\u00fck ate\u015fe neden olabilir. Bebe\u011finizde ate\u015f d\u00fc\u015f\u00fckl\u00fc\u011f\u00fc ile kar\u015f\u0131la\u015ft\u0131\u011f\u0131n\u0131zda [&hellip;]<\/p>\n","protected":false},"author":30,"featured_media":40783,"comment_status":"closed","ping_status":"open","sticky":false,"template":"","format":"standard","meta":{"rank_math_lock_modified_date":false,"footnotes":""},"categories":[111],"tags":[31654,17630,5881,31655,31656],"class_list":["post-40784","post","type-post","status-publish","format-standard","has-post-thumbnail","hentry","category-anne-cocuk","tag-bebek-ates-dusuklugu","tag-bebek-hastaliklari","tag-bebek-sagligi","tag-bebeklerde-ates","tag-bebeklerde-enfeksiyon"],"_links":{"self":[{"href":"https:\/\/www.tgrthaber.com\/mavikadin\/wp-json\/wp\/v2\/posts\/40784"}],"collection":[{"href":"https:\/\/www.tgrthaber.com\/mavikadin\/wp-json\/wp\/v2\/posts"}],"about":[{"href":"https:\/\/www.tgrthaber.com\/mavikadin\/wp-json\/wp\/v2\/types\/post"}],"author":[{"embeddable":true,"href":"https:\/\/www.tgrthaber.com\/mavikadin\/wp-json\/wp\/v2\/users\/30"}],"replies":[{"embeddable":true,"href":"https:\/\/www.tgrthaber.com\/mavikadin\/wp-json\/wp\/v2\/comments?post=40784"}],"version-history":[{"count":1,"href":"https:\/\/www.tgrthaber.com\/mavikadin\/wp-json\/wp\/v2\/posts\/40784\/revisions"}],"predecessor-version":[{"id":40785,"href":"https:\/\/www.tgrthaber.com\/mavikadin\/wp-json\/wp\/v2\/posts\/40784\/revisions\/40785"}],"wp:featuredmedia":[{"embeddable":true,"href":"https:\/\/www.tgrthaber.com\/mavikadin\/wp-json\/wp\/v2\/media\/40783"}],"wp:attachment":[{"href":"https:\/\/www.tgrthaber.com\/mavikadin\/wp-json\/wp\/v2\/media?parent=40784"}],"wp:term":[{"taxonomy":"category","embeddable":true,"href":"https:\/\/www.tgrthaber.com\/mavikadin\/wp-json\/wp\/v2\/categories?post=40784"},{"taxonomy":"post_tag","embeddable":true,"href":"https:\/\/www.tgrthaber.com\/mavikadin\/wp-json\/wp\/v2\/tags?post=40784"}],"curies":[{"name":"wp","href":"https:\/\/api.w.org\/{rel}","templated":true}]}}