{"id":40796,"date":"2016-04-22T03:58:33","date_gmt":"2016-04-22T00:58:33","guid":{"rendered":"https:\/\/new.mavikadin.com\/?p=40796"},"modified":"2024-09-16T10:07:04","modified_gmt":"2024-09-16T07:07:04","slug":"bebeklerde-gobek-kanamasi-nedenleri-ve-tedavisi","status":"publish","type":"post","link":"https:\/\/www.tgrthaber.com\/mavikadin\/bebeklerde-gobek-kanamasi-nedenleri-ve-tedavisi\/","title":{"rendered":"Bebeklerde G\u00f6bek Kanamas\u0131 Nedenleri Ve Tedavisi"},"content":{"rendered":"<p>Bebeklerde g\u00f6bek kanamas\u0131 \u00f6zellikle yenido\u011fan bebekler olmak \u00fczere her ay bebek grubunda g\u00f6r\u00fclebilir<\/p>\n<p>Bebeklerde g\u00f6bek kanamas\u0131 \u00f6zellikle yenido\u011fan bebekler olmak \u00fczere her ay bebek grubunda g\u00f6r\u00fclebilir. Siz de bebe\u011finizde b\u00f6yle bir durumla kar\u015f\u0131la\u015ft\u0131ysan\u0131z, i\u015fte doktorlar\u0131n bu konudaki \u00f6nerileri<\/p>\n<p><strong>Sual:<\/strong><\/p>\n<p>10 ayl\u0131k bebe\u011fimin g\u00f6bek deli\u011finde hafif kanama ve k\u0131zar\u0131kl\u0131k fark ettim. Bu durum neden olabilir, doktora g\u00f6t\u00fcrmeli miyiz?<\/p>\n<p><strong>Cevap<\/strong><\/p>\n<p>\u00c7ocuk Sa\u011fl\u0131\u011f\u0131 ve Hastal\u0131klar\u0131 Uzman\u0131 Dr. G\u00fclay Kara&#8217;n\u0131n cevab\u0131 bebe\u011finizin g\u00f6bek deli\u011finde omfalit dedi\u011fimiz g\u00f6bek iltihab\u0131 meydana gelmi\u015f olabilir.&nbsp; Anne karn\u0131ndayken g\u00f6bek deli\u011fi mesane birbiri ile ba\u011flant\u0131l\u0131d\u0131r. Bazen do\u011fumdan sonra bu ba\u011flant\u0131 tam olarak kapanmaz. Arada bir kanal, kist veya k\u00f6r bir delik \u015feklinde art\u0131klar kalabilir. G\u00f6bek deli\u011fi kanamas\u0131n\u0131n bu tip bir sorundan kaynaklan\u0131p kaynaklanmad\u0131\u011f\u0131n\u0131 anlamak i\u00e7in \u00e7ocuk doktoruna ba\u015fvurmal\u0131s\u0131n\u0131z, ultrason yapt\u0131rmak gerekebilir.<\/p>\n<p>&nbsp;<\/p>\n<p><strong>Sual:<\/strong><\/p>\n<p>22 g\u00fcnl\u00fck bebe\u011fimin g\u00f6be\u011fi 5 g\u00fcnl\u00fckken d\u00fc\u015ft\u00fc. Atletinde kan damlalar\u0131 g\u00f6r\u00fcnce doktora g\u00f6t\u00fcrd\u00fck, doktor g\u00f6be\u011fi g\u00fcm\u00fc\u015f nitratla yakt\u0131 fakat lekeler devam etti, bir di\u011fer doktor da k vitamini i\u011fnesi vurdu yine ge\u00e7medi. G\u00f6bekte hala ara ara kanama devam ediyor, ne tavsiye edersiniz?<\/p>\n<p><strong>Cevap<\/strong><\/p>\n<p>\u00c7ocuk Hastal\u0131klar\u0131 Uzm.Dr. Bertan Karabo\u011fa&#8217;n\u0131n cevab\u0131 yap\u0131lan tetkikler normal ise bebe\u011finizin g\u00f6bek d\u00fc\u015fme zaman\u0131 normal s\u0131n\u0131rlar i\u00e7inde ger\u00e7ekle\u015fmi\u015f. G\u00f6be\u011fin \u00fcst\u00fcn\u00fc gazl\u0131 bezle kapat\u0131p durumu takip de kal\u0131n. Bazen bebek bezleri de g\u00f6bek de tahri\u015f yap\u0131p kanama yapabiliyor. \u015eayet ge\u00e7mezse tekrar doktora ba\u015fvurup yeniden tetkik yapt\u0131r\u0131n.<\/p>\n<p>&nbsp;<\/p>\n<p><strong>Sual:<\/strong><\/p>\n<p>23 g\u00fcnl\u00fck bebe\u011fim a\u011flad\u0131kta g\u00f6bekte kanama oluyor. Do\u011fumda hastanede k vitamini i\u011fnesi yapt\u0131klar. 3 g\u00fcn sonra bu i\u011fneyi tekrar yapt\u0131lar. Bebek a\u011flad\u0131k\u00e7a g\u00f6bek kan\u0131yor, bu durum tehlikeli midir?<\/p>\n<p><strong>Cevap<\/strong><\/p>\n<p>\u00c7ocuk Sa\u011fl\u0131\u011f\u0131 ve Hastal\u0131klar\u0131 Uzman\u0131 Dr Murat Ayd\u0131n&#8217;\u0131n cevab\u0131 hay\u0131r tehlikesi yok, rahat olun. G\u00f6bek yeni d\u00fc\u015ft\u00fcyse, bebek a\u011flad\u0131\u011f\u0131nda ya da gazdan dolay\u0131 kar\u0131n gerginli\u011fi oldu\u011funda g\u00f6bekten s\u0131z\u0131nt\u0131 \u015feklinde kanama g\u00f6r\u00fclebilir. Yine de \u00e7ocuk doktoruna gitmenizi tavsiye ederiz.<\/p>\n<p style=\"text-align:center\"><img loading=\"lazy\" decoding=\"async\" alt=\"\" height=\"478\" src=\"https:\/\/www.tgrthaber.com\/mavikadin\/wp-content\/images\/ckfiles\/images\/bebeklerde-gobek-kanamasi-neden-olur-uzmanlar-cevapliyor.png\" width=\"473\" title=\"\"><\/p>\n<p>&nbsp;<\/p>\n<p><strong>Sual:<\/strong><\/p>\n<p>20 g\u00fcnl\u00fck bebe\u011fimin g\u00f6be\u011fi 10 g\u00fcnl\u00fckken d\u00fc\u015ft\u00fc, kanama ba\u015flad\u0131. Doktora g\u00f6t\u00fcrd\u00fc\u011f\u00fcmde bez tahri\u015finden dolay\u0131 kanama olabildi\u011fini bildirip her ihtimale kar\u015f\u0131 k vitamini i\u011fnesi yapt\u0131. Kanama ge\u00e7ti, fakat bu sefer de sar\u0131, yap\u0131\u015fkan ak\u0131nt\u0131 gelmeye ba\u015flad\u0131. Antibiyotik merhem verdi, 5 g\u00fcn kulland\u0131k ge\u00e7meyince tekrar g\u00f6t\u00fcrd\u00fcm.&nbsp;G\u00fcm\u00fc\u015f nitrat kalemi ile yakma ger\u00e7ekle\u015ftirildi. Fakat yap\u0131\u015fkan ak\u0131nt\u0131 devam ediyor.&nbsp;Ne yapmal\u0131y\u0131m?<\/p>\n<p><strong>Cevap<\/strong><\/p>\n<p>\u00c7ocuk Sa\u011fl\u0131\u011f\u0131 ve Hastal\u0131klar\u0131 Uzman\u0131 Dr Seydi Battal G\u00f6lgeli&#8217;nin cevab\u0131; bebe\u011fin g\u00f6be\u011finde pembe renkli ve nohut kadar bir et \u00e7\u0131k\u0131nt\u0131s\u0131 yani gran\u00fclom denilen hastal\u0131k varsa bu durumun tedavisi g\u00fcm\u00fc\u015f nitrat kalemiyle yakmakt\u0131r. \u015eayet gran\u00fclom olmadan yaln\u0131zca ak\u0131nt\u0131 varsa g\u00f6bek iltihab\u0131ndan kaynaklanabilir. 1 ayl\u0131ktan k\u00fc\u00e7\u00fck bebeklerde g\u00f6bek iltihab\u0131 \u00e7ok tehlikeli olabilir. \u00c7ocuk doktoruna gidip g\u00f6bek ak\u0131nt\u0131s\u0131 i\u00e7in k\u00fclt\u00fcr yapt\u0131rmal\u0131s\u0131n\u0131z.&nbsp; \u015eayet ak\u0131nt\u0131 uzun s\u00fcre devam ediyorsa, bu durum g\u00f6bek kanal\u0131n\u0131n do\u011fumdan sonra tam olarak kapanmamas\u0131 nedeniyle meydana gelmi\u015f olabilir. Mutlaka en k\u0131sa zamanda \u00e7ocuk doktoruna g\u00f6r\u00fcn\u00fcn.<\/p>\n<p><span style=\"font-size:20px;\"><a href=\"https:\/\/www.mavikadin.com\/bebeklerde-agiz-suyu-akmasi-nasil-gecer-doktor-tavsiyeleri\" target=\"_blank\" rel=\"noopener\">Bebeklerde Salya (A\u011f\u0131z Suyu Akmas\u0131) Nas\u0131l Durdurulur? 10 Doktor \u00d6nerisi T\u0131klay\u0131n\u0131z.<\/a><\/span><\/p>\n<p><span style=\"font-size:20px;\"><a href=\"https:\/\/www.mavikadin.com\/bebeklere-gaz-yapmayan-mama-markalari-neledir\" target=\"_blank\" rel=\"noopener\"><span style=\"color:#FF0000;\">Bebeklerde Gaz Yapmayan Mama Markalar\u0131 \u0130\u00e7in T\u0131klay\u0131n\u0131z<\/span><\/a><\/span><\/p>\n<p><span style=\"font-size:20px;\"><a href=\"https:\/\/www.mavikadin.com\/anason-cayi-bebeklere-ne-kadar-ve-nasil-verilir-doktorlar-cevapliyor\" target=\"_blank\" rel=\"noopener\">Bebeklere Anason \u00c7ay\u0131 Verilirmi, Ne Zaman Ve Nas\u0131l Verilir? T\u0131klay\u0131n\u0131z<\/a><\/span><\/p>\n<p><span style=\"font-size:20px;\"><a href=\"https:\/\/www.mavikadin.com\/bebegim-yemek-yemiyor-bebeklerde-istahsizlik-nedenleri-nelerdir\" target=\"_blank\" rel=\"noopener\"><span style=\"color:#FF0000;\">Bebeklerde \u0130\u015ftahs\u0131zl\u0131k Neden Olur? Bebe\u011fim Neden Hi\u00e7bir\u015fey Yemiyor? T\u0131klay\u0131n\u0131z<\/span><\/a><\/span><\/p>\n<p><span style=\"font-size:20px;\"><a href=\"https:\/\/www.mavikadin.com\/bebeklerin-kalbi-neden-hizli-atar-0-3-yas-bebeklerde-nabiz-sayisi\" target=\"_blank\" rel=\"noopener\">Bebeklerde Nab\u0131z Say\u0131s\u0131 Ka\u00e7 Olmal\u0131? Bebeklerde Nab\u0131z De\u011ferleri T\u0131klay\u0131n\u0131z<\/a><\/span><\/p>\n","protected":false},"excerpt":{"rendered":"<p>Bebeklerde g\u00f6bek kanamas\u0131 \u00f6zellikle yenido\u011fan bebekler olmak \u00fczere her ay bebek grubunda g\u00f6r\u00fclebilir Bebeklerde g\u00f6bek kanamas\u0131 \u00f6zellikle yenido\u011fan bebekler olmak \u00fczere her ay bebek grubunda g\u00f6r\u00fclebilir. Siz de bebe\u011finizde b\u00f6yle bir durumla kar\u015f\u0131la\u015ft\u0131ysan\u0131z, i\u015fte doktorlar\u0131n bu konudaki \u00f6nerileri Sual: 10 ayl\u0131k bebe\u011fimin g\u00f6bek deli\u011finde hafif kanama ve k\u0131zar\u0131kl\u0131k fark ettim. Bu durum neden olabilir, doktora [&hellip;]<\/p>\n","protected":false},"author":30,"featured_media":40795,"comment_status":"closed","ping_status":"open","sticky":false,"template":"","format":"standard","meta":{"rank_math_lock_modified_date":false,"footnotes":""},"categories":[111],"tags":[31667,31666,5881,6876,31668],"class_list":["post-40796","post","type-post","status-publish","format-standard","has-post-thumbnail","hentry","category-anne-cocuk","tag-bebek-gobek-bakimi","tag-bebek-gobek-kanamasi","tag-bebek-sagligi","tag-gobek-iltihabi","tag-yenidogan-gobek-kanamasi"],"_links":{"self":[{"href":"https:\/\/www.tgrthaber.com\/mavikadin\/wp-json\/wp\/v2\/posts\/40796"}],"collection":[{"href":"https:\/\/www.tgrthaber.com\/mavikadin\/wp-json\/wp\/v2\/posts"}],"about":[{"href":"https:\/\/www.tgrthaber.com\/mavikadin\/wp-json\/wp\/v2\/types\/post"}],"author":[{"embeddable":true,"href":"https:\/\/www.tgrthaber.com\/mavikadin\/wp-json\/wp\/v2\/users\/30"}],"replies":[{"embeddable":true,"href":"https:\/\/www.tgrthaber.com\/mavikadin\/wp-json\/wp\/v2\/comments?post=40796"}],"version-history":[{"count":1,"href":"https:\/\/www.tgrthaber.com\/mavikadin\/wp-json\/wp\/v2\/posts\/40796\/revisions"}],"predecessor-version":[{"id":40797,"href":"https:\/\/www.tgrthaber.com\/mavikadin\/wp-json\/wp\/v2\/posts\/40796\/revisions\/40797"}],"wp:featuredmedia":[{"embeddable":true,"href":"https:\/\/www.tgrthaber.com\/mavikadin\/wp-json\/wp\/v2\/media\/40795"}],"wp:attachment":[{"href":"https:\/\/www.tgrthaber.com\/mavikadin\/wp-json\/wp\/v2\/media?parent=40796"}],"wp:term":[{"taxonomy":"category","embeddable":true,"href":"https:\/\/www.tgrthaber.com\/mavikadin\/wp-json\/wp\/v2\/categories?post=40796"},{"taxonomy":"post_tag","embeddable":true,"href":"https:\/\/www.tgrthaber.com\/mavikadin\/wp-json\/wp\/v2\/tags?post=40796"}],"curies":[{"name":"wp","href":"https:\/\/api.w.org\/{rel}","templated":true}]}}